{"id":35,"name":"CPT","url":"http:\/\/www.cptnacional.org.br\/","description":"A Comiss\u00e3o Pastoral da Terra (CPT) nasceu em junho de 1975, durante o Encontro de Pastoral da Amaz\u00f4nia, convocado pela Confer\u00eancia Nacional dos Bispos do Brasil (CNBB), e realizado em Goi\u00e2nia (GO). Inicialmente a CPT desenvolveu junto aos trabalhadores e trabalhadoras da terra um servi\u00e7o pastoral. Na defini\u00e7\u00e3o de Ivo Poletto, que foi o primeiro secret\u00e1rio da entidade, \"os verdadeiros pais e m\u00e3es da CPT s\u00e3o os pe\u00f5es, os posseiros, os \u00edndios, os migrantes, as mulheres e homens que lutam pela sua liberdade e dignidade numa terra livre da domina\u00e7\u00e3o da propriedade capitalista\". \r\n \r\nFundada em plena ditadura militar, como resposta \u00e0 grave situa\u00e7\u00e3o dos trabalhadores rurais, posseiros e pe\u00f5es, sobretudo na Amaz\u00f4nia, a CPT teve um importante papel. Ajudou a defender as pessoas da crueldade deste sistema de governo, que s\u00f3 fazia o jogo dos interesses capitalistas nacionais e transnacionais, e abriu caminhos para que ele fosse superado. Ela nasceu ligada \u00e0 Igreja Cat\u00f3lica porque a repress\u00e3o estava atingindo muitos agentes pastorais e lideran\u00e7as populares, e tamb\u00e9m, porque a igreja possu\u00eda uma certa influ\u00eancia pol\u00edtica e cultural. Na verdade, a institui\u00e7\u00e3o eclesi\u00e1stica n\u00e3o havia sido molestada.\r\n\r\n Miss\u00e3o da CPT\r\n \r\nConvocada pela mem\u00f3ria subversiva do evangelho da vida e da esperan\u00e7a, fiel ao Deus dos pobres, \u00e0 terra de Deus e aos pobres da terra, ouvindo o clamor que vem dos campos e florestas, seguindo a pr\u00e1tica de Jesus\r\n \r\nA CPT quer ser uma presen\u00e7a solid\u00e1ria, prof\u00e9tica, ecum\u00eanica,\r\nfraterna e afetiva, que presta um servi\u00e7o educativo e transformador\r\njunto aos povos da terra e das \u00e1guas,\r\n para estimular e refor\u00e7ar seu protagonismo.\r\n \r\nA CPT reafirma seu car\u00e1ter pastoral e retoma, com novo vigor, o trabalho de base junto aos povos da terra e das \u00e1guas, como conviv\u00eancia, promo\u00e7\u00e3o, apoio, acompanhamento e assessoria: \r\n\r\n1. nos seus processos coletivos:\r\nde conquista dos direitos e da terra, de resist\u00eancia na terra,\r\nde produ\u00e7\u00e3o sustent\u00e1vel (familiar, ecol\u00f3gica, apropriada \u00e0s diversidades regionais);     \r\n\r\n2. nos seus processos de forma\u00e7\u00e3o integral e permanente:\r\na partir das experi\u00eancias e no esfor\u00e7o de sistematiz\u00e1-las;\r\ncom forte acento nas motiva\u00e7\u00f5es e valores, na m\u00edstica e espiritualidade;\r\n \r\n3. na divulga\u00e7\u00e3o de suas vit\u00f3rias e no combate das injusti\u00e7as;\r\nsempre contribuindo para articular as iniciativas dos povos da terra e das \u00e1guas e buscando envolver toda a comunidade crist\u00e3 e a sociedade, na luta pela terra e na terra; no rumo da \u201cterra sem males\u201d.\r\n\r\nTexto elaborado, em novembro de 1998, por agentes que participam da CPT h\u00e1 mais de dez anos e revisto e aprovado durante o I Congresso da CPT, realizado em Bom Jesus da Lapa, em 2001.","link":"https:\/\/imediata.org\/?author=35","slug":"cpt","avatar_urls":{"24":"https:\/\/secure.gravatar.com\/avatar\/f630b3365d482ee2db44d31730f1ee7ebdc20d25edebe0727f8ef2539d6dcf2e?s=24&d=mm&r=g","48":"https:\/\/secure.gravatar.com\/avatar\/f630b3365d482ee2db44d31730f1ee7ebdc20d25edebe0727f8ef2539d6dcf2e?s=48&d=mm&r=g","96":"https:\/\/secure.gravatar.com\/avatar\/f630b3365d482ee2db44d31730f1ee7ebdc20d25edebe0727f8ef2539d6dcf2e?s=96&d=mm&r=g"},"meta":[],"_links":{"self":[{"href":"https:\/\/imediata.org\/index.php?rest_route=\/wp\/v2\/users\/35","targetHints":{"allow":["GET"]}}],"collection":[{"href":"https:\/\/imediata.org\/index.php?rest_route=\/wp\/v2\/users"}]}}