{"id":17,"name":"Emir Sader","url":"http:\/\/www.cartamaior.com.br\/templates\/blogMostrar.cfm?blog_id=1&#38;alterarHomeAtual=1","description":"Possui Gradua\u00e7\u00e3o em Filosofia pela Universidade de S\u00e3o Paulo (1965), P\u00f3s-gradua\u00e7\u00e3o em Filosofia pela Universidade de S\u00e3o Paulo (1967), Mestrado em Filosofia pela Universidade de S\u00e3o Paulo (1968) e Doutorado em Ci\u00eancia Pol\u00edtica pela Universidade de S\u00e3o Paulo (1990). Atualmente \u00e9 professor doutor da Universidade do Estado do Rio de Janeiro, coordenador do Laborat\u00f3rio de Pol\u00edticas P\u00fablicas e Secret\u00e1rio Executivo do Consejo Latinoamericano de Ciencias Sociales. Tem experi\u00eancia na \u00e1rea de Ci\u00eancia Pol\u00edtica, com \u00eanfase em Estado e Governo, atuando principalmente nos seguintes temas: Lula, Am\u00e9rica Latina, Brasil e Pol\u00edtica.","link":"https:\/\/imediata.org\/?author=17","slug":"emir-sader","avatar_urls":{"24":"https:\/\/secure.gravatar.com\/avatar\/1d853fc5aad676e00af63411aaf6641fc03d8de3367e2da0b2460b914997cd97?s=24&d=mm&r=g","48":"https:\/\/secure.gravatar.com\/avatar\/1d853fc5aad676e00af63411aaf6641fc03d8de3367e2da0b2460b914997cd97?s=48&d=mm&r=g","96":"https:\/\/secure.gravatar.com\/avatar\/1d853fc5aad676e00af63411aaf6641fc03d8de3367e2da0b2460b914997cd97?s=96&d=mm&r=g"},"meta":[],"_links":{"self":[{"href":"https:\/\/imediata.org\/index.php?rest_route=\/wp\/v2\/users\/17","targetHints":{"allow":["GET"]}}],"collection":[{"href":"https:\/\/imediata.org\/index.php?rest_route=\/wp\/v2\/users"}]}}