{"id":3080,"count":1,"description":"","link":"https:\/\/imediata.org\/?tag=assombracoes-no-palacio-da-alvorada","name":"assombra\u00e7\u00f5es no Pal\u00e1cio da Alvorada","slug":"assombracoes-no-palacio-da-alvorada","taxonomy":"post_tag","meta":[],"_links":{"self":[{"href":"https:\/\/imediata.org\/index.php?rest_route=\/wp\/v2\/tags\/3080","targetHints":{"allow":["GET"]}}],"collection":[{"href":"https:\/\/imediata.org\/index.php?rest_route=\/wp\/v2\/tags"}],"about":[{"href":"https:\/\/imediata.org\/index.php?rest_route=\/wp\/v2\/taxonomies\/post_tag"}],"wp:post_type":[{"href":"https:\/\/imediata.org\/index.php?rest_route=%2Fwp%2Fv2%2Fposts&tags=3080"}],"curies":[{"name":"wp","href":"https:\/\/api.w.org\/{rel}","templated":true}]}}