{"id":2448,"count":1,"description":"","link":"https:\/\/imediata.org\/?tag=privatizacao-dos-espacos-publicos","name":"privatiza\u00e7\u00e3o dos espa\u00e7os p\u00fablicos","slug":"privatizacao-dos-espacos-publicos","taxonomy":"post_tag","meta":[],"_links":{"self":[{"href":"https:\/\/imediata.org\/index.php?rest_route=\/wp\/v2\/tags\/2448","targetHints":{"allow":["GET"]}}],"collection":[{"href":"https:\/\/imediata.org\/index.php?rest_route=\/wp\/v2\/tags"}],"about":[{"href":"https:\/\/imediata.org\/index.php?rest_route=\/wp\/v2\/taxonomies\/post_tag"}],"wp:post_type":[{"href":"https:\/\/imediata.org\/index.php?rest_route=%2Fwp%2Fv2%2Fposts&tags=2448"}],"curies":[{"name":"wp","href":"https:\/\/api.w.org\/{rel}","templated":true}]}}