{"id":1980,"count":1,"description":"","link":"https:\/\/imediata.org\/?tag=a-revolucao-nao-sera-televisionada","name":"A revolu\u00e7\u00e3o n\u00e3o ser\u00e1 televisionada","slug":"a-revolucao-nao-sera-televisionada","taxonomy":"post_tag","meta":[],"_links":{"self":[{"href":"https:\/\/imediata.org\/index.php?rest_route=\/wp\/v2\/tags\/1980","targetHints":{"allow":["GET"]}}],"collection":[{"href":"https:\/\/imediata.org\/index.php?rest_route=\/wp\/v2\/tags"}],"about":[{"href":"https:\/\/imediata.org\/index.php?rest_route=\/wp\/v2\/taxonomies\/post_tag"}],"wp:post_type":[{"href":"https:\/\/imediata.org\/index.php?rest_route=%2Fwp%2Fv2%2Fposts&tags=1980"}],"curies":[{"name":"wp","href":"https:\/\/api.w.org\/{rel}","templated":true}]}}