{"id":953,"date":"2012-01-03T03:07:08","date_gmt":"2012-01-03T03:07:08","guid":{"rendered":"http:\/\/imediata.org\/?p=953"},"modified":"2017-07-10T21:49:02","modified_gmt":"2017-07-10T21:49:02","slug":"amores-insolitos-6-%e2%80%93-por-um-multiculturalismo-sem-filtros","status":"publish","type":"post","link":"https:\/\/imediata.org\/?p=953","title":{"rendered":">> AMORES INS\u00d3LITOS 6 \u2013 Por um multiculturalismo sem filtros"},"content":{"rendered":"<p><strong>AMORES INS\u00d3LITOS 6 \u2013 Por um multiculturalismo sem filtros<\/strong><br \/>\n<\/br><br \/>\n<strong>Por: Mario S. Mieli<br \/>\nMensagem original de 24 de outubro de 2011 postada em 3 de janeiro de 2012<\/strong><br \/>\n<\/br><br \/>\n<a href=\"http:\/\/imediata.org\/wp-content\/uploads\/2012\/01\/lupa_di_Roma.jpeg\"><img loading=\"lazy\" decoding=\"async\" src=\"http:\/\/imediata.org\/wp-content\/uploads\/2012\/01\/lupa_di_Roma.jpeg\" alt=\"\" title=\"lupa_di_Roma\" width=\"240\" height=\"180\" class=\"aligncenter size-full wp-image-954\" \/><\/a><br \/>\n<\/br><br \/>\n<a href=\"http:\/\/imediata.org\/wp-content\/uploads\/2012\/01\/11049844.jpeg\"><img loading=\"lazy\" decoding=\"async\" src=\"http:\/\/imediata.org\/wp-content\/uploads\/2012\/01\/11049844.jpeg\" alt=\"\" title=\"11049844\" width=\"550\" height=\"598\" class=\"aligncenter size-full wp-image-955\" srcset=\"https:\/\/imediata.org\/wp-content\/uploads\/2012\/01\/11049844.jpeg 550w, https:\/\/imediata.org\/wp-content\/uploads\/2012\/01\/11049844-275x300.jpg 275w\" sizes=\"auto, (max-width: 550px) 100vw, 550px\" \/><\/a><br \/>\n&#8220;\u00cdndia amamenta filhote de porco do mato&#8221;, de Pisco Del Gaiso. Foto flagrou \u00edndia da tribo Guaj\u00e1s, no Maranh\u00e3o, amamentando filhote de porco do mato criado na aldeia.<br \/>\n<\/br><br \/>\n<strong>Faz alguns anos, encontrava-me dirigindo dois departamentos diferentes de uma ag\u00eancia de comunica\u00e7\u00f5es de Nova York: o Departamento de Italiano e o Departamento de Portugu\u00eas.<br \/>\n<\/br><br \/>\nCerto dia, n\u00f3s diretores fomos insistentemente \u2018solicitados\u2019 pela chefia suprema de expor, em nossos respectivos departamentos, s\u00edmbolos \u2018t\u00edpicos\u2019 das culturas cujos idiomas represent\u00e1vamos.<br \/>\n <\/br><br \/>\nO \u2018Chairman of the Bored\u2019, naturalmente, tinha em mente que coloc\u00e1ssemos em display uma bandeirinha do pa\u00eds\/cultura que represent\u00e1vamos ou, quando muito, algo como a Torre Eiffel para a Fran\u00e7a, ou um cartaz do Oktoberfest para a Alemanha.<br \/>\n <\/br><br \/>\nEu, como diretor bi-departamental, pensei em s\u00edmbolos emocionalmente mais significativos, contundentes e radicais (de \u201craiz\u201d). Precisavam ser complementares entre si, para dar uma certa unidade \u00e0 bipolaridade \u00edtalo-portuguesa-brasileira departamental.<br \/>\n <\/br><br \/>\nImediatamente produzi para a It\u00e1lia a Loba, s\u00edmbolo de Roma, amamentando R\u00f4mulo e Remo.<br \/>\nO Brasil (como pa\u00eds de maior popula\u00e7\u00e3o de l\u00edngua portuguesa) me forneceria uma inesquec\u00edvel imagem de uma indiazinha amamentando um porquinho do mato. Era uma foto de Pisco del Gaiso que chegou a ganhar v\u00e1rios pr\u00eamios internacionais.<br \/>\n Tratava-se do cuidado e amor que existe entre as esp\u00e9cies, inclusive a esp\u00e9cie humana, nas sociedades mais integradas com a natureza.<br \/>\n <\/br><br \/>\nOs clientes e publicit\u00e1rios que visitavam a ag\u00eancia sobrevoavam todos os departamentos, mas paravam mesmo no sui generis Departamento de Italiano e Portugu\u00eas. Contemplavam as imagens que estavam dispostas lado a lado, e me olhavam com um misto de admira\u00e7\u00e3o exagerada e desd\u00e9m de superioridade moral. N\u00e3o preciso dizer que quase ningu\u00e9m parecia saber que a Loba era o s\u00edmbolo de Roma e de toda a cultura latina e que a foto da \u00cdndia brasileira fotografada tinha merecido tantos pr\u00eamios por ressaltar a interconex\u00e3o com as outras esp\u00e9cies e a natureza como um todo.<br \/>\n<\/br><br \/>\nPoucos dias depois, os diretores dos demais departamentos se reuniram com o CEO para exigir que eu removesse as imagens do bi-departamento, acusando-me de apelar para a pornografia e a bestialidade.<br \/>\n <\/br><br \/>\nConcordei em remov\u00ea-las, mas com a condi\u00e7\u00e3o de que seria preciso realizar um ritual para pedir perd\u00e3o a esses s\u00edmbolos cujas culturas representavam. Levei um vinho e uma cacha\u00e7a e s\u00f3 os funcion\u00e1rios do bi-departamento foram convidados a uma happy-hour diferente: a cerim\u00f4nia de remo\u00e7\u00e3o dos s\u00edmbolos. Invoquei Exu, a Pomba-Gira, P\u00e3 e Afrodite. Preparei um breve discurso pedindo perd\u00e3o \u00e0 Loba, \u00e0 \u00cdndia Aw\u00e1-Guaj\u00e1 e a Pisco. Repeti dez vezes, em todas as l\u00ednguas que conhe\u00e7o, que aquele espa\u00e7o corporativo n\u00e3o merecia hospedar imagens t\u00e3o culturalmente sagradas e de raiz.<br \/>\n <\/br><br \/>\nN\u00f3s todos, italianos, brasileiros, portugueses, angolanos e caboverdianos manifestamos nossa unidade com um bom vinho italiano (bebido sobretudo pelos de l\u00edngua portuguesa) e cacha\u00e7a da boa em caipirinha (bebida sobretudo pelos italianos). Expressamos nossa gratid\u00e3o a Dion\u00edsio, por termos nascido na gra\u00e7a de culturas t\u00e3o pag\u00e3s-na-mente raiz, e n\u00e3o na hipocrisia de culturas t\u00e3o puritanamente corporativas.<br \/>\n <\/br><br \/>\nOs copos de pl\u00e1stico usados e ainda manchados pelo \u00e1lcool, empilhados um dentro do outro, viraram colunas. E se tornaram os novos s\u00edmbolos do departamento &#8211; dissemos que se tratava de c\u00e1lices ritual\u00edsticos, simbolizando a Torre de Pisa (e a Pra\u00e7a dos Milagres) e  o futurismo de Bras\u00edlia. T\u00ednhamos pensado no Cristo Redentor, mas este, por ser s\u00edmbolo religioso, teria sido \u2018banido\u2019 pelo pretensamente laico Chairman of the Bored.<br \/>\n <\/br><br \/>\nAs fotos da Loba e da \u00cdndia Aw\u00e1-Guaj\u00e1 que estavam no display est\u00e3o muito bem, s\u00e3s e salvas, muito obrigado\u2026 E retornam aqui para espalhar seu Ax\u00e9 nesta s\u00e9rie de amores ins\u00f3litos, mas nem por isso menos intensos&#8230;<\/strong><br \/>\n<\/br><br \/>\n<strong>La Lupa, simbolo di Roma, al museo Campidoglio<\/strong><br \/>\n<iframe loading=\"lazy\" title=\"La Lupa, simbolo di Roma, al museo Campidoglio\" width=\"640\" height=\"480\" src=\"https:\/\/www.youtube.com\/embed\/CtHlq0bUpno?feature=oembed\" frameborder=\"0\" allow=\"accelerometer; autoplay; clipboard-write; encrypted-media; gyroscope; picture-in-picture; web-share\" referrerpolicy=\"strict-origin-when-cross-origin\" allowfullscreen><\/iframe><br \/>\n<\/br><br \/>\n<strong>Capitolini: Sala Della Lupa<\/strong><br \/>\n<iframe loading=\"lazy\" title=\"Musei Capitolini - Sala della Lupa\" width=\"640\" height=\"360\" src=\"https:\/\/www.youtube.com\/embed\/Ro1wP8Ck_HI?feature=oembed\" frameborder=\"0\" allow=\"accelerometer; autoplay; clipboard-write; encrypted-media; gyroscope; picture-in-picture; web-share\" referrerpolicy=\"strict-origin-when-cross-origin\" allowfullscreen><\/iframe><br \/>\n<\/br><br \/>\n<iframe loading=\"lazy\" width=\"560\" height=\"315\" src=\"https:\/\/www.youtube.com\/embed\/ie4ecpI-vfI\" frameborder=\"0\" allowfullscreen><\/iframe><br \/>\n<\/br><br \/>\n<a href=\"http:\/\/imediata.org\/wp-content\/uploads\/2012\/01\/600-Congresso.jpg\"><img loading=\"lazy\" decoding=\"async\" src=\"http:\/\/imediata.org\/wp-content\/uploads\/2012\/01\/600-Congresso.jpg\" alt=\"\" title=\"600--Congresso\" width=\"600\" height=\"378\" class=\"aligncenter size-full wp-image-956\" srcset=\"https:\/\/imediata.org\/wp-content\/uploads\/2012\/01\/600-Congresso.jpg 600w, https:\/\/imediata.org\/wp-content\/uploads\/2012\/01\/600-Congresso-300x189.jpg 300w\" sizes=\"auto, (max-width: 600px) 100vw, 600px\" \/><\/a><br \/>\n<\/br><br \/>\n<a href=\"http:\/\/imediata.org\/wp-content\/uploads\/2012\/01\/TorrePisa.jpg\"><img loading=\"lazy\" decoding=\"async\" src=\"http:\/\/imediata.org\/wp-content\/uploads\/2012\/01\/TorrePisa.jpg\" alt=\"\" title=\"TorrePisa\" width=\"500\" height=\"750\" class=\"aligncenter size-full wp-image-957\" srcset=\"https:\/\/imediata.org\/wp-content\/uploads\/2012\/01\/TorrePisa.jpg 500w, https:\/\/imediata.org\/wp-content\/uploads\/2012\/01\/TorrePisa-200x300.jpg 200w\" sizes=\"auto, (max-width: 500px) 100vw, 500px\" \/><\/a><br \/>\n<\/br><\/p>\n","protected":false},"excerpt":{"rendered":"<p>AMORES INS\u00d3LITOS 6 \u2013 Por um multiculturalismo sem filtros Por: Mario S. Mieli Mensagem original de 24 de outubro de 2011 postada em 3 de janeiro de 2012 &#8220;\u00cdndia amamenta filhote de porco do mato&#8221;, de Pisco Del Gaiso. Foto flagrou \u00edndia da tribo Guaj\u00e1s, no Maranh\u00e3o, amamentando filhote de porco do mato criado na [&hellip;]<\/p>\n","protected":false},"author":1,"featured_media":0,"comment_status":"open","ping_status":"open","sticky":false,"template":"","format":"standard","meta":{"footnotes":""},"categories":[98],"tags":[342,338,95,340,339,341,337],"class_list":["post-953","post","type-post","status-publish","format-standard","hentry","category-amores-insolitos-6","tag-brasilia","tag-loba-de-roma","tag-mario-s-mieli","tag-multiculturalismo","tag-pisco-del-gaiso","tag-torre-de-pisa","tag-tribo-awa-guaja"],"_links":{"self":[{"href":"https:\/\/imediata.org\/index.php?rest_route=\/wp\/v2\/posts\/953","targetHints":{"allow":["GET"]}}],"collection":[{"href":"https:\/\/imediata.org\/index.php?rest_route=\/wp\/v2\/posts"}],"about":[{"href":"https:\/\/imediata.org\/index.php?rest_route=\/wp\/v2\/types\/post"}],"author":[{"embeddable":true,"href":"https:\/\/imediata.org\/index.php?rest_route=\/wp\/v2\/users\/1"}],"replies":[{"embeddable":true,"href":"https:\/\/imediata.org\/index.php?rest_route=%2Fwp%2Fv2%2Fcomments&post=953"}],"version-history":[{"count":9,"href":"https:\/\/imediata.org\/index.php?rest_route=\/wp\/v2\/posts\/953\/revisions"}],"predecessor-version":[{"id":5504,"href":"https:\/\/imediata.org\/index.php?rest_route=\/wp\/v2\/posts\/953\/revisions\/5504"}],"wp:attachment":[{"href":"https:\/\/imediata.org\/index.php?rest_route=%2Fwp%2Fv2%2Fmedia&parent=953"}],"wp:term":[{"taxonomy":"category","embeddable":true,"href":"https:\/\/imediata.org\/index.php?rest_route=%2Fwp%2Fv2%2Fcategories&post=953"},{"taxonomy":"post_tag","embeddable":true,"href":"https:\/\/imediata.org\/index.php?rest_route=%2Fwp%2Fv2%2Ftags&post=953"}],"curies":[{"name":"wp","href":"https:\/\/api.w.org\/{rel}","templated":true}]}}