{"id":94,"date":"2010-01-22T12:26:45","date_gmt":"2010-01-22T12:26:45","guid":{"rendered":"http:\/\/imediata.org\/?p=94"},"modified":"2010-01-22T12:26:45","modified_gmt":"2010-01-22T12:26:45","slug":"o-berlusconi-chileno-por-emir-sader","status":"publish","type":"post","link":"https:\/\/imediata.org\/?p=94","title":{"rendered":">>O Berlusconi chileno, por Emir Sader"},"content":{"rendered":"<p><img decoding=\"async\" src=\"http:\/\/imediata.org\/wp-content\/imagens\/logos\/logolance.jpg\" alt=\"null\" \/><br \/>\n<strong>Fonte: Blog do Emir, Postado por Emir Sader em 18\/01\/10 \u00e0s 10:54<br \/>\n<a href=\"http:\/\/www.cartamaior.com.br\/templates\/postMostrar.cfm?blog_id=1&#038;post_id=402\">http:\/\/www.cartamaior.com.br\/templates\/postMostrar.cfm?blog_id=1&#038;post_id=402<\/a><\/strong><\/p>\n<p>De tanto considerar-se um pa\u00eds da OCDE, distanciado da Am\u00e9rica Latina, o \u201ctigre latinoamericano\u201d, o Chile ganhou um Berlusconi. Esse \u00e9 o molde de Sebastien Pi\u00f1era, rec\u00e9m eleito presidente do Chile, fazendo com que a direita volte ao governo \u2013 depois de ter ocupado violentamente o poder, mediante uma ditadura militar, de 1973 a 1990.<\/p>\n<p>Depois dos ditadores militares que representaram os interesses da direita e dos EUA na regi\u00e3o, o neoliberalismo projetou um outro tipo de l\u00edder da direita: o empres\u00e1rio supostamente bem sucedido. Roberto Campos, entre outros, j\u00e1 dizia que o Estado e as empresas estatais deveriam funcionar com o mesmo crit\u00e9rio das privadas: a busca do lucro, o crit\u00e9rio custo-beneficio, a competitividade. Empresas estatais deficit\u00e1rias deveriam ser fechadas ou privatizadas \u2013 junto com as rent\u00e1veis tamb\u00e9m, j\u00e1 que n\u00e3o competiria ao Estado essa fun\u00e7\u00e3o.<\/p>\n<p>Berlusconi foi eleito e reeleito, entre outras imagens, por essa: o empres\u00e1rio mais rico, o supostamente mais bem sucedido, da It\u00e1lia. \u201cSe deu certo dirigindo suas empresas, vai dar certo no Estado\u201d \u2013 conforme a prega\u00e7\u00e3o liberal. \u201cVai passar o Estado a limpo\u201d, \u201cVai cortar os gastos in\u00fateis\u201d (isto \u00e9, os n\u00e3o rent\u00e1veis economicamente). O Estado funcionar conforme o custo-beneficio significa cortar recursos para pol\u00edticas sociais, paga sal\u00e1rios dos fucionrios p\u00fablicos, para investimentos de infra-estrutura. Da\u00ed o sucateamento do Estado, as privatiza\u00e7\u00f5es, a mercantiliza\u00e7\u00e3o das rela\u00e7\u00f5es sociais.<\/p>\n<p>O empres\u00e1rio de sucesso no mercado seria o melhor agente para \u201cpassar a limpo\u201d o Estado, fazer o tal \u201cchoque de gest\u00e3o\u201d \u2013 que os tucanos adoram. Aqui mesmo eles j\u00e1 apoiaram Antonio Ermirio de Morais, contra seu atual aliado, Orestes Quercia, para o governo de S\u00e3o Paulo.<\/p>\n<p>No Chile, Jos\u00e9 Pi\u00f1era, irm\u00e3o e s\u00f3cio do eleito presidente do Chile, foi o introdutor das malditas \u201creformas laborais\u201d, um dois eixos do neoliberalismo, com seu suposto fundamental: gastar menos com remunera\u00e7\u00e3o salarial e elevar a superexplora\u00e7\u00e3o do trabalho, como outras forma de transfer\u00eancia de recursos para os grandes empres\u00e1rios.<\/p>\n<p>O Grupo Pi\u00f1era ficou conhecido no Chile como dos que mais fez pela introdu\u00e7\u00e3o do cart\u00e3o de cr\u00e9dito no Chile, por\u00e9m o grosso dos seus esfor\u00e7os esteve concentrada na expans\u00e3o da Lan Chile, com a cria\u00e7\u00e3o de Lan Per\u00fa e a compra de outras empresas latinomericanas de avia\u00e7\u00e3o. Para se assemelhar mais ainda a Berlusconi, ainda que n\u00e3o seja torcedor do Colo-Colo, comprou o clube, como quem compra uma f\u00e1bricas de empanadas.<\/p>\n<p>Pi\u00f1era n\u00e3o esconde suas afinidades com o presidente colombiano, Uribe, com quem tratar\u00e1 de fazer dobradinha, tentando isolar a Equador e a Bol\u00edvia na regi\u00e3o andina e se apresentar, junto com o Peru, como um p\u00f3lo ortodoxo neoliberal, intensificando as rela\u00e7\u00f5es de livre com\u00e9rcio com os EUA. Mal sabe ele que os tempos de auge do neoliberalismo j\u00e1 ficaram para tr\u00e1s, que aventurar-se por esse caminho \u00e9 deixar a economia chilena ainda mais fragilizada diante dos continuados efeitos da crise internacional, ainda para um pais que tem um TLC com os EUA \u2013 eixo dessa crise.<\/p>\n<p>A derrota \u00e9 muito dolorosa para o povo chileno. Mesmo se n\u00e3o coloc\u00e1ssemos os governos da Concerta\u00e7\u00e3o no bloco progressista na regi\u00e3o \u2013 porque privilegiaram o Tratado de Livre Com\u00e9rcio com os EUA, mantiveram uma pol\u00edtica econ\u00f4mica ortodoxo -, toda a esquerda sai derrotada. Porque, apesar das debilidades dos governos da Concerta\u00e7\u00e3o \u2013 refletido agora no voto majorit\u00e1rio da direita, que incorpora amplos setores populares -, a esquerda n\u00e3o soube construir, nas duas d\u00e9cadas de democratiza\u00e7\u00e3o, uma alternativa antineoliberal no Chile. O povo chileno pagar\u00e1 caro esse erro da esquerda, que agora tem, pelo menos, a possibilidade de colocar em quest\u00e3o o modelo herdado do pinochetismo.<\/p>\n<p>Os momentos de balan\u00e7o de derrotas como essa se prestam para as divis\u00f5es, para os oportunismos, para os radicalismos verbais. A esquerda chilena pode olhar para a Am\u00e9rica Latina para ver distintas express\u00f5es de governos populares e de blocos sociais e pol\u00edticos que levam a cabo esses governos, como refer\u00eancia, para que o Chile volte a assumir seu lugar no processo de integra\u00e7\u00e3o regional e de constru\u00e7\u00e3o de alternativas efetivamente de esquerda, nas terras de Allende, Neruda e Miguel Enriquez. <\/p>\n","protected":false},"excerpt":{"rendered":"<p>Fonte: Blog do Emir, Postado por Emir Sader em 18\/01\/10 \u00e0s 10:54 http:\/\/www.cartamaior.com.br\/templates\/postMostrar.cfm?blog_id=1&#038;post_id=402 De tanto considerar-se um pa\u00eds da OCDE, distanciado da Am\u00e9rica Latina, o \u201ctigre latinoamericano\u201d, o Chile ganhou um Berlusconi. Esse \u00e9 o molde de Sebastien Pi\u00f1era, rec\u00e9m eleito presidente do Chile, fazendo com que a direita volte ao governo \u2013 depois de [&hellip;]<\/p>\n","protected":false},"author":17,"featured_media":0,"comment_status":"open","ping_status":"open","sticky":false,"template":"","format":"standard","meta":{"footnotes":""},"categories":[9],"tags":[],"class_list":["post-94","post","type-post","status-publish","format-standard","hentry","category-lance-de-dados"],"_links":{"self":[{"href":"https:\/\/imediata.org\/index.php?rest_route=\/wp\/v2\/posts\/94","targetHints":{"allow":["GET"]}}],"collection":[{"href":"https:\/\/imediata.org\/index.php?rest_route=\/wp\/v2\/posts"}],"about":[{"href":"https:\/\/imediata.org\/index.php?rest_route=\/wp\/v2\/types\/post"}],"author":[{"embeddable":true,"href":"https:\/\/imediata.org\/index.php?rest_route=\/wp\/v2\/users\/17"}],"replies":[{"embeddable":true,"href":"https:\/\/imediata.org\/index.php?rest_route=%2Fwp%2Fv2%2Fcomments&post=94"}],"version-history":[{"count":0,"href":"https:\/\/imediata.org\/index.php?rest_route=\/wp\/v2\/posts\/94\/revisions"}],"wp:attachment":[{"href":"https:\/\/imediata.org\/index.php?rest_route=%2Fwp%2Fv2%2Fmedia&parent=94"}],"wp:term":[{"taxonomy":"category","embeddable":true,"href":"https:\/\/imediata.org\/index.php?rest_route=%2Fwp%2Fv2%2Fcategories&post=94"},{"taxonomy":"post_tag","embeddable":true,"href":"https:\/\/imediata.org\/index.php?rest_route=%2Fwp%2Fv2%2Ftags&post=94"}],"curies":[{"name":"wp","href":"https:\/\/api.w.org\/{rel}","templated":true}]}}