{"id":939,"date":"2011-12-30T10:51:05","date_gmt":"2011-12-30T10:51:05","guid":{"rendered":"http:\/\/imediata.org\/?p=939"},"modified":"2011-12-30T10:52:53","modified_gmt":"2011-12-30T10:52:53","slug":"cinco-minutos-sobre-as-redes-de-controle-social","status":"publish","type":"post","link":"https:\/\/imediata.org\/?p=939","title":{"rendered":">> Cinco minutos X 2 sobre as redes de (controle) social"},"content":{"rendered":"<p><strong>>> Cinco minutos sobre as redes de (controle) social<\/strong><br \/>\n<\/br><br \/>\n<strong>Estudante processa Facebook<\/strong><br \/>\n<iframe loading=\"lazy\" title=\"Estudante processa Facebook\" width=\"640\" height=\"360\" src=\"https:\/\/www.youtube.com\/embed\/ObbiBeXevkE?feature=oembed\" frameborder=\"0\" allow=\"accelerometer; autoplay; clipboard-write; encrypted-media; gyroscope; picture-in-picture; web-share\" referrerpolicy=\"strict-origin-when-cross-origin\" allowfullscreen><\/iframe><\/p>\n<p><\/br><br \/>\no estudante de direito em Viena, Max Schrems, iniciou um processo contra o Facebook, a maior rede social do mundo criada por Mark Zuckerberg. Ap\u00f3s muitas dificuldades, o estudante de direito conseguiu um CD com toda a informa\u00e7\u00e3o coletada durante os tr\u00eas anos em que fez parte desta rede. Quando impresso, o conte\u00fado do CD formava uma pilha de 1.200 p\u00e1ginas. Todo o material &#8211; hist\u00f3rico de chats, cutucadas, pedidos de amizade, posi\u00e7\u00e3o religiosa, etc. &#8211; era classificado em 57 categorias que possibilitam facilmente a minera\u00e7\u00e3o de dados, descobrindo qualquer informa\u00e7\u00e3o que se deseja; seja da vida pessoal, profissional, religiosa ou pol\u00edtica. Al\u00e9m desse material, mesmo as mensagens, fotos e outros arquivos que ele havia deletado continuavam armazenados nos servidores do Facebook. Quando questionado sobre isto, o Facebook afirmou que apenas &#8220;removia da p\u00e1gina&#8221; e n\u00e3o &#8220;deletava&#8221;. Isso significa que, quando uma informa\u00e7\u00e3o \u00e9 publicada no Facebook, ela jamais \u00e9 exclu\u00edda. Ap\u00f3s descobrir que o Facebook possui servidores na Irlanda, entre agosto e setembro de 2011, Schrems abriu 22 queixas contra a rede social no Irish Data Protection Commissioner, um \u00f3rg\u00e3o deste pa\u00eds. Para acompanhar o caso, o estudante de direito criou o site &#8220;Europe versus Facebook&#8221;[<a href=\"http:\/\/europe-v-facebook.org\/EN\/en.html\">http:\/\/europe-v-facebook.org\/EN\/en.html<\/a>].<br \/>\n<\/br><br \/>\nthe law student in Vienna, Max Schrems, filed a lawsuit against Facebook, the world&#8217;s largest social network created by Mark Zuckerberg. After many difficulties, the law student got a CD with all the information collected during the three years he was part of this network. When printed, the CD formed a stack of 1,200 pages. All material &#8211; chat history, pokes, friend requests, religious position, etc.. &#8211; Were classified into 57 categories that enable easy data mining, finding any information you want, life is personal, professional, political or religious. In addition to this material, even the messages, pictures and other files it had deleted were still stored on Facebook servers. When asked about it, Facebook said that only &#8220;page removed&#8221; and not &#8220;delete&#8221;. This means that when information is published on Facebook, it is never deleted. After discovering that Facebook has servers in Ireland, between August and September 2011, Schrems opened 22 complaints against the social network in Irish Data Protection Commissioner, an organ of this country. To follow the case, the law student created the site &#8220;Europe vs. Facebook&#8221; [<a href=\"http:\/\/europe-v-facebook.org\/EN\/en.html\">http:\/\/europe-v-facebook.org\/EN\/en.html<\/a>].<br \/>\n<\/br><br \/>\n<strong>Voc\u00ea precisa sair do Facebook<\/strong><br \/>\n<iframe loading=\"lazy\" title=\"Voc\u00ea precisa sair do Facebook\" width=\"640\" height=\"360\" src=\"https:\/\/www.youtube.com\/embed\/5AyfZFfLel0?feature=oembed\" frameborder=\"0\" allow=\"accelerometer; autoplay; clipboard-write; encrypted-media; gyroscope; picture-in-picture; web-share\" referrerpolicy=\"strict-origin-when-cross-origin\" allowfullscreen><\/iframe><\/p>\n","protected":false},"excerpt":{"rendered":"<p>>> Cinco minutos sobre as redes de (controle) social Estudante processa Facebook o estudante de direito em Viena, Max Schrems, iniciou um processo contra o Facebook, a maior rede social do mundo criada por Mark Zuckerberg. Ap\u00f3s muitas dificuldades, o estudante de direito conseguiu um CD com toda a informa\u00e7\u00e3o coletada durante os tr\u00eas anos [&hellip;]<\/p>\n","protected":false},"author":1,"featured_media":0,"comment_status":"open","ping_status":"open","sticky":false,"template":"","format":"standard","meta":{"footnotes":""},"categories":[212,81,9],"tags":[334,336,335,333,332],"class_list":["post-939","post","type-post","status-publish","format-standard","hentry","category-cinco-minutos","category-imediartivismo","category-lance-de-dados","tag-facebook","tag-mark-zuckerberg","tag-max-schrems","tag-redes-de-controle-social","tag-redes-sociais"],"_links":{"self":[{"href":"https:\/\/imediata.org\/index.php?rest_route=\/wp\/v2\/posts\/939","targetHints":{"allow":["GET"]}}],"collection":[{"href":"https:\/\/imediata.org\/index.php?rest_route=\/wp\/v2\/posts"}],"about":[{"href":"https:\/\/imediata.org\/index.php?rest_route=\/wp\/v2\/types\/post"}],"author":[{"embeddable":true,"href":"https:\/\/imediata.org\/index.php?rest_route=\/wp\/v2\/users\/1"}],"replies":[{"embeddable":true,"href":"https:\/\/imediata.org\/index.php?rest_route=%2Fwp%2Fv2%2Fcomments&post=939"}],"version-history":[{"count":2,"href":"https:\/\/imediata.org\/index.php?rest_route=\/wp\/v2\/posts\/939\/revisions"}],"predecessor-version":[{"id":941,"href":"https:\/\/imediata.org\/index.php?rest_route=\/wp\/v2\/posts\/939\/revisions\/941"}],"wp:attachment":[{"href":"https:\/\/imediata.org\/index.php?rest_route=%2Fwp%2Fv2%2Fmedia&parent=939"}],"wp:term":[{"taxonomy":"category","embeddable":true,"href":"https:\/\/imediata.org\/index.php?rest_route=%2Fwp%2Fv2%2Fcategories&post=939"},{"taxonomy":"post_tag","embeddable":true,"href":"https:\/\/imediata.org\/index.php?rest_route=%2Fwp%2Fv2%2Ftags&post=939"}],"curies":[{"name":"wp","href":"https:\/\/api.w.org\/{rel}","templated":true}]}}