{"id":933,"date":"2011-12-28T11:03:53","date_gmt":"2011-12-28T11:03:53","guid":{"rendered":"http:\/\/imediata.org\/?p=933"},"modified":"2011-12-28T11:18:02","modified_gmt":"2011-12-28T11:18:02","slug":"cinco-minutos-em-aguas-altas-uma-aldeia-metafora-do-mundo-contra-uma-multinaciomal","status":"publish","type":"post","link":"https:\/\/imediata.org\/?p=933","title":{"rendered":">> Cinco minutos em \u00c1guas Altas, uma aldeia-met\u00e1fora do mundo contra uma multinacioMal"},"content":{"rendered":"<p><strong>Cinco minutos em \u00c1guas Altas \u2013 a luta de uma aldeia-met\u00e1fora do mundo contra uma multinacioMAL<\/strong><br \/>\n<\/br><br \/>\n<a href=\"http:\/\/imediata.org\/wp-content\/uploads\/2011\/12\/1324469971291_aguasaltaspuntocom_02.jpg\"><img loading=\"lazy\" decoding=\"async\" src=\"http:\/\/imediata.org\/wp-content\/uploads\/2011\/12\/1324469971291_aguasaltaspuntocom_02.jpg\" alt=\"\" title=\"1324469971291_aguasaltaspuntocom_02\" width=\"600\" height=\"400\" class=\"aligncenter size-full wp-image-934\" srcset=\"https:\/\/imediata.org\/wp-content\/uploads\/2011\/12\/1324469971291_aguasaltaspuntocom_02.jpg 600w, https:\/\/imediata.org\/wp-content\/uploads\/2011\/12\/1324469971291_aguasaltaspuntocom_02-300x200.jpg 300w\" sizes=\"auto, (max-width: 600px) 100vw, 600px\" \/><\/a><br \/>\n<\/br><br \/>\n\u00c1guas Altas, pequena aldeia portuguesa, orgulha-se de entrar no mapa do mundo com seu pr\u00f3prio site. Mas uma multinacioMAL sediada em Madri registrou o mesmo dom\u00ednio do site da aldeia, para o lan\u00e7amento de uma nova \u00e1gua mineral e exige o pagamento de 500.000 euros da aldeia, a t\u00edtulo de repara\u00e7\u00e3o de danos, caso contr\u00e1rio o site ter\u00e1 que ser fechado.<br \/>\n<\/br><br \/>\nA luta se transforma em m\u00eddia-circo e os habitantes do vilarejo ter\u00e3o que defender o site em nome da aldeia toda. Embora, na realidade, nem todos os habitantes saibam o que seja a Internet, at\u00e9 o padre da aldeia afirma que se Jesus estivesse vivo, teria tido seu pr\u00f3prio site.<br \/>\n<\/br><br \/>\n<a href=\"http:\/\/imediata.org\/wp-content\/uploads\/2011\/12\/aguasaltaspuntocom-un-villaggio-nella-rete-la-locandina-italiana-225422_medium.jpg\"><img loading=\"lazy\" decoding=\"async\" src=\"http:\/\/imediata.org\/wp-content\/uploads\/2011\/12\/aguasaltaspuntocom-un-villaggio-nella-rete-la-locandina-italiana-225422_medium.jpg\" alt=\"\" title=\"aguasaltaspuntocom-un-villaggio-nella-rete-la-locandina-italiana-225422_medium\" width=\"169\" height=\"240\" class=\"aligncenter size-full wp-image-935\" \/><\/a><br \/>\n<\/br><br \/>\nO filme, de 2007 mas mais atual do que nunca, e n\u00e3o s\u00f3 na Europa, \u00e9 de Lu\u00eds Galv\u00e3o Teles.<br \/>\n<\/br><br \/>\n<strong>Aqui, v\u00eddeo-clips em portugu\u00eas:<br \/>\n<strong>http:\/\/salvemonossosite.clix.pt<\/strong><br \/>\n<iframe loading=\"lazy\" title=\"http:\/\/salvemonossosite.clix.pt\" width=\"640\" height=\"360\" src=\"https:\/\/www.youtube.com\/embed\/ZcUdSiXkCAs?feature=oembed\" frameborder=\"0\" allow=\"accelerometer; autoplay; clipboard-write; encrypted-media; gyroscope; picture-in-picture; web-share\" referrerpolicy=\"strict-origin-when-cross-origin\" allowfullscreen><\/iframe><br \/>\n<\/br><br \/>\nReportagem da TV em \u00c1guas Altas<\/strong><br \/>\n<iframe loading=\"lazy\" title=\"Reportagem da TV em \u00c1guas Altas\" width=\"640\" height=\"480\" src=\"https:\/\/www.youtube.com\/embed\/tEH4kYbs2p0?feature=oembed\" frameborder=\"0\" allow=\"accelerometer; autoplay; clipboard-write; encrypted-media; gyroscope; picture-in-picture; web-share\" referrerpolicy=\"strict-origin-when-cross-origin\" allowfullscreen><\/iframe><br \/>\n<\/br><br \/>\n<strong>Aqui, clips na vers\u00e3o italiana, em alta defini\u00e7\u00e3o:<\/strong><br \/>\n<a href=\"http:\/\/www.movieplayer.it\/film\/news\/aguasaltaspuntocom-un-villaggio-nella-rete-clip-esclusive_19105\/\">http:\/\/www.movieplayer.it\/film\/news\/aguasaltaspuntocom-un-villaggio-nella-rete-clip-esclusive_19105\/<\/a><br \/>\n<\/br><br \/>\n<strong>Aqui, um coment\u00e1rio sobre o filme:<\/strong><br \/>\n<a href=\"http:\/\/50anosdefilmes.com.br\/2010\/dot-com\/\">http:\/\/50anosdefilmes.com.br\/2010\/dot-com\/<\/a><\/p>\n","protected":false},"excerpt":{"rendered":"<p>Cinco minutos em \u00c1guas Altas \u2013 a luta de uma aldeia-met\u00e1fora do mundo contra uma multinacioMAL \u00c1guas Altas, pequena aldeia portuguesa, orgulha-se de entrar no mapa do mundo com seu pr\u00f3prio site. Mas uma multinacioMAL sediada em Madri registrou o mesmo dom\u00ednio do site da aldeia, para o lan\u00e7amento de uma nova \u00e1gua mineral e [&hellip;]<\/p>\n","protected":false},"author":1,"featured_media":0,"comment_status":"open","ping_status":"open","sticky":false,"template":"","format":"standard","meta":{"footnotes":""},"categories":[5,212],"tags":[329,330,331],"class_list":["post-933","post","type-post","status-publish","format-standard","hentry","category-biodiversidade-imediata","category-cinco-minutos","tag-aguas-altas","tag-luis-galvao-teles","tag-privatizacao-da-agua"],"_links":{"self":[{"href":"https:\/\/imediata.org\/index.php?rest_route=\/wp\/v2\/posts\/933","targetHints":{"allow":["GET"]}}],"collection":[{"href":"https:\/\/imediata.org\/index.php?rest_route=\/wp\/v2\/posts"}],"about":[{"href":"https:\/\/imediata.org\/index.php?rest_route=\/wp\/v2\/types\/post"}],"author":[{"embeddable":true,"href":"https:\/\/imediata.org\/index.php?rest_route=\/wp\/v2\/users\/1"}],"replies":[{"embeddable":true,"href":"https:\/\/imediata.org\/index.php?rest_route=%2Fwp%2Fv2%2Fcomments&post=933"}],"version-history":[{"count":2,"href":"https:\/\/imediata.org\/index.php?rest_route=\/wp\/v2\/posts\/933\/revisions"}],"predecessor-version":[{"id":938,"href":"https:\/\/imediata.org\/index.php?rest_route=\/wp\/v2\/posts\/933\/revisions\/938"}],"wp:attachment":[{"href":"https:\/\/imediata.org\/index.php?rest_route=%2Fwp%2Fv2%2Fmedia&parent=933"}],"wp:term":[{"taxonomy":"category","embeddable":true,"href":"https:\/\/imediata.org\/index.php?rest_route=%2Fwp%2Fv2%2Fcategories&post=933"},{"taxonomy":"post_tag","embeddable":true,"href":"https:\/\/imediata.org\/index.php?rest_route=%2Fwp%2Fv2%2Ftags&post=933"}],"curies":[{"name":"wp","href":"https:\/\/api.w.org\/{rel}","templated":true}]}}