{"id":890,"date":"2011-12-20T09:19:59","date_gmt":"2011-12-20T09:19:59","guid":{"rendered":"http:\/\/imediata.org\/?p=890"},"modified":"2011-12-20T09:37:04","modified_gmt":"2011-12-20T09:37:04","slug":"singelas-profana-acoes-10-zen-que-tem%e2%84%a2%c2%ae%c2%a9","status":"publish","type":"post","link":"https:\/\/imediata.org\/?p=890","title":{"rendered":">> Singelas PROFANA-a\u00e7\u00f5es 10 &#8211; ZEN QUE TEM\u2122\u00ae\u00a9"},"content":{"rendered":"<p><strong>ZEN QUE TEM\u2122\u00ae\u00a9<br \/>\nA Pum Fui Enterprises, Anti-Inc. Information Release \u2013 PORTUGUESE SUBLIMINAL VERSION<\/strong><br \/>\n<\/br><br \/>\nPor: Mario S. Mieli<br \/>\nMensagem original de 2 de outubro de 2011 requentada em 20 de dezembro de 2011<br \/>\n<\/br><br \/>\n<a href=\"http:\/\/imediata.org\/wp-content\/uploads\/2011\/12\/5b96a8adab77741807eba5a366ca5874f06abcaf.jpeg\"><img loading=\"lazy\" decoding=\"async\" src=\"http:\/\/imediata.org\/wp-content\/uploads\/2011\/12\/5b96a8adab77741807eba5a366ca5874f06abcaf.jpeg\" alt=\"\" title=\"5b96a8adab77741807eba5a366ca5874f06abcaf\" width=\"468\" height=\"356\" class=\"aligncenter size-full wp-image-899\" srcset=\"https:\/\/imediata.org\/wp-content\/uploads\/2011\/12\/5b96a8adab77741807eba5a366ca5874f06abcaf.jpeg 468w, https:\/\/imediata.org\/wp-content\/uploads\/2011\/12\/5b96a8adab77741807eba5a366ca5874f06abcaf-300x228.jpg 300w\" sizes=\"auto, (max-width: 468px) 100vw, 468px\" \/><\/a><br \/>\n<\/br><br \/>\n<strong>DISCLAIMER:<br \/>\nWYSIWYG<br \/>\n(WHAT YOU SEE IS WHAT YOU GET)<\/strong><br \/>\n <\/br><\/p>\n<p><strong>PHILOSOPHICAL TOPIC OF THE COMMUNIQUE:<\/strong><br \/>\n <\/br><br \/>\n<strong>THE SCIENCE OF WASHING DISHES<\/strong><\/p>\n<p> <\/br><\/p>\n<p><strong>\u201cO Budismo Verdadeiro<\/p>\n<p>Entre as mais conhecidas das historietas zen, encontramos este di\u00e1logo curto, atribu\u00eddo ao mestre Josshu.<\/p>\n<p>Um disc\u00edpulo lhe pergunta:<\/p>\n<p>\u2013   Mestre, qual \u00e9 a verdadeira hist\u00f3ria do budismo? Ensine-me, por favor.<br \/>\n\u2013 J\u00e1 terminou de comer? \u2013 perguntou o mestre.<br \/>\n\u2013 Sim, mestre, terminei.<br \/>\n\u2013 Ent\u00e3o v\u00e1 lavar sua tigela.\u201d<br \/>\nJean-Claude Carri\u00e8re em O C\u00edrculo dos Mentirosos, Contos Filos\u00f3ficos do Mundo Inteiro<\/strong><\/p>\n<p> <\/br><br \/>\n<strong>\u201cOU\u00c7A A LOUCA DO CHAMEGO<br \/>\nLAVANDO A LOU\u00c7A NO ACONCHEGO<br \/>\nPARA DESEMBUCETAR O EGO\u201d<\/strong><br \/>\nPum Fui<br \/>\n <\/br><\/p>\n<p><strong>Mais apr\u00e8s tout, qui a fait la vaisselle du Dernier Souper?<br \/>\nMAS AFINAL, QUEM LAVOU A LOU\u00c7A DA SANTA CEIA?<br \/>\nMadame Sophie de Saint-Cl\u00f4ne, propriet\u00e1ria do famoso bistr\u00f4 e espa\u00e7o gourmet parisiense \u201c\u00c0 LA BOUFFE D\u00c9LINQUANTE\u201d<\/strong><br \/>\n <\/br><br \/>\n<a href=\"http:\/\/imediata.org\/wp-content\/uploads\/2011\/12\/153304674-55f75cce-f26b-42e1-a4d9-1f8f581be9f2.jpg\"><img loading=\"lazy\" decoding=\"async\" src=\"http:\/\/imediata.org\/wp-content\/uploads\/2011\/12\/153304674-55f75cce-f26b-42e1-a4d9-1f8f581be9f2.jpg\" alt=\"\" title=\"153304674-55f75cce-f26b-42e1-a4d9-1f8f581be9f2\" width=\"605\" height=\"520\" class=\"aligncenter size-full wp-image-891\" srcset=\"https:\/\/imediata.org\/wp-content\/uploads\/2011\/12\/153304674-55f75cce-f26b-42e1-a4d9-1f8f581be9f2.jpg 605w, https:\/\/imediata.org\/wp-content\/uploads\/2011\/12\/153304674-55f75cce-f26b-42e1-a4d9-1f8f581be9f2-300x257.jpg 300w\" sizes=\"auto, (max-width: 605px) 100vw, 605px\" \/><\/a><br \/>\n<\/br><br \/>\n<a href=\"http:\/\/imediata.org\/wp-content\/uploads\/2011\/12\/153303848-b239179a-c39f-47c8-babc-9beb14598d51.jpg\"><img loading=\"lazy\" decoding=\"async\" src=\"http:\/\/imediata.org\/wp-content\/uploads\/2011\/12\/153303848-b239179a-c39f-47c8-babc-9beb14598d51.jpg\" alt=\"\" title=\"153303848-b239179a-c39f-47c8-babc-9beb14598d51\" width=\"464\" height=\"520\" class=\"aligncenter size-full wp-image-892\" srcset=\"https:\/\/imediata.org\/wp-content\/uploads\/2011\/12\/153303848-b239179a-c39f-47c8-babc-9beb14598d51.jpg 464w, https:\/\/imediata.org\/wp-content\/uploads\/2011\/12\/153303848-b239179a-c39f-47c8-babc-9beb14598d51-267x300.jpg 267w\" sizes=\"auto, (max-width: 464px) 100vw, 464px\" \/><\/a><br \/>\n<\/br><br \/>\n<strong>ILLUSTRATIONS: GIUSEPPE VENEZIANO<\/strong><br \/>\n <\/br><br \/>\n<strong>1. you are one with the universe (Filosof\u2019arte)<\/strong><br \/>\n<iframe loading=\"lazy\" title=\"you are one with the universe\" width=\"640\" height=\"480\" src=\"https:\/\/www.youtube.com\/embed\/iLFmPDf5KD0?feature=oembed\" frameborder=\"0\" allow=\"accelerometer; autoplay; clipboard-write; encrypted-media; gyroscope; picture-in-picture; web-share\" referrerpolicy=\"strict-origin-when-cross-origin\" allowfullscreen><\/iframe><br \/>\n <\/br><br \/>\n<strong>2. Como lavar a lou\u00e7a com glamour (Enviad\u2019arte)<\/strong><br \/>\n<\/br><br \/>\n<a href=\"http:\/\/imediata.org\/wp-content\/uploads\/2011\/12\/lavar_lou\u00e7a.jpg\"><img loading=\"lazy\" decoding=\"async\" src=\"http:\/\/imediata.org\/wp-content\/uploads\/2011\/12\/lavar_lou\u00e7a.jpg\" alt=\"\" title=\"lavar_lou\u00e7a\" width=\"400\" height=\"300\" class=\"aligncenter size-full wp-image-898\" srcset=\"https:\/\/imediata.org\/wp-content\/uploads\/2011\/12\/lavar_lou\u00e7a.jpg 400w, https:\/\/imediata.org\/wp-content\/uploads\/2011\/12\/lavar_lou\u00e7a-300x225.jpg 300w\" sizes=\"auto, (max-width: 400px) 100vw, 400px\" \/><\/a><br \/>\n<\/br><br \/>\nFelipe Hamachi, Sony BMG e Stand Up Produ\u00e7\u00f5es n\u00e3o querem que voc\u00ea veja &#8220;Como lavar a lou\u00e7a com glamour&#8230;&#8221; Esta \u00e9 a mensagem que se obt\u00e9m clicando no link:<a href=\"http:\/\/www.youtube.com\/watch?v=lCnt9fc-7Kw\">http:\/\/www.youtube.com\/watch?v=lCnt9fc-7Kw<\/a><br \/>\nThis video is no longer available because the YouTube account associated with this video has been terminated due to multiple third-party notifications of copyright infringement from claimants including:<br \/>\nFelipe Hamachi<br \/>\nSony BMG<br \/>\nStand Up Produ\u00e7\u00f5es&#8230;<br \/>\n<strong>PENSANDO BEM, TUDO A VER COM O ITEM 2, N&#8217;EST-CE PAS?<\/strong><br \/>\n <\/br><br \/>\n<strong>3. batuque na cozinha &#8211; Pixinguinha, Clementina de Jesus, Jo\u00e3o da Bahia (Batuk\u2019arte)<\/strong><br \/>\nhttp:\/\/youtu.be\/_Ni8aSe7Yt8<\/p>\n","protected":false},"excerpt":{"rendered":"<p>ZEN QUE TEM\u2122\u00ae\u00a9 A Pum Fui Enterprises, Anti-Inc. Information Release \u2013 PORTUGUESE SUBLIMINAL VERSION Por: Mario S. Mieli Mensagem original de 2 de outubro de 2011 requentada em 20 de dezembro de 2011 DISCLAIMER: WYSIWYG (WHAT YOU SEE IS WHAT YOU GET) PHILOSOPHICAL TOPIC OF THE COMMUNIQUE: THE SCIENCE OF WASHING DISHES \u201cO Budismo Verdadeiro [&hellip;]<\/p>\n","protected":false},"author":1,"featured_media":0,"comment_status":"open","ping_status":"open","sticky":false,"template":"","format":"standard","meta":{"footnotes":""},"categories":[96],"tags":[314,313,193,312,95,315,221,311],"class_list":["post-890","post","type-post","status-publish","format-standard","hentry","category-singelas-profana-acoes","tag-clementina-de-jesus","tag-giuseppe-veneziano","tag-jean-claude-carriere","tag-madame-sophie-de-saint-clone","tag-mario-s-mieli","tag-pixinguinha","tag-pum-fui","tag-zen-que-tem"],"_links":{"self":[{"href":"https:\/\/imediata.org\/index.php?rest_route=\/wp\/v2\/posts\/890","targetHints":{"allow":["GET"]}}],"collection":[{"href":"https:\/\/imediata.org\/index.php?rest_route=\/wp\/v2\/posts"}],"about":[{"href":"https:\/\/imediata.org\/index.php?rest_route=\/wp\/v2\/types\/post"}],"author":[{"embeddable":true,"href":"https:\/\/imediata.org\/index.php?rest_route=\/wp\/v2\/users\/1"}],"replies":[{"embeddable":true,"href":"https:\/\/imediata.org\/index.php?rest_route=%2Fwp%2Fv2%2Fcomments&post=890"}],"version-history":[{"count":6,"href":"https:\/\/imediata.org\/index.php?rest_route=\/wp\/v2\/posts\/890\/revisions"}],"predecessor-version":[{"id":897,"href":"https:\/\/imediata.org\/index.php?rest_route=\/wp\/v2\/posts\/890\/revisions\/897"}],"wp:attachment":[{"href":"https:\/\/imediata.org\/index.php?rest_route=%2Fwp%2Fv2%2Fmedia&parent=890"}],"wp:term":[{"taxonomy":"category","embeddable":true,"href":"https:\/\/imediata.org\/index.php?rest_route=%2Fwp%2Fv2%2Fcategories&post=890"},{"taxonomy":"post_tag","embeddable":true,"href":"https:\/\/imediata.org\/index.php?rest_route=%2Fwp%2Fv2%2Ftags&post=890"}],"curies":[{"name":"wp","href":"https:\/\/api.w.org\/{rel}","templated":true}]}}