{"id":88,"date":"2009-11-30T19:34:56","date_gmt":"2009-11-30T19:34:56","guid":{"rendered":"http:\/\/imediata.org\/?p=88"},"modified":"2009-11-30T20:20:11","modified_gmt":"2009-11-30T20:20:11","slug":"em-genebra-suica-anarquistas-incendeiam-carros-quebram-bancos-e-lojas-durante-protesto-contra-a-reuniao-da-omc","status":"publish","type":"post","link":"https:\/\/imediata.org\/?p=88","title":{"rendered":">>Em Genebra [Su\u00ed\u00e7a], anarquistas incendeiam carros, quebram bancos e lojas durante protesto contra a reuni\u00e3o da OMC"},"content":{"rendered":"<p><img decoding=\"async\" src=\"http:\/\/imediata.org\/wp-content\/imagens\/logos\/logoanarcom.jpg\" alt=\"null\" \/><\/p>\n<p>Fonte:<br \/>\n<strong>ag\u00eancia de not\u00edcias anarquistas-ana<\/strong><\/p>\n<p>Manifestantes vestindo preto, com o rosto coberto, do Black Bloc, incendiaram carros e quebraram vitrines de lojas de luxo durante um protesto contra a reuni\u00e3o da Organiza\u00e7\u00e3o Mundial do Com\u00e9rcio (OMC). A mobiliza\u00e7\u00e3o ocorreu neste s\u00e1bado (28), em Genebra.<\/p>\n<p>O Black Bloc, com aproximadamente 1000 ativistas, fazia parte de uma multid\u00e3o de cerca de 5000 pessoas que protestavam contra o encontro da confer\u00eancia ministerial da OMC, que come\u00e7a nesta segunda-feira.<\/p>\n<p>O ato come\u00e7ou numa pra\u00e7a no centro de Genebra, com palavras de ordem contra banqueiros e chefes de Estado, cartazes e bandeiras.<\/p>\n<p>Os anticapitalistas tamb\u00e9m lan\u00e7aram fogos de artif\u00edcio na principal rua comercial da cidade, e pedras contra os policias, que, fortemente armados, revidaram com bombas de g\u00e1s lacrimog\u00eaneo, g\u00e1s pimenta, canh\u00f5es de \u00e1gua e balas de borracha para dispersar os manifestantes, que seguiam para a sede da OMC. Pelo menos 40 pessoas foram presas.<\/p>\n<p>A \u00faltima reuni\u00e3o ministerial da OMC ocorreu em Hong Kong, cerca de quatro anos atr\u00e1s. Os outros encontros foram realizados em Canc\u00fan, no M\u00e9xico, e na cidade estadunidense de Seattle.<\/p>\n<p>Amanh\u00e3, 30 de novembro (N30), comemoram-se os 10 anos da batalha nas ruas de Seattle, cidade dos Estados Unidos, onde foi realizado o encontro da Organiza\u00e7\u00e3o Mundial do Com\u00e9rcio (OMC), da chamada &#8220;rodada do mil\u00eanio&#8221;.<\/p>\n<p><object width=\"425\" height=\"344\"><param name=\"movie\" value=\"http:\/\/www.youtube.com\/v\/aB_rDhPEVJ0&#038;hl=en_US&#038;fs=1&#038;\"><\/param><param name=\"allowFullScreen\" value=\"true\"><\/param><param name=\"allowscriptaccess\" value=\"always\"><\/param><embed src=\"http:\/\/www.youtube.com\/v\/aB_rDhPEVJ0&#038;hl=en_US&#038;fs=1&#038;\" type=\"application\/x-shockwave-flash\" allowscriptaccess=\"always\" allowfullscreen=\"true\" width=\"425\" height=\"344\"><\/embed><\/object><\/p>\n<p>Galeria de imagens: <a href=\"http:\/\/planetephotos.blog.tdg.ch\/archive\/2009\/11\/30\/manif-anti-omc-que-fait-la-police.html\">http:\/\/planetephotos.blog.tdg.ch\/archive\/2009\/11\/30\/manif-anti-omc-que-fait-la-police.html<\/a><\/p>\n<p>ag\u00eancia de not\u00edcias anarquistas-ana<br \/>\n<a href=\"a_n_a@riseup.net\">a_n_a@riseup.net<\/a><\/p>\n","protected":false},"excerpt":{"rendered":"<p>Fonte: ag\u00eancia de not\u00edcias anarquistas-ana Manifestantes vestindo preto, com o rosto coberto, do Black Bloc, incendiaram carros e quebraram vitrines de lojas de luxo durante um protesto contra a reuni\u00e3o da Organiza\u00e7\u00e3o Mundial do Com\u00e9rcio (OMC). A mobiliza\u00e7\u00e3o ocorreu neste s\u00e1bado (28), em Genebra. O Black Bloc, com aproximadamente 1000 ativistas, fazia parte de uma [&hellip;]<\/p>\n","protected":false},"author":38,"featured_media":0,"comment_status":"open","ping_status":"open","sticky":false,"template":"","format":"standard","meta":{"footnotes":""},"categories":[8,1],"tags":[],"class_list":["post-88","post","type-post","status-publish","format-standard","hentry","category-anarcom","category-uncategorized"],"_links":{"self":[{"href":"https:\/\/imediata.org\/index.php?rest_route=\/wp\/v2\/posts\/88","targetHints":{"allow":["GET"]}}],"collection":[{"href":"https:\/\/imediata.org\/index.php?rest_route=\/wp\/v2\/posts"}],"about":[{"href":"https:\/\/imediata.org\/index.php?rest_route=\/wp\/v2\/types\/post"}],"author":[{"embeddable":true,"href":"https:\/\/imediata.org\/index.php?rest_route=\/wp\/v2\/users\/38"}],"replies":[{"embeddable":true,"href":"https:\/\/imediata.org\/index.php?rest_route=%2Fwp%2Fv2%2Fcomments&post=88"}],"version-history":[{"count":0,"href":"https:\/\/imediata.org\/index.php?rest_route=\/wp\/v2\/posts\/88\/revisions"}],"wp:attachment":[{"href":"https:\/\/imediata.org\/index.php?rest_route=%2Fwp%2Fv2%2Fmedia&parent=88"}],"wp:term":[{"taxonomy":"category","embeddable":true,"href":"https:\/\/imediata.org\/index.php?rest_route=%2Fwp%2Fv2%2Fcategories&post=88"},{"taxonomy":"post_tag","embeddable":true,"href":"https:\/\/imediata.org\/index.php?rest_route=%2Fwp%2Fv2%2Ftags&post=88"}],"curies":[{"name":"wp","href":"https:\/\/api.w.org\/{rel}","templated":true}]}}