{"id":854,"date":"2011-12-18T01:21:10","date_gmt":"2011-12-18T01:21:10","guid":{"rendered":"http:\/\/imediata.org\/?p=854"},"modified":"2011-12-18T01:21:11","modified_gmt":"2011-12-18T01:21:11","slug":"cinco-minutos-ou-pouco-mais-com-o-genial-e-saudoso-paulo-freire-%e2%80%93-educacao-e-transformacao","status":"publish","type":"post","link":"https:\/\/imediata.org\/?p=854","title":{"rendered":">> Cinco minutos (ou pouco mais) com o genial e saudoso Paulo Freire \u2013 Educa\u00e7\u00e3o e Transforma\u00e7\u00e3o"},"content":{"rendered":"<p><strong>Cinco minutos (ou pouco mais) com o genial e saudoso Paulo Freire \u2013 Educa\u00e7\u00e3o e Transforma\u00e7\u00e3o<\/strong><br \/>\n<\/br><strong><a href=\"http:\/\/imediata.org\/wp-content\/uploads\/2011\/12\/paulo_freire.gif\"><img loading=\"lazy\" decoding=\"async\" src=\"http:\/\/imediata.org\/wp-content\/uploads\/2011\/12\/paulo_freire.gif\" alt=\"\" title=\"paulo_freire\" width=\"280\" height=\"284\" class=\"aligncenter size-full wp-image-855\" \/><\/a><\/p>\n<p><\/br><br \/>\n<a href=\"http:\/\/imediata.org\/wp-content\/uploads\/2011\/12\/1244403424_4paulo_freire_4.jpg\"><img loading=\"lazy\" decoding=\"async\" src=\"http:\/\/imediata.org\/wp-content\/uploads\/2011\/12\/1244403424_4paulo_freire_4.jpg\" alt=\"\" title=\"1244403424_4paulo_freire_4\" width=\"604\" height=\"430\" class=\"aligncenter size-full wp-image-856\" srcset=\"https:\/\/imediata.org\/wp-content\/uploads\/2011\/12\/1244403424_4paulo_freire_4.jpg 604w, https:\/\/imediata.org\/wp-content\/uploads\/2011\/12\/1244403424_4paulo_freire_4-300x213.jpg 300w\" sizes=\"auto, (max-width: 604px) 100vw, 604px\" \/><\/a><br \/>\n<\/br><br \/>\n<strong>Educa\u00e7\u00e3o e Transforma\u00e7\u00e3o &#8211; Entrevista de Paulo Freire \u00e0 TV PUC S\u00e3o Paulo <\/strong><\/p>\n<p><iframe loading=\"lazy\" title=\"Educa\u00e7\u00e3o e Transforma\u00e7\u00e3o\" width=\"640\" height=\"480\" src=\"https:\/\/www.youtube.com\/embed\/60c1RapBN7U?feature=oembed\" frameborder=\"0\" allow=\"accelerometer; autoplay; clipboard-write; encrypted-media; gyroscope; picture-in-picture; web-share\" referrerpolicy=\"strict-origin-when-cross-origin\" allowfullscreen><\/iframe><br \/>\n<\/br><br \/>\n<strong>Educa\u00e7\u00e3o e Transforma\u00e7\u00e3o<\/strong><br \/>\n<\/br><br \/>\n<strong>Ao encontro do outro\u2026<\/strong><br \/>\n\u201c\u2026. Confesso que fui at\u00e9 l\u00e1 movido por uma certa leadade ao Cristo, de quem eu era, mais ou menos, camarada\u2026\u201d<br \/>\n<\/br><br \/>\n<strong>A liberdade\u2026<\/strong><br \/>\n\u201c\u2026 a nega\u00e7\u00e3o do seu ser, como gente\u2026 .aquele estado quase inerte diante da nega\u00e7\u00e3o da liberdade\u2026\u201d<br \/>\n<\/br><br \/>\n<strong>Marx\u2026<\/strong><br \/>\n\u201c\u2026 aquilo tudo me remeteu a Marx\u2026 foi a realidade deles que me remeteu a Marx\u2026\u201d<br \/>\n<\/br><br \/>\n<strong>O transcendental\u2026<\/strong><br \/>\n\u201c\u2026 quanto mais eu li Marx, tanto mais eu encontrei uma certa fundamenta\u00e7\u00e3o objetiva para continuar camarada de Cristo\u2026\u201d \u2026 \u201ceu fiquei com Marx na mundanidade \u00e0 procura de Cristo na transcend\u00eancia\u2026\u201d<br \/>\n<\/br><br \/>\n<strong>A constru\u00e7\u00e3o<\/strong><br \/>\n\u201c\u2026 eu estou absolutamente feliz por estar vivo ainda\u2026e ter acompanhado essa marcha que, como outras marchas hist\u00f3ricas, revelam o \u00edmpeto da vontade amorosa de mudar o mundo\u2026\u201d<br \/>\n<\/br><br \/>\n<strong>O MST&#8230; <\/strong><br \/>\n\u201c\u2026 eu morreria feliz se eu visse o Brasil cheio, em seu tempo hist\u00f3rico, de marchas\u2026 marcha dos que n\u00e3o t\u00eam escola, marcha dos reprovados, marcha dos que querem amar e n\u00e3o podem, marcha dos que se recusam a uma obedi\u00eancia servil, marcha dos que se rebelam, marcha dos que querem ser e est\u00e3o proibidos de ser\u2026 as marchas s\u00e3o andarilhagens hist\u00f3ricas pelo mundo\u2026 \u00e9 preciso brigar para que se obtenha um m\u00ednimo de transforma\u00e7\u00f5es\u2026\u201d<br \/>\n<\/br><br \/>\n<strong>Para a transforma\u00e7\u00e3o<\/strong><br \/>\n\u201c\u2026 lamento tristemente que Darcy Ribeiro j\u00e1 n\u00e3o possa saber, estar sentindo e vendo uma marcha como essa\u2026\u201d<br \/>\n<\/br><br \/>\n<strong>A Exig\u00eancia de outras marchas<\/strong><br \/>\n\u201c\u2026 o meu sonho \u00e9 que outras marchas se instalem neste pa\u00eds\u2026 essas marchas nos afirmam como gente, como sociedade querendo democratizar-se\u2026\u201d<\/p>\n","protected":false},"excerpt":{"rendered":"<p>Cinco minutos (ou pouco mais) com o genial e saudoso Paulo Freire \u2013 Educa\u00e7\u00e3o e Transforma\u00e7\u00e3o Educa\u00e7\u00e3o e Transforma\u00e7\u00e3o &#8211; Entrevista de Paulo Freire \u00e0 TV PUC S\u00e3o Paulo Educa\u00e7\u00e3o e Transforma\u00e7\u00e3o Ao encontro do outro\u2026 \u201c\u2026. Confesso que fui at\u00e9 l\u00e1 movido por uma certa leadade ao Cristo, de quem eu era, mais ou [&hellip;]<\/p>\n","protected":false},"author":1,"featured_media":0,"comment_status":"open","ping_status":"open","sticky":false,"template":"","format":"standard","meta":{"footnotes":""},"categories":[212],"tags":[290,291,74,292,289],"class_list":["post-854","post","type-post","status-publish","format-standard","hentry","category-cinco-minutos","tag-educacao-e-transformacao","tag-jesus-cristo","tag-marx","tag-mst","tag-paulo-freire"],"_links":{"self":[{"href":"https:\/\/imediata.org\/index.php?rest_route=\/wp\/v2\/posts\/854","targetHints":{"allow":["GET"]}}],"collection":[{"href":"https:\/\/imediata.org\/index.php?rest_route=\/wp\/v2\/posts"}],"about":[{"href":"https:\/\/imediata.org\/index.php?rest_route=\/wp\/v2\/types\/post"}],"author":[{"embeddable":true,"href":"https:\/\/imediata.org\/index.php?rest_route=\/wp\/v2\/users\/1"}],"replies":[{"embeddable":true,"href":"https:\/\/imediata.org\/index.php?rest_route=%2Fwp%2Fv2%2Fcomments&post=854"}],"version-history":[{"count":1,"href":"https:\/\/imediata.org\/index.php?rest_route=\/wp\/v2\/posts\/854\/revisions"}],"predecessor-version":[{"id":857,"href":"https:\/\/imediata.org\/index.php?rest_route=\/wp\/v2\/posts\/854\/revisions\/857"}],"wp:attachment":[{"href":"https:\/\/imediata.org\/index.php?rest_route=%2Fwp%2Fv2%2Fmedia&parent=854"}],"wp:term":[{"taxonomy":"category","embeddable":true,"href":"https:\/\/imediata.org\/index.php?rest_route=%2Fwp%2Fv2%2Fcategories&post=854"},{"taxonomy":"post_tag","embeddable":true,"href":"https:\/\/imediata.org\/index.php?rest_route=%2Fwp%2Fv2%2Ftags&post=854"}],"curies":[{"name":"wp","href":"https:\/\/api.w.org\/{rel}","templated":true}]}}