{"id":846,"date":"2011-12-17T18:42:43","date_gmt":"2011-12-17T18:42:43","guid":{"rendered":"http:\/\/imediata.org\/?p=846"},"modified":"2011-12-17T18:45:30","modified_gmt":"2011-12-17T18:45:30","slug":"hora-de-rever-as-privatizacoes-por-mauro-santayana","status":"publish","type":"post","link":"https:\/\/imediata.org\/?p=846","title":{"rendered":">> Hora de rever as privatiza\u00e7\u00f5es &#8211; por Mauro Santayana"},"content":{"rendered":"<p>Hora de rever as privatiza\u00e7\u00f5es &#8211; por Mauro Santayana<br \/>\n<\/br><br \/>\nFonte: <a href=\"http:\/\/www.cartamaior.com.br\/templates\/colunaMostrar.cfm?coluna_id=5361\">http:\/\/www.cartamaior.com.br\/templates\/colunaMostrar.cfm?coluna_id=5361<\/a> 16\/11\/2011<br \/>\n<\/br><br \/>\n<a href=\"http:\/\/imediata.org\/wp-content\/uploads\/2011\/12\/fb-A2059.jpg\"><img loading=\"lazy\" decoding=\"async\" src=\"http:\/\/imediata.org\/wp-content\/uploads\/2011\/12\/fb-A2059.jpg\" alt=\"\" title=\"fb-A2059\" width=\"580\" height=\"435\" class=\"aligncenter size-full wp-image-850\" srcset=\"https:\/\/imediata.org\/wp-content\/uploads\/2011\/12\/fb-A2059.jpg 580w, https:\/\/imediata.org\/wp-content\/uploads\/2011\/12\/fb-A2059-300x225.jpg 300w\" sizes=\"auto, (max-width: 580px) 100vw, 580px\" \/><\/a><br \/>\n<\/br><br \/>\nSe outros efeitos n\u00e3o causar \u00e0 vida nacional o livro do jornalista Amaury Ribeiro Jr., suas acusa\u00e7\u00f5es reclamam o reexame profundo do processo de privatiza\u00e7\u00f5es e suas raz\u00f5es. Ao decidir por aquele caminho, o governo Collor estava sendo coerente com sua essencial natureza, que era a de restabelecer o poder econ\u00f4mico e pol\u00edtico das oligarquias nordestinas e, com elas, dominar o pa\u00eds. A estrat\u00e9gia era a de buscar alian\u00e7a internacional, aceitando os novos postulados de um projetado governo mundial, estabelecido pela Comiss\u00e3o Trilateral e pelo Clube de Bielderbeg. Foi assim que Collor formou a sua equipe econ\u00f4mica, e escolheu o Sr. Eduardo Modiano para presidir ao BNDES &#8211; e, ali, cuidar das privatiza\u00e7\u00f5es.<br \/>\n<\/br><br \/>\nPrimeiro, houve a necessidade de se estabelecer o Plano Nacional de Desestatiza\u00e7\u00e3o. Tendo em vista a rea\u00e7\u00e3o da sociedade e as den\u00fancias de corrup\u00e7\u00e3o contra o grupo do presidente, n\u00e3o foi poss\u00edvel faz\u00ea-lo da noite para o dia, e o tempo passou. O impeachment de Collor e a ascens\u00e3o de Itamar representaram certo freio no processo, n\u00e3o obstante a press\u00e3o dos interessados.<br \/>\n<\/br><br \/>\nCom a chegada de Fernando Henrique ao Minist\u00e9rio da Fazenda, as press\u00f5es se acentuaram, mas Itamar foi cozinhando as coisas em banho-maria. Fernando Henrique se entregou \u00e0 causa do neoliberalismo e da globaliza\u00e7\u00e3o com entusiasmo. Ele repudiou a sua f\u00e9 antiga no Estado, e saudou o dom\u00ednio dos centros financeiros mundiais \u2013 com suas conseq\u00fc\u00eancias, como as da exclus\u00e3o do mundo econ\u00f4mico dos chamados \u201cincapazes\u201d \u2013 como um Novo Renascimento.<br \/>\n<\/br><br \/>\n<a href=\"http:\/\/imediata.org\/wp-content\/uploads\/2011\/12\/mcdonalds.jpg\"><img loading=\"lazy\" decoding=\"async\" src=\"http:\/\/imediata.org\/wp-content\/uploads\/2011\/12\/mcdonalds.jpg\" alt=\"\" title=\"mcdonalds\" width=\"320\" height=\"304\" class=\"aligncenter size-full wp-image-848\" srcset=\"https:\/\/imediata.org\/wp-content\/uploads\/2011\/12\/mcdonalds.jpg 320w, https:\/\/imediata.org\/wp-content\/uploads\/2011\/12\/mcdonalds-300x285.jpg 300w\" sizes=\"auto, (max-width: 320px) 100vw, 320px\" \/><\/a><br \/>\n<\/br><br \/>\nOra, o Brasil era dos poucos pa\u00edses do mundo que podiam dizer n\u00e3o ao Consenso de Washington. Com todas as suas dificuldades, entre elas a de rolar a d\u00edvida externa, poder\u00edamos, se fosse o caso, fechar as fronteiras e partir para uma economia aut\u00f4noma, com a amplia\u00e7\u00e3o do mercado interno. Se assim ag\u00edssemos, \u00e9 seguro que servir\u00edamos de exemplo de resist\u00eancia para numerosos pa\u00edses do Terceiro Mundo, entre eles os nossos vizinhos do continente.<br \/>\n<\/br><br \/>\nAlguns dos mais importantes pensadores contempor\u00e2neos- entre eles Federico Mayor Zaragoza, em artigo publicado em El Pa\u00eds h\u00e1 dias, e Joseph Stiglitz, Pr\u00eamio Nobel de Economia &#8211; constataram que o desmantelamento do Estado, a partir dos governos de Margareth Thatcher, na Gr\u00e3 Bretanha, e de Ronald Reagan, nos Estados Unidos, foi a maior estupidez pol\u00edtica e econ\u00f4mica do fim do s\u00e9culo 20. Al\u00e9m de concentrar o poder financeiro em duas ou tr\u00eas grandes institui\u00e7\u00f5es, entre elas, o Goldman Sachs, que \u00e9 hoje o senhor da Europa, provocou o desemprego em massa; a eros\u00e3o do sistema educacional, com o surgimento de escolas privadas que s\u00f3 servem para vender diplomas; a contamina\u00e7\u00e3o dos sistemas judici\u00e1rios mundiais, a partir da Suprema Corte dos Estados Unidos \u2013 que, entre outras decis\u00f5es, convalidou a fraude eleitoral da Fl\u00f3rida, dando a vit\u00f3ria a Bush, nas elei\u00e7\u00f5es de 2000 -; a acelerada degrada\u00e7\u00e3o do meio-ambiente e, agora, desmonta a Comunidade Europ\u00e9ia. No Brasil, como podemos nos lembrar, n\u00e3o s\u00f3 os pobres sofreram com a mis\u00e9ria e o desemprego: a classe m\u00e9dia se empobreceu a ponto de engenheiros serem compelidos a vender sandu\u00edches e limonadas nas praias.<br \/>\n<\/br><br \/>\n\u00c9 o momento para que a sociedade brasileira se articule e exija do governo a revers\u00e3o do processo de privatiza\u00e7\u00f5es. As corpora\u00e7\u00f5es multinacionais j\u00e1 dominam grande parte da economia brasileira e \u00e9 necess\u00e1rio que retomemos as atividades estrat\u00e9gicas, a fim de preservar a soberania nacional. \u00c9 tamb\u00e9m urgente sustar a incontrolada remessa de lucros, obrigando as multinacionais a investi-los aqui e taxar a parte enviada \u00e0s matrizes; aprovar legisla\u00e7\u00e3o que obrigue as empresas a limpa e transparente escritura\u00e7\u00e3o cont\u00e1bil; regulamentar estritamente a atividade banc\u00e1ria e proibir as opera\u00e7\u00f5es com para\u00edsos fiscais. \u00c9 imprescind\u00edvel retomar o conceito de empresa nacional da Constitui\u00e7\u00e3o de 1988 \u2013 sem o que o BNDES continuar\u00e1 a financiar as multinacionais com condi\u00e7\u00f5es favorecidas.<br \/>\n<\/br><br \/>\nA CPI que provavelmente ser\u00e1 constitu\u00edda, a pedido dos deputados Prot\u00f3genes Queiroz e Brizola Neto, naturalmente n\u00e3o se perder\u00e1 nos detalhes menores \u2013 e ir\u00e1 a fundo na an\u00e1lise das privatiza\u00e7\u00f5es, a partir de 1990, para que se esclare\u00e7a a constrangedora vassalagem de alguns brasileiros, diante das ordens emanadas de Washington. Mas para tanto \u00e9 imprescind\u00edvel a participa\u00e7\u00e3o dos intelectuais, dos sindicatos de trabalhadores e de todas as entidades estudantis, da UNE, aos diret\u00f3rios colegiais. Sem a mobiliza\u00e7\u00e3o da sociedade, por mais se esforcem os defensores do interesse nacional, continuaremos submetidos aos contratos do passado. A presidente da Rep\u00fablica poderia fazer seu o lema de Tancredo: um governante s\u00f3 consegue fazer o que fizer junto com o seu povo.<br \/>\n<\/br><br \/>\n<a href=\"http:\/\/imediata.org\/wp-content\/uploads\/2011\/12\/OgAAANkX0uZTkhpIx9Wo4lkQekXkhuv_w5Hm2n62VsJhxJG_NvYkmO7Om1LXKYZpZ8kGsX_KD-AH-wl7gol7jMmi9twAm1T1UBAFDJEkM0Fuz0MNAsGeaeLBuXLk1.jpg\"><img loading=\"lazy\" decoding=\"async\" src=\"http:\/\/imediata.org\/wp-content\/uploads\/2011\/12\/OgAAANkX0uZTkhpIx9Wo4lkQekXkhuv_w5Hm2n62VsJhxJG_NvYkmO7Om1LXKYZpZ8kGsX_KD-AH-wl7gol7jMmi9twAm1T1UBAFDJEkM0Fuz0MNAsGeaeLBuXLk1.jpg\" alt=\"\" title=\"OgAAANkX0uZTkhpIx9Wo4lkQekXkhuv_w5Hm2n62VsJhxJG_NvYkmO7Om1LXKYZpZ8kGsX_KD-AH-wl7gol7jMmi9twAm1T1UBAFDJEkM0Fuz0MNAsGeaeLBuXLk\" width=\"400\" height=\"282\" class=\"aligncenter size-full wp-image-852\" srcset=\"https:\/\/imediata.org\/wp-content\/uploads\/2011\/12\/OgAAANkX0uZTkhpIx9Wo4lkQekXkhuv_w5Hm2n62VsJhxJG_NvYkmO7Om1LXKYZpZ8kGsX_KD-AH-wl7gol7jMmi9twAm1T1UBAFDJEkM0Fuz0MNAsGeaeLBuXLk1.jpg 400w, https:\/\/imediata.org\/wp-content\/uploads\/2011\/12\/OgAAANkX0uZTkhpIx9Wo4lkQekXkhuv_w5Hm2n62VsJhxJG_NvYkmO7Om1LXKYZpZ8kGsX_KD-AH-wl7gol7jMmi9twAm1T1UBAFDJEkM0Fuz0MNAsGeaeLBuXLk1-300x211.jpg 300w\" sizes=\"auto, (max-width: 400px) 100vw, 400px\" \/><\/a><\/p>\n","protected":false},"excerpt":{"rendered":"<p>Hora de rever as privatiza\u00e7\u00f5es &#8211; por Mauro Santayana Fonte: http:\/\/www.cartamaior.com.br\/templates\/colunaMostrar.cfm?coluna_id=5361 16\/11\/2011 Se outros efeitos n\u00e3o causar \u00e0 vida nacional o livro do jornalista Amaury Ribeiro Jr., suas acusa\u00e7\u00f5es reclamam o reexame profundo do processo de privatiza\u00e7\u00f5es e suas raz\u00f5es. Ao decidir por aquele caminho, o governo Collor estava sendo coerente com sua essencial natureza, [&hellip;]<\/p>\n","protected":false},"author":1,"featured_media":0,"comment_status":"open","ping_status":"open","sticky":false,"template":"","format":"standard","meta":{"footnotes":""},"categories":[9],"tags":[288,286,287,285,284,250,283],"class_list":["post-846","post","type-post","status-publish","format-standard","hentry","category-lance-de-dados","tag-amaury-ribeiro-jr","tag-bielderberg","tag-bnds","tag-comissao-trilateral","tag-desprivatizacoes","tag-mauro-santayana","tag-privatizacoes"],"_links":{"self":[{"href":"https:\/\/imediata.org\/index.php?rest_route=\/wp\/v2\/posts\/846","targetHints":{"allow":["GET"]}}],"collection":[{"href":"https:\/\/imediata.org\/index.php?rest_route=\/wp\/v2\/posts"}],"about":[{"href":"https:\/\/imediata.org\/index.php?rest_route=\/wp\/v2\/types\/post"}],"author":[{"embeddable":true,"href":"https:\/\/imediata.org\/index.php?rest_route=\/wp\/v2\/users\/1"}],"replies":[{"embeddable":true,"href":"https:\/\/imediata.org\/index.php?rest_route=%2Fwp%2Fv2%2Fcomments&post=846"}],"version-history":[{"count":3,"href":"https:\/\/imediata.org\/index.php?rest_route=\/wp\/v2\/posts\/846\/revisions"}],"predecessor-version":[{"id":851,"href":"https:\/\/imediata.org\/index.php?rest_route=\/wp\/v2\/posts\/846\/revisions\/851"}],"wp:attachment":[{"href":"https:\/\/imediata.org\/index.php?rest_route=%2Fwp%2Fv2%2Fmedia&parent=846"}],"wp:term":[{"taxonomy":"category","embeddable":true,"href":"https:\/\/imediata.org\/index.php?rest_route=%2Fwp%2Fv2%2Fcategories&post=846"},{"taxonomy":"post_tag","embeddable":true,"href":"https:\/\/imediata.org\/index.php?rest_route=%2Fwp%2Fv2%2Ftags&post=846"}],"curies":[{"name":"wp","href":"https:\/\/api.w.org\/{rel}","templated":true}]}}