{"id":811,"date":"2011-12-13T18:47:28","date_gmt":"2011-12-13T18:47:28","guid":{"rendered":"http:\/\/imediata.org\/?p=811"},"modified":"2011-12-13T18:52:45","modified_gmt":"2011-12-13T18:52:45","slug":"sala-de-espera-12-a-midia-brasileira-ensurdecedoramente-muda-quem-cala","status":"publish","type":"post","link":"https:\/\/imediata.org\/?p=811","title":{"rendered":">> Sala de Espera 12 &#8211; A m\u00eddia brasileira ensurdecedoramente muda (Quem cala&#8230;)"},"content":{"rendered":"<p><strong>Sala de Espera 12 &#8211; A m\u00eddia brasileira ensurdecedoramente muda (Quem cala&#8230;)<\/strong><br \/>\n<\/br><br \/>\n<a href=\"http:\/\/imediata.org\/wp-content\/uploads\/2011\/12\/Capa_Privatas_FINAL_-205x300.jpg\"><img loading=\"lazy\" decoding=\"async\" src=\"http:\/\/imediata.org\/wp-content\/uploads\/2011\/12\/Capa_Privatas_FINAL_-205x300.jpg\" alt=\"\" title=\"Capa_Privatas_FINAL_-205x300\" width=\"205\" height=\"300\" class=\"aligncenter size-full wp-image-812\" \/><\/a><br \/>\n<\/br><br \/>\n<strong>Bob Fernandes no Jornal da  Gazeta, sobre o sil\u00eancio da m\u00eddia quanto ao lan\u00e7amento do livro A PRIVATARIA TUCANA de Amaury J\u00fanior<\/strong><br \/>\n<\/br><br \/>\n<strong>Coment\u00e1rio: Bob Fernandes (Ao vivo) &#8211; 12\/12\/2011<\/strong><br \/>\n<iframe loading=\"lazy\" title=\"Coment\u00e1rio: Bob Fernandes (Ao vivo) - 12\/12\/2011\" width=\"640\" height=\"480\" src=\"https:\/\/www.youtube.com\/embed\/pJQFijdzRWw?feature=oembed\" frameborder=\"0\" allow=\"accelerometer; autoplay; clipboard-write; encrypted-media; gyroscope; picture-in-picture; web-share\" referrerpolicy=\"strict-origin-when-cross-origin\" allowfullscreen><\/iframe><br \/>\n<\/br><br \/>\nSete ministros da presidente Dilma j\u00e1 ca\u00edram. sempre em raz\u00e3o de den\u00fancias de corrup\u00e7\u00e3o ou tr\u00e1fico de influ\u00eancia. Em todos os casos, a m\u00eddia cumpriu seu papel. Investigou e manchetou. Impiedosamente. A oposi\u00e7\u00e3o botou a boca no trombone, como lhe cabe fazer. Mas desde sexta-feira o que se ouve \u00e9 um Estrondoso Sil\u00eancio.<br \/>\n<\/br><br \/>\nSexta-feira chegou \u00e0s livrarias &#8220;A Privataria Tucana&#8221;.<br \/>\n<\/br><br \/>\nDe autoria do jornalista Amaury Ribeiro Jr, o livro trata de um milion\u00e1rio esquema de lavagem de dinheiro. Dinheiro que seria fruto de opera\u00e7\u00f5es desde a \u00e9poca em que, no governo Fernando Henrique, o Brasil privatizou seu setor de telefonia.<br \/>\n<\/br><br \/>\nO livro tem 340 p\u00e1ginas: 112 p\u00e1ginas s\u00e3o documentos. Documentos confidencias da CPI do Banestado, documentos obtidos em juntas comercias, e em para\u00edsos fiscais. Personagens centrais do livro s\u00e3o o ex-diretor do Banco do Brasil, Ricardo S\u00e9rgio de OIiveira, e Jos\u00e9 Serra. Serra e alguns dos seus familiares.<br \/>\n<\/br><br \/>\nTamb\u00e9m na sexta-feira, a revista Carta Capital ?chegou \u00e0s bancas com o mesmo tema: o livro de Amaury. Na sexta a revista Terra Magazine entrevistou Amaury, no s\u00e1bado o jornal da Gazeta informou, as redes sociais debatem desde ent\u00e3o. E \u00e9 s\u00f3. Nenhuma not\u00edcia nos telejornais, jornais, na chamada Grande M\u00eddia. S\u00f3 um sil\u00eancio ensurdecedor. ?Se murmura que faltaria credibilidade a Amaury Ribeiro. Isso por ele ter sido indiciado pela Pol\u00edcia Federal. H\u00e1 um ano, sob acusa\u00e7\u00e3o de espionar Serra e sua fam\u00edlia. Em seu livro, Amaury diz que investigava, isso sim, era a espionagem no ninho tucano. Da campanha de Serra contra A\u00e9cio Neves.<br \/>\n<\/br><br \/>\n<a href=\"http:\/\/imediata.org\/wp-content\/uploads\/2011\/12\/6761.jpg\"><img loading=\"lazy\" decoding=\"async\" src=\"http:\/\/imediata.org\/wp-content\/uploads\/2011\/12\/6761-227x300.jpg\" alt=\"\" title=\"\u00a5Capa676.indd\" width=\"227\" height=\"300\" class=\"aligncenter size-medium wp-image-815\" srcset=\"https:\/\/imediata.org\/wp-content\/uploads\/2011\/12\/6761-227x300.jpg 227w, https:\/\/imediata.org\/wp-content\/uploads\/2011\/12\/6761-777x1024.jpg 777w, https:\/\/imediata.org\/wp-content\/uploads\/2011\/12\/6761.jpg 1193w\" sizes=\"auto, (max-width: 227px) 100vw, 227px\" \/><\/a><br \/>\n<\/br><br \/>\nPerguntas: algu\u00e9m invocou credibilidade do Sombra, aquele que recebia e pagava e levou \u00e0 queda do governador Arruda? E quando Roberto Jefferson denunciou o chamado mensal\u00e3o? Os motivos que o levaram \u00e0 den\u00fancia, a sua carreira at\u00e9 ent\u00e3o, silenciaram o notici\u00e1rio? N\u00e3o. E nem deveriam silenciar.<br \/>\n<\/br><br \/>\nO policial Jo\u00e3o Dias, que recebia dinheiro como confessou, h\u00e1 pouco levou \u00e0 queda do ministro dos Esportes, Orlando Silva. O policial fez a den\u00fancia dizendo ter um v\u00eddeo onde entregava dinheiro para o ministro ou os seus. O v\u00eddeo n\u00e3o existe. Mas o notici\u00e1rio seguiu, fatos surgiram e o ministro caiu. ?E Paulo Lacerda? O \u00edntegro, o competent\u00edssimo, honesto delegado que refundou a Pol\u00edcia Federal? Lacerda deixou a Abin, foi para o ex\u00edlio em Portugal por conta de um grampo eletr\u00f4nico que nunca existiu. Mas que serviu para come\u00e7ar a matar a opera\u00e7\u00e3o Satiagraha. Aquela que prendeu Daniel Dantas. Dantas que tamb\u00e9m est\u00e1 no livro.<br \/>\n<\/br><br \/>\nOs citados no livro A Privataria Tucana seguem em sil\u00eancio. A m\u00eddia, sempre pronta para investigar e manchetar, segue em sil\u00eancio. Um sil\u00eancio estrondoso. Se continuar assim, um sil\u00eancio profundamente revelador.<br \/>\n<\/br><\/p>\n<p><strong>Carta Capital:<\/strong><br \/>\n<a href=\"http:\/\/www.cartacapital.com.br\/politica\/a-\u201cprivataria-tucana\u201d-de-amaury-ribeiro-jr-chega-as-bancas-cartacapital-relata-o-que-ha-no-livro\/\">http:\/\/www.cartacapital.com.br\/politica\/a-\u201cprivataria-tucana\u201d-de-amaury-ribeiro-jr-chega-as-bancas-cartacapital-relata-o-que-ha-no-livro\/<\/a><br \/>\n<\/br><br \/>\n<a href=\"http:\/\/www.cartacapital.com.br\/politica\/a-privataria-tucana-vende-15-mil-exemplares-no-1\u00ba-dia-nas-livrarias\/\">http:\/\/www.cartacapital.com.br\/politica\/a-privataria-tucana-vende-15-mil-exemplares-no-1\u00ba-dia-nas-livrarias\/<\/a><\/p>\n","protected":false},"excerpt":{"rendered":"<p>Sala de Espera 12 &#8211; A m\u00eddia brasileira ensurdecedoramente muda (Quem cala&#8230;) Bob Fernandes no Jornal da Gazeta, sobre o sil\u00eancio da m\u00eddia quanto ao lan\u00e7amento do livro A PRIVATARIA TUCANA de Amaury J\u00fanior Coment\u00e1rio: Bob Fernandes (Ao vivo) &#8211; 12\/12\/2011 Sete ministros da presidente Dilma j\u00e1 ca\u00edram. sempre em raz\u00e3o de den\u00fancias de corrup\u00e7\u00e3o [&hellip;]<\/p>\n","protected":false},"author":1,"featured_media":0,"comment_status":"open","ping_status":"open","sticky":false,"template":"","format":"standard","meta":{"footnotes":""},"categories":[100],"tags":[],"class_list":["post-811","post","type-post","status-publish","format-standard","hentry","category-sala-de-espera"],"_links":{"self":[{"href":"https:\/\/imediata.org\/index.php?rest_route=\/wp\/v2\/posts\/811","targetHints":{"allow":["GET"]}}],"collection":[{"href":"https:\/\/imediata.org\/index.php?rest_route=\/wp\/v2\/posts"}],"about":[{"href":"https:\/\/imediata.org\/index.php?rest_route=\/wp\/v2\/types\/post"}],"author":[{"embeddable":true,"href":"https:\/\/imediata.org\/index.php?rest_route=\/wp\/v2\/users\/1"}],"replies":[{"embeddable":true,"href":"https:\/\/imediata.org\/index.php?rest_route=%2Fwp%2Fv2%2Fcomments&post=811"}],"version-history":[{"count":3,"href":"https:\/\/imediata.org\/index.php?rest_route=\/wp\/v2\/posts\/811\/revisions"}],"predecessor-version":[{"id":817,"href":"https:\/\/imediata.org\/index.php?rest_route=\/wp\/v2\/posts\/811\/revisions\/817"}],"wp:attachment":[{"href":"https:\/\/imediata.org\/index.php?rest_route=%2Fwp%2Fv2%2Fmedia&parent=811"}],"wp:term":[{"taxonomy":"category","embeddable":true,"href":"https:\/\/imediata.org\/index.php?rest_route=%2Fwp%2Fv2%2Fcategories&post=811"},{"taxonomy":"post_tag","embeddable":true,"href":"https:\/\/imediata.org\/index.php?rest_route=%2Fwp%2Fv2%2Ftags&post=811"}],"curies":[{"name":"wp","href":"https:\/\/api.w.org\/{rel}","templated":true}]}}