{"id":81,"date":"2009-08-31T21:17:16","date_gmt":"2009-08-31T21:17:16","guid":{"rendered":"http:\/\/imediata.org\/?p=81"},"modified":"2009-08-31T21:53:22","modified_gmt":"2009-08-31T21:53:22","slug":"eduardo-galeano-bases-dos-eua-na-colombia-ofendem-dignidade-e-inteligencia","status":"publish","type":"post","link":"https:\/\/imediata.org\/?p=81","title":{"rendered":">>Eduardo Galeano: &#8220;Bases dos EUA na Col\u00f4mbia ofendem dignidade e intelig\u00eancia&#8221;"},"content":{"rendered":"<p><img decoding=\"async\" src=\"http:\/\/imediata.org\/wp-content\/imagens\/logos\/logolance.jpg\" alt=\"null\" \/><br \/>\n<strong>Entrevista a Fernando Arellano Ortiz<\/strong> &#8211;<a href=\"http:\/\/www.cronicon.net\/paginas\/cronicon_menu.htm\">Cronic\u00f3n<\/a><br \/>\n<strong>29\/08\/2009<\/strong><br \/>\n<strong>Fonte: <a href=\"http:\/\/www.cartamaior.com.br\/templates\/materiaMostrar.cfm?materia_id=16127\">http:\/\/www.cartamaior.com.br\/templates\/materiaMostrar.cfm?materia_id=16127<\/a><\/strong><br \/>\n<strong>Tradu\u00e7\u00e3o: Emir Sader<\/strong><\/p>\n<p><strong>&#8220;Bases dos EUA na Col\u00f4mbia ofendem dignidade e intelig\u00eancia&#8221;<\/strong><\/p>\n<p>Em entrevista concedida no Equador, Eduardo Galeano fala sobre o significado do projeto de instala\u00e7\u00e3o de bases militares norte-americanas na Col\u00f4mbia e sobre o atual momento da Am\u00e9rica Latina. Ao mesmo tempo em que regi\u00e3o vive um tempo aberto de esperan\u00e7a, diz o escritor uruguaio, a independ\u00eancia ainda \u00e9 um projeto inacabado. &#8220;H\u00e1 uma esp\u00e9cie de renascimento que \u00e9 digno de celebra\u00e7\u00e3o em pa\u00edses que n\u00e3o chegaram ainda a ser independentes, apenas come\u00e7aram um pouquinho a s\u00ea-lo. A independ\u00eancia \u00e9 uma tarefa pendente para quase toda a Am\u00e9rica Latina&#8221;, afirma.<\/strong><\/p>\n<p>\u201cA presen\u00e7a norteamericana em bases militares da Col\u00f4mbia n\u00e3o s\u00f3 ofende a dignidade da Am\u00e9rica Latina, mas tamb\u00e9m a intelig\u00eancia\u201d. A afirma\u00e7\u00e3o \u00e9 do escritor uruguaio Eduardo Galeano, em entrevista concedida em Quito a Fernando Arellano Ortiz, de Cronic\u00f3n (Observat\u00f3rio Latinoamericano). Para Galeano, Am\u00e9rica Latina vive um tempo aberto de esperan\u00e7a, mas adverte que a independ\u00eancia da regi\u00e3o ainda \u00e9 uma tarefa inacabada.<\/p>\n<p>Depois de 200 anos da emancipa\u00e7\u00e3o da Am\u00e9rica Latina, pode-se falar de uma reconfigura\u00e7\u00e3o do sujeito pol\u00edtico nesta regi\u00e3o, levando em conta os avan\u00e7os pol\u00edticos que se traduzem em governos progressistas e de esquerda em v\u00e1rios pa\u00edses latinoamericanos?<\/p>\n<p>Galeano: Sim, h\u00e1 um tempo aberto de esperan\u00e7a, uma esp\u00e9cie de renascimento que \u00e9 digno de celebra\u00e7\u00e3o em pa\u00edses que n\u00e3o chegaram ainda a ser independentes, apenas come\u00e7aram um pouquinho a s\u00ea-lo. A independ\u00eancia \u00e9 uma tarefa pendente para quase toda a Am\u00e9rica Latina<\/p>\n<p>Com toda a irrup\u00e7\u00e3o social que se vem dando ao longo do hemisf\u00e9rio, se pode dizer que h\u00e1 uma acentua\u00e7\u00e3o da identidade cultural da Am\u00e9rica Latina?<\/p>\n<p>Galeano: Sim, eu acho que sim e isto passa certamente pelas reformas constitucionais. Ofendeu a minha intelig\u00eancia, al\u00e9m de outras coisas que senti, o horror deste golpe de Estado em Honduras que invocou como causa o pecado cometido por um Presidente que quis consultar o povo sobre a possibilidade de reformar a Constitui\u00e7\u00e3o, porque o que queria Zelaya era consultar sobre a consulta, nem sequer era uma reforma direta. Supondo que fosse uma reforma da Constitui\u00e7\u00e3o, que seja bem vinda, porque as constitui\u00e7\u00f5es n\u00e3o s\u00e3o eternas e para que os pa\u00edses possam realizar-se plenamente t\u00eam que reform\u00e1-las.<\/p>\n<p>Eu me pergunto: o que seria dos EUA se seus habitantes continuassem obedecendo \u00e0 sua primeira Constitui\u00e7\u00e3o? A primeira Constitui\u00e7\u00e3o dos EUA estabelecia que um negro equivalia \u00e0s tr\u00eas quintas parte de uma pessoa. Obama n\u00e3o poderia ser Presidente porque nenhum pa\u00eds pode ter como mandat\u00e1rio as tr\u00eas quintas partes de uma pessoa.<\/p>\n<p>Voc\u00ea reivindica a figura do presidente Barack Obama por sua condi\u00e7\u00e3o racial, mas o fato de manter ou ampliar a presen\u00e7a norteamericana mediante bases militares na Am\u00e9rica Latina, como est\u00e1 acontecendo agora na Col\u00f4mbia com a instala\u00e7\u00e3o de sete plataformas de controle e espionagem, n\u00e3o desdiz das verdadeiras inten\u00e7\u00f5es desse mandat\u00e1rio do Partido Democrata, e simplesmente segue ao p\u00e9 da letra os planos expansionistas e de amea\u00e7a de uma pot\u00eancia hegem\u00f4nica como os EUA?<\/p>\n<p>Galeano: O que acontece \u00e9 que Obama n\u00e3o definiu muito bem o que quer fazer nem em rela\u00e7\u00e3o \u00e0 America Latina, as rela\u00e7\u00f5es nossas, tradicionalmente duvidosas, nem tampouco em outros temas. Em alguns espa\u00e7os h\u00e1 uma vontade de mudan\u00e7a expressa, por exemplo, no que tem a ver com o sistema de sa\u00fade que \u00e9 escandaloso nos EUA, se voc\u00ea quebra a perna, tem que pagar at\u00e9 o fim dos teus dias a d\u00edvida com esse acidente. <\/p>\n<p>Mas em outros espa\u00e7os n\u00e3o, ele continua falando de \u201cnossa lideran\u00e7a\u201d, \u201cnosso estilo de vida\u201d em uma linguagem excessivamente parecida com as dos anteriores. Me parece muito positivo que um pa\u00eds t\u00e3o racista como esse e com epis\u00f3dios de um racismo colossal, descomunal, escandaloso, ocorridos h\u00e1 quinze minutos em termos hist\u00f3ricos tenha um presidente seminegro. Em 1942 ou seja m\u00e9dio s\u00e9culo, nada, o Pent\u00e1gono proibiu as transfus\u00f5es de sangue negro e a\u00ed o diretor da Cruz Vermelha renunciou ou foi renunciado porque se negou a aceitar a ordem dizendo que todo sangue \u00e9 vermelho e que era um disparate falar de sangue negro, e ele, Charles Drew, era negro e um grande cientista, o que fez poss\u00edvel a aplica\u00e7\u00e3o do plasma em escala universal. Ent\u00e3o um pa\u00eds que fizesse um disparate como proibir o sangue negro ter agora Obama como presidente \u00e9 um grande avan\u00e7o. Mas por outro lado, at\u00e9 agora eu n\u00e3o vejo uma mudan\u00e7a substancial. A\u00ed est\u00e1, por exemplo, o modo como seu governo enfrentou a crise financeira. Pobrezinho, eu n\u00e3o gostaria de estar na sua pele, mas a verdade \u00e9 que acabaram recompensando os especuladores, os piratas de Wall Street que s\u00e3o muit\u00edssimo mais perigosos que os da Som\u00e1lia porque estes assaltam apenas aos naviozinhos na costa, mas os da Bolsa de Nova York assaltam todo o mundo. Eles foram finalmente recompensados; eu gostaria de come\u00e7ar uma campanha em princ\u00edpio comovido pela crise dos banqueiros com o lema: \u201cadote um banqueiro\u201d, mas desisti porque vi que o Estado assumiu essa responsabilidade. E da mesma forma com a Am\u00e9rica Latina, que parece n\u00e3o ter muito claro o que fazer.<\/p>\n<p>Os EUA estiveram mais de um s\u00e9culo dedicados \u00e0 fabrica\u00e7\u00e3o de ditaduras militares na America Latina. Ent\u00e3o, na hora de defender uma democracia como no caso de Honduras, diante de um clar\u00edssimo golpe de Estado, vacilam, tem respostas amb\u00edguas, n\u00e3o sabem o que fazer, porque n\u00e3o tem pr\u00e1tica, lhes falta experi\u00eancia, h\u00e1 mais de um s\u00e9culo trabalham no sentido oposto, ent\u00e3o compreendo que a tarefa n\u00e3o \u00e9 f\u00e1cil. No caso das bases militares na Col\u00f4mbia, n\u00e3o s\u00f3 ofende a dignidade coletiva da Am\u00e9rica Latina, mas tamb\u00e9m a intelig\u00eancia de cada um de n\u00f3s, porque que se diga que sua fun\u00e7\u00e3o vai ser combater as drogas, por favor, at\u00e9 quando! Quase toda a hero\u00edna que se consome no mundo provem do Afeganist\u00e3o, quase toda, dados oficiais das Na\u00e7\u00f5es Unidas que todo mundo pode ver na internet. E o Afeganist\u00e3o \u00e9 um pa\u00eds ocupado pelos EUA e como se sabe os pa\u00edses ocupantes tem a responsabilidade do que acontece nos pa\u00edses ocupados, portanto tem algo que ver com este narcotr\u00e1fico em escala universal e s\u00e3o dignos herdeiros da rainha Vit\u00f3ria que era narcotraficante.<\/p>\n<p><strong>N\u00e3o se pode ser t\u00e3o hip\u00f3crita<\/strong><\/p>\n<p>A rainha brit\u00e2nica que introduziu por todos os meios no s\u00e9culo XIX o \u00f3pio na China atrav\u00e9s de comerciantes da Inglaterra e dos EUA<\/p>\n<p>Galeano: Sim, a celeb\u00e9rrima rainha Vit\u00f3ria da Inglaterra imp\u00f4s na China ao longo de duas guerras de trinta anos, matando uma quantidade imensa de chineses, porque o imp\u00e9rio chin\u00eas se negava a aceitar essa subst\u00e2ncia dentro de suas fronteiras que estava proibida. E o \u00f3pio \u00e9 o pai da hero\u00edna e da morfina, justamente. Ent\u00e3o aos chineses lhes custou muito, porque a China era uma grande pot\u00eancia que podia ter competido com a Inglaterra no come\u00e7o da revolu\u00e7\u00e3o industrial, era a oficina do mundo, e a guerra do \u00f3pio os arrasou, os converteu em uma piltrafa, a\u00ed entraram os japoneses como anel ao dedo, em quinze minutos. Vit\u00f3ria era uma rainha traficante e os EUA, que tanto usam a droga como pretexto para justificar suas invas\u00f5es militares, porque disso se trata, s\u00e3o dignos herdeiros desta feia tradi\u00e7\u00e3o. Me parece que j\u00e1 \u00e9 hora que acordemos um pouquinho, porque n\u00e3o se pode ser t\u00e3o hip\u00f3crita. Se v\u00e3o ser hip\u00f3critas que o sejam com mais cautela. Na Am\u00e9rica Latina temos bons professores de hipocrisia, se querem podemos em um conv\u00eanio de ajuda tecnol\u00f3gica m\u00fatua emprestar-lhes alguns hip\u00f3critas nossos.<\/p>\n<p>H\u00e1 exatamente nove anos, voc\u00ea disse em uma entrevista concedida em Bogot\u00e1 a mim a seguinte frase: \u201cDeus livre a Col\u00f4mbia do Plano Col\u00f4mbia\u201d. Qual \u00e9 agora sua reflex\u00e3o em rela\u00e7\u00e3o a esse pa\u00eds andino que enfrenta um governo autorit\u00e1rio entregue aos interesses dos EUA, com uma alarmante situa\u00e7\u00e3o de viola\u00e7\u00e3o de direitos humanos e com um conflito interno que segue sangrando-o?<\/p>\n<p>Galeano: Al\u00e9m disso, com problemas grav\u00edssimos que se foram agudizando com a passagem do tempo. Eu n\u00e3o sei, te digo, quem sou eu para dar conselhos \u00e0 Col\u00f4mbia nem aos colombianos, al\u00e9m disso sempre estive contra esse costume ruim de algumas pessoas que se sentem em condi\u00e7\u00f5es de dizer o que cada pa\u00eds tem que fazer. Eu nunca cometi esse pecado imperdo\u00e1vel e n\u00e3o vou comet\u00ea-lo agora com a Col\u00f4mbia, s\u00f3 posso dizer que tomara que os colombianos encontrem seu caminho, tomara que o encontrem, ningu\u00e9m pode impor-lhes de fora, nem pela esquerda, nem pela direita, nem pelo centro, nem por nada, ser\u00e3o os colombianos que devem encontr\u00e1-lo. O que eu posso dizer \u00e9 que eu testemunho as coisas. <\/p>\n<p>Se h\u00e1 um tribunal mundial que alguma vez chegue a julgar a Col\u00f4mbia pelo que se diz da Col\u00f4mbia: pa\u00eds violento, narcotraficante, condenado \u00e0 viol\u00eancia perp\u00e9tua, eu vou dar testemunho de que n\u00e3o, de que esse \u00e9 um pa\u00eds carinhoso, alegre e que merece um destino melhor. <\/p>\n<p><strong>Reivindicando a mem\u00f3ria de Ra\u00fal Sendic<\/strong><\/p>\n<p>H\u00e1 muitos anos, talvez umas quatro d\u00e9cadas, havia um personagem em Montevid\u00e9u que se reunia com um jovem desenhista chamado Eduardo Hughes Galeano com o prop\u00f3sito de lhe dar id\u00e9ias para a elabora\u00e7\u00e3o de suas caricaturas, chamado Ra\u00fal Sendic, o inspirador da Frente Ampla do Uruguai.<\/p>\n<p>Galeano: E o dirigente guerrilheiro dos Tupamaros, mesmo se naquele momento ainda n\u00e3o o era. \u00c9 verdade, quando eu era crian\u00e7a, quase catorze anos, e comecei a desenhar caricaturas, ele se sentava a olhar e me dava id\u00e9ias, era um homem bastante mais velho que eu, com certa experi\u00eancia, e ainda n\u00e3o era o que foi depois: o fundador, organizador e dirigente dos Tupamaros. Me lembro o que disse a Emilio Frugoni que naquela \u00e9poca era dirigente do Partido Socialista e diretor do seman\u00e1rio em que eu publicava umas caricaturas precoces, assinalando para mim: \u201cEste vai ser ou presidente ou grande delinq\u00fcente\u201d. Foi uma boa profecia e terminei sendo grande delinq\u00fcente.<\/p>\n<p>O fato de que hoje a Frente Ampla est\u00e1 governando o Uruguai e que um ex-guerrilheiro como Pepe Mujica tenha possibilidade de ganhar as elei\u00e7\u00f5es constitui uma reivindica\u00e7\u00e3o \u00e0 mem\u00f3ria de Sendic?<\/p>\n<p>Galeano: Sim e de todos os que participaram em uma luta longa para romper o monop\u00f3lio de dois, exercido pelo Partido Colorado e pelo Partido Nacional durante quase toda a vida independente do pa\u00eds. A Frente Ampla surge h\u00e1 pouco tempo no cen\u00e1rio pol\u00edtico nacional e me parece muito positivo que esteja governando agora, aparte de que eu n\u00e3o coincida com tudo o que se faz e al\u00e9m disso creio que n\u00e3o se faz tudo o que se deveria fazer. Mas isso n\u00e3o tem nada que ver porque finalmente a vit\u00f3ria da Frente Ampla foi tamb\u00e9m uma vit\u00f3ria da diversidade pol\u00edtica que eu creio que \u00e9 a base da democracia. Na Frente coexistem muitos partidos e movimentos diferentes, unidos claro em uma causa comum, mas com suas diversidades e diferen\u00e7as, e eu as reivndico, para mim isso \u00e9 fundamental.<\/p>\n<p>O que representa para voc\u00ea como uruguaio o fato de que um dirigente emblem\u00e1tico da esquerda como Pepe Mujica, ex-guerrilheiro tupamaro, tenha amplas possibilidades de chegar \u00e0 Presid\u00eancia da Rep\u00fablica?<\/p>\n<p>Galeano: Com alguma sorte, n\u00e3o vai ser f\u00e1cil, vamos ver o que acontece, mas eu acho que \u00e9 um processo de recupera\u00e7\u00e3o, as pessoas se reconhecem justamente no Pepe Mujica porque ele \u00e9 radicalmente diferente dos nossos pol\u00edticos tradicionais, na sua linguagem, at\u00e9 no seu aspecto e tudo o mais, por mais que ele tratou de se vestir como cavalheiro fino, n\u00e3o cai bem nele, e expressa muito bem uma necessidade e uma vontade popular de mudan\u00e7a. Acho que seria bom que ele chegasse \u00e0 Preisd\u00eancia, vamos ver se isso acontece ou n\u00e3o. De qualquer maneira, o drama do Uruguai como o do Equador, certamente, pa\u00eds em que estamos conversando neste momento, \u00e9 a hemorragia de sua popula\u00e7\u00e3o jovem. Ou seja, a nossa \u00e9 uma p\u00e1tria peregrina; no seu discurso de posse o presidente Rafael Correa falou dos exilados da pobreza e a verdade \u00e9 que h\u00e1 uma enorme quantidade de uruguaios muito mais do que se diz, porque n\u00e3o s\u00e3o oficiais as cifras, mas n\u00e3o menos de 700 ou 800 mil uruguaios em uma popula\u00e7\u00e3o pequenin\u00edssima, porque n\u00f3s no Uruguai somos 3 milh\u00f5es e meio, essa \u00e9 uma quantidade imensa de gente fora, todos ou quase todos jovens, ent\u00e3o ficaram os velhos ou as pessoas que j\u00e1 cumpriram essa etapa da vida em que a gente quer que tudo mude para se resignar a que n\u00e3o mude nada ou que mude muito pouco. <\/p>\n<p><strong>Tijolos coloridos para armar mosaicos<\/strong><\/p>\n<p>Depois de seus reputados livros \u201cAs veias abertas da Am\u00e9rica Latina\u201d, publicado em 1970, e \u201cEspelhos\u201d, editado em 2008, que relatam hist\u00f3rias da inf\u00e2mia, o primeiro sobre nosso continente e o outro de boa parte do mundo, h\u00e1 espa\u00e7o para continuar acreditando na utopia?<\/p>\n<p>Galeano: O que faz \u201cEspelhos\u201d \u00e9 recuperar a hist\u00f3ria universal em todas suas dimens\u00f5es, em seus horrores, mas tamb\u00e9m em suas festas, \u00e9 muito diferente de \u201cAs veias abertas da Am\u00e9rica Latina\u201d, que foi o come\u00e7o de um caminho. \u201cAs veias abertas\u201d \u00e9 quase um ensaio de economia pol\u00edtica, escrito em uma linguagem n\u00e3o muito tradicional no g\u00eanero, por isso perdeu o concurso da Casa das Am\u00e9ricas, porque o jurado n\u00e3o o considerou um livro s\u00e9rio. Era uma \u00e9poca em que a esquerda s\u00f3 acreditava que o s\u00e9rio era o chato, e como o livro n\u00e3o era chato, n\u00e3o era s\u00e9rio, mas \u00e9 um livro muito concentrado na hist\u00f3ria pol\u00edtica econ\u00f4mica e nas barbaridades que essa hist\u00f3ria implicou para n\u00f3s, como nos deformou e nos estrangulou. Em compensa\u00e7\u00e3o, \u201cEspelhos\u201d tenta abordar o mundo inteiro recolhendo tudo, as noites e os dias, as luzes e as sombras, s\u00e3o todas hist\u00f3rias muito curtinhas, e h\u00e1 tamb\u00e9m uma diferen\u00e7a de estilo. \u201cAs veias abertas\u201d tem uma estrutura tradicional, e a partir da\u00ed eu tentei encontrar uma linguagem pr\u00f3pria minha, que \u00e9 a do relato curto, tijolos coloridos para armar os grandes mosaicos, um estilo como o dos muralistas, e cada relato \u00e9 um pequeno tijolo que incorpora uma cor, e um dos \u00faltimos relatos de \u201cEspelhos\u201d evoca uma recorda\u00e7\u00e3o da minha inf\u00e2ncia que \u00e9 verdadeiro; \u00e9 que quando eu era pequenininho acreditava que tudo o que se perdia na Terra ia parar na Lua, estava convencido disso e me surprendeu quando chegaram os astronautas \u00e0 Lua porque n\u00e3o encontraram nem promessas tra\u00eddas, nem ilus\u00f5es perdidas, nem esperan\u00e7as rompidas, e ent\u00e3o eu me perguntei: se n\u00e3o est\u00e3o na Lua, onde est\u00e3o? Ser\u00e1 que n\u00e3o est\u00e3o aqui na terra, esperando-nos?<\/p>\n","protected":false},"excerpt":{"rendered":"<p>Entrevista a Fernando Arellano Ortiz &#8211;Cronic\u00f3n 29\/08\/2009 Fonte: http:\/\/www.cartamaior.com.br\/templates\/materiaMostrar.cfm?materia_id=16127 Tradu\u00e7\u00e3o: Emir Sader &#8220;Bases dos EUA na Col\u00f4mbia ofendem dignidade e intelig\u00eancia&#8221; Em entrevista concedida no Equador, Eduardo Galeano fala sobre o significado do projeto de instala\u00e7\u00e3o de bases militares norte-americanas na Col\u00f4mbia e sobre o atual momento da Am\u00e9rica Latina. Ao mesmo tempo em que [&hellip;]<\/p>\n","protected":false},"author":30,"featured_media":0,"comment_status":"open","ping_status":"open","sticky":false,"template":"","format":"standard","meta":{"footnotes":""},"categories":[9],"tags":[],"class_list":["post-81","post","type-post","status-publish","format-standard","hentry","category-lance-de-dados"],"_links":{"self":[{"href":"https:\/\/imediata.org\/index.php?rest_route=\/wp\/v2\/posts\/81","targetHints":{"allow":["GET"]}}],"collection":[{"href":"https:\/\/imediata.org\/index.php?rest_route=\/wp\/v2\/posts"}],"about":[{"href":"https:\/\/imediata.org\/index.php?rest_route=\/wp\/v2\/types\/post"}],"author":[{"embeddable":true,"href":"https:\/\/imediata.org\/index.php?rest_route=\/wp\/v2\/users\/30"}],"replies":[{"embeddable":true,"href":"https:\/\/imediata.org\/index.php?rest_route=%2Fwp%2Fv2%2Fcomments&post=81"}],"version-history":[{"count":0,"href":"https:\/\/imediata.org\/index.php?rest_route=\/wp\/v2\/posts\/81\/revisions"}],"wp:attachment":[{"href":"https:\/\/imediata.org\/index.php?rest_route=%2Fwp%2Fv2%2Fmedia&parent=81"}],"wp:term":[{"taxonomy":"category","embeddable":true,"href":"https:\/\/imediata.org\/index.php?rest_route=%2Fwp%2Fv2%2Fcategories&post=81"},{"taxonomy":"post_tag","embeddable":true,"href":"https:\/\/imediata.org\/index.php?rest_route=%2Fwp%2Fv2%2Ftags&post=81"}],"curies":[{"name":"wp","href":"https:\/\/api.w.org\/{rel}","templated":true}]}}