{"id":792,"date":"2011-12-13T12:07:17","date_gmt":"2011-12-13T12:07:17","guid":{"rendered":"http:\/\/imediata.org\/?p=792"},"modified":"2011-12-13T12:32:23","modified_gmt":"2011-12-13T12:32:23","slug":"singelas-profana-acoes-8-o-dedo-medio-contra-os-que-mandam-no-mundo","status":"publish","type":"post","link":"https:\/\/imediata.org\/?p=792","title":{"rendered":">> Singelas PROFANA-a\u00e7\u00f5es 8 O DEDO M\u00c9DIO contra os que mandam no mundo"},"content":{"rendered":"<p><strong>Singelas PROFANA-a\u00e7\u00f5es 8 O DEDO M\u00c9DIO contra os que mandam no mundo<\/strong><\/p>\n<p><\/br><br \/>\n<strong>Por: Mario S. Mieli<br \/>\nMensagem original de: 28 de Set de 2011, atualizada em 13 de Dez de 2011<\/strong><br \/>\n<\/br><br \/>\n<a href=\"http:\/\/imediata.org\/wp-content\/uploads\/2011\/12\/dito-borsa2.jpg\"><img loading=\"lazy\" decoding=\"async\" src=\"http:\/\/imediata.org\/wp-content\/uploads\/2011\/12\/dito-borsa2.jpg\" alt=\"\" title=\"dito-borsa2\" width=\"620\" height=\"413\" class=\"aligncenter size-full wp-image-793\" srcset=\"https:\/\/imediata.org\/wp-content\/uploads\/2011\/12\/dito-borsa2.jpg 620w, https:\/\/imediata.org\/wp-content\/uploads\/2011\/12\/dito-borsa2-300x199.jpg 300w\" sizes=\"auto, (max-width: 620px) 100vw, 620px\" \/><\/a><br \/>\n<\/br><br \/>\n<strong>ESCULTURA DO \u201cDEDO M\u00c9DIO\u201d DE MAURIZIO CATELLAN DE QUE MAURO SANTAYANA FALA<br \/>\nNO FIM DO SEU ARTIGO &#8211; INSTALADA EM FRENTE \u00c0 BOLSA DE VALORES DE MIL\u00c3O.<br \/>\nBOM DESFRUTE E\u2026 DEDOS M\u00c9DIOS EM RISTE.<br \/>\nNAMASTE!!!<\/strong><br \/>\n<\/br><br \/>\n<a href=\"http:\/\/imediata.org\/wp-content\/uploads\/2011\/12\/mi250910var_0011-1.bro_.jpg\"><img loading=\"lazy\" decoding=\"async\" src=\"http:\/\/imediata.org\/wp-content\/uploads\/2011\/12\/mi250910var_0011-1.bro_.jpg\" alt=\"\" title=\"Inaugurata l&#039;opera d&#039; arte di Maurizio Cattelan &quot; Il Dito Medio &quot; in Piazza Affari\" width=\"500\" height=\"334\" class=\"aligncenter size-full wp-image-794\" srcset=\"https:\/\/imediata.org\/wp-content\/uploads\/2011\/12\/mi250910var_0011-1.bro_.jpg 500w, https:\/\/imediata.org\/wp-content\/uploads\/2011\/12\/mi250910var_0011-1.bro_-300x200.jpg 300w\" sizes=\"auto, (max-width: 500px) 100vw, 500px\" \/><\/a><br \/>\n<\/br><br \/>\n<strong>MAURIZIO CATELLAN EST\u00c1 EXPONDO ATUALMENTE (de 4 de NOV de 2011 a 22 de JAN de 2012) NO MUSEU GUGGENHEIM DE NOVA YORK \u2013<br \/>\nMAURIZIO CATELLAN: ALL<\/strong><br \/>\n<a href=\"http:\/\/www.guggenheim.org\/new-york\/exhibitions\/on-view\/maurizio-cattelan-all\">http:\/\/www.guggenheim.org\/new-york\/exhibitions\/on-view\/maurizio-cattelan-all<\/a><br \/>\n<\/br><br \/>\n<a href=\"http:\/\/www.nytimes.com\/2011\/11\/04\/arts\/design\/maurizio-cattelan-at-the-guggenheim-review.html\">http:\/\/www.nytimes.com\/2011\/11\/04\/arts\/design\/maurizio-cattelan-at-the-guggenheim-review.html<\/a><br \/>\n<\/br> <\/p>\n<p><\/br><a href=\"http:\/\/imediata.org\/wp-content\/uploads\/2011\/12\/04CATTELAN_SPAN-articleLarge.jpg\"><img loading=\"lazy\" decoding=\"async\" src=\"http:\/\/imediata.org\/wp-content\/uploads\/2011\/12\/04CATTELAN_SPAN-articleLarge.jpg\" alt=\"\" title=\"04CATTELAN_SPAN-articleLarge\" width=\"600\" height=\"360\" class=\"aligncenter size-full wp-image-798\" srcset=\"https:\/\/imediata.org\/wp-content\/uploads\/2011\/12\/04CATTELAN_SPAN-articleLarge.jpg 600w, https:\/\/imediata.org\/wp-content\/uploads\/2011\/12\/04CATTELAN_SPAN-articleLarge-300x180.jpg 300w\" sizes=\"auto, (max-width: 600px) 100vw, 600px\" \/><\/a><br \/>\n<\/br><br \/>\n<strong>Os que mandam no mundo<\/strong><br \/>\n<\/br><br \/>\n<strong>por Mauro Santayana<\/strong><br \/>\n<\/br><br \/>\n<a href=\"http:\/\/www.maurosantayana.com\/\">http:\/\/www.maurosantayana.com\/<\/a><br \/>\n<\/br><br \/>\nAs grandes crises econ\u00f4micas mundiais trazem o desemprego e a mis\u00e9ria, e atingem tamb\u00e9m os investidores. Houve milion\u00e1rios que, v\u00edtimas de sua pr\u00f3pria ambi\u00e7\u00e3o e dos especuladores, chegaram ao suic\u00eddio, como na queda vertiginosa da Bolsa de Nova Iorque, em 1929. Mas as grandes crises s\u00e3o \u201co sonho feito realidade para aqueles que querem fazer dinheiro\u201d, como revelou um corretor de valores de Londres, Alessio Rastani, em  entrevista \u00e0 BBC, que reproduzida pela internet, est\u00e1 surpreendendo o mundo. Ele afirmou tamb\u00e9m que havia sonhado tr\u00eas anos com uma recess\u00e3o como a atual.  Rastani \u00e9 auto-identificado pelo seu site na rede mundial como h\u00e1bil operador, consultor no mercado de capitais, e conferencista que percorre o mundo, a fim de orientar os investidores. Ele declarou \u00e0 emissora brit\u00e2nica que quem manda no mundo, porque manda nos governos, \u00e9 o grande banco de investimentos Goldman Sachs.<br \/>\n<\/br><br \/>\nRastani n\u00e3o citou diretamente o jornalista franc\u00eas Marc Roche que, no ano passado, publicou um livro forte, e sobre o qual os grandes meios internacionais de comunica\u00e7\u00e3o quase nada dizem, com o t\u00edtulo de La Banque: Comment Goldman Sachs dirige le monde (Albin Michel, Paris, 2010).  Roche \u00e9, h\u00e1 mais de vinte anos, correspondente de Le Monde, na City de Londres, o que lhe possibilita acompanhar os grandes movimentos das finan\u00e7as internacionais. O livro demonstra que o banco americano conseguiu atuar junto ao governo de grandes pa\u00edses, mediante a infiltra\u00e7\u00e3o de seus ex-dirigentes,  ao mesmo tempo em que cooptou ex-governantes para participar de suas grandes decis\u00f5es, em opera\u00e7\u00e3o que, de acordo com o livro de  Marc Roche \u2013 em entrevista \u00e0 televis\u00e3o, o escritor os chamou de imorais-   sugere corrup\u00e7\u00e3o e suborno em escala global.<br \/>\n<\/br><br \/>\nEntre outros, Marc Roche cita o atual presidente do Banco Central da It\u00e1lia, Mario Draghi. Draghi, como representante da It\u00e1lia, participa do board do Banco Central Europeu, e \u00e9 cotado para suceder a Trichet, na presid\u00eancia da institui\u00e7\u00e3o. Foi vice-presidente e diretor executivo do Goldman Sachs para a Europa (e  tamb\u00e9m diretor do Banco Mundial). Outro italiano, Mario Monti, \u00e9 conselheiro atual do Goldman, para assuntos internacionais, e foi comiss\u00e1rio da Uni\u00e3o Europ\u00e9ia para o mercado interno e para os assuntos de concorr\u00eancia. Nesses cargos, Monti defendeu ardorosamente a divis\u00e3o de todos os servi\u00e7os p\u00fablicos em empresas m\u00e9dias e sua privatiza\u00e7\u00e3o.<br \/>\n<\/br><br \/>\nEm sua t\u00e1tica de recrutamento, Goldman Sachs cooptou tamb\u00e9m Otmar Issing, ex-diretor do Bundesbank \u2013 o Banco Central da Alemanha \u2013 e ex-economista chefe do Banco Central Europeu, para o seu conselho diretor. Dirigentes do Goldman ocuparam posi\u00e7\u00f5es destacadas no governo norte-americano, e ainda ocupam. Robert Rubin, de sua diretoria executiva, foi Secret\u00e1rio do Tesouro de Bill Clinton, de 1995 a 1999; Henry Paulsen, ex-presidente do Goldman, foi nomeado Secret\u00e1rio de Tesouro de George Bush, em 2006. Ainda nos Estados Unidos: o atual Secret\u00e1rio do Tesouro, Tim Geithner, escolheu, como seu chefe de gabinete, Mark Patterson que, durante dez anos, foi o chefe dos lobistas do Goldman Sachs junto ao Congresso dos Estados Unidos.<br \/>\n<\/br><br \/>\nAt\u00e9 mesmo na \u00c1frica, o Goldman tem os seus tent\u00e1culos. Olusengun Aganga, que dirigia o servi\u00e7o dos hedge funds, foi nomeado ministro de Economia do atual governo da Nig\u00e9ria. Tito Mboweni,  presidente do Banco Central da \u00c1frica do Sul, de 1999 a 2009, foi contratado pelo Goldman como seu conselheiro internacional, em maio do ano passado. Como registra o autor do livro, o Goldman conseguiu manipular os governos, de Mandela a Bush. Um s\u00f3 ato mostra a capacidade de coopta\u00e7\u00e3o do Goldman Sachs. Quando Secret\u00e1rio do Tesouro de Bush, seu ex-presidente, Henry Paulsen, decidiu que o Tesouro socorresse com 60 bilh\u00f5es de d\u00f3lares a seguradora AIG, falida pelas opera\u00e7\u00f5es da bolha imobili\u00e1ria. A primeira d\u00edvida da AIG a ser saldada, de 29 bilh\u00f5es de d\u00f3lares, foi exatamente com o Goldman Sachs.<br \/>\n<\/br><br \/>\nTodas essas revela\u00e7\u00f5es, n\u00e3o contestadas pelo Goldman Sachs, mostram como atuam as grandes institui\u00e7\u00f5es financeiras. Elas s\u00f3 podem assim agir, porque os estados nacionais \u2013 hoje chefiados, salvo poucas exce\u00e7\u00f5es, por servidores do neoliberalismo &#8211;  renunciaram \u00e0 sua responsabilidade essencial, de promover a justi\u00e7a e impedir o saqueio dos bens comuns pelos criminosos, muitos deles de enganosa respeitabilidade acad\u00eamica, como s\u00e3o os principais dirigentes do Goldman Sachs.<br \/>\nComo estamos no assunto, Wall Street continua cercada pelos \u201cindignados\u201d manifestantes de Nova Iorque, que contam com o apoio de personalidades conhecidas, como Michael Moore, o inc\u00f4modo cineasta de Farenheit 9\/11 e o ling\u00fcista Noam Chomsky.<br \/>\n<\/br><br \/>\n\u00c9 um princ\u00edpio ainda t\u00eanue, mas os movimentos sociais s\u00e3o como os rios: nascem em pequenas fontes e v\u00e3o crescendo rumo ao mar. No Brasil, \u00e9 ainda t\u00edmida a atua\u00e7\u00e3o dos intelectuais \u2013 e de todos os cidad\u00e3os \u2013 junto ao Congresso para uma necess\u00e1ria e rigorosa legisla\u00e7\u00e3o reguladora do sistema financeiro, o principal benefici\u00e1rio da pol\u00edtica privatizadora do governo Fernando Henrique Cardoso.<br \/>\n<\/br><br \/>\nE para continuar no assunto: a escultura, intitulada \u201cO dedo de Deus\u201d, de Maurizio Cattelan, irreverente artista italiano \u2013 um punho fechado,  mostrando o dedo m\u00e9dio levantado,  gesto obsceno em quase todos os pa\u00edses do mundo \u2013 havia sido retirada da frente da Bolsa de Valores de Mil\u00e3o pela prefeita Letizia Moratti. O novo prefeito da cidade, Giuliano Pisapia, de centro-esquerda, com o apoio dos \u201cindignati\u201d italianos, recolocou-a em seu lugar.<br \/>\n<\/br><br \/>\n<a href=\"http:\/\/imediata.org\/wp-content\/uploads\/2011\/12\/images2.jpeg\"><img loading=\"lazy\" decoding=\"async\" src=\"http:\/\/imediata.org\/wp-content\/uploads\/2011\/12\/images2.jpeg\" alt=\"\" title=\"images\" width=\"193\" height=\"262\" class=\"aligncenter size-full wp-image-800\" \/><\/a><br \/>\n<\/br><br \/>\n<strong>L.O.V.E. di Maurizio Cattelan a Milano<\/strong><br \/>\n<iframe loading=\"lazy\" title=\"L.O.V.E. di Maurizio Cattelan a Milano\" width=\"640\" height=\"360\" src=\"https:\/\/www.youtube.com\/embed\/Yy3zOTCSPHc?feature=oembed\" frameborder=\"0\" allow=\"accelerometer; autoplay; clipboard-write; encrypted-media; gyroscope; picture-in-picture; web-share\" referrerpolicy=\"strict-origin-when-cross-origin\" allowfullscreen><\/iframe><br \/>\n<\/br><br \/>\n<strong>Wallstrip &#8211; Goldman Sachs (GS)<\/strong><br \/>\nhttp:\/\/youtu.be\/Vyl46aaSWnE<br \/>\n<\/br><br \/>\n<strong>LISTEN: Eric Allen Bell<\/strong><br \/>\nhttp:\/\/youtu.be\/zQYlfP0_hs0<br \/>\n<\/br><br \/>\n<strong>Reflections on the Class War &#8211; by Eric Allen Bell<\/strong><br \/>\nhttp:\/\/youtu.be\/20IYa9inT38<br \/>\n<\/br><br \/>\n<strong>Lucio Dalla &#8211; La Borsa Valori<\/strong><br \/>\n<iframe loading=\"lazy\" title=\"Lucio Dalla - La Borsa Valori\" width=\"640\" height=\"480\" src=\"https:\/\/www.youtube.com\/embed\/0mUARXKGhMM?feature=oembed\" frameborder=\"0\" allow=\"accelerometer; autoplay; clipboard-write; encrypted-media; gyroscope; picture-in-picture; web-share\" referrerpolicy=\"strict-origin-when-cross-origin\" allowfullscreen><\/iframe><br \/>\n<\/br><br \/>\n<strong>Papa Roach \u2013 Getting Away with Murder<\/strong><br \/>\n<iframe loading=\"lazy\" title=\"Papa Roach - Getting Away With Murder\" width=\"640\" height=\"480\" src=\"https:\/\/www.youtube.com\/embed\/-rdmG0k8S8k?feature=oembed\" frameborder=\"0\" allow=\"accelerometer; autoplay; clipboard-write; encrypted-media; gyroscope; picture-in-picture; web-share\" referrerpolicy=\"strict-origin-when-cross-origin\" allowfullscreen><\/iframe><br \/>\n<\/br><br \/>\n<strong>Maurizio Cattelan at Guggenheim Museum-1, NYC (Nov 2011)<\/strong><br \/>\n<iframe loading=\"lazy\" title=\"Maurizio Cattelan at Guggenheim Museum-1, NYC (Nov 2011)\" width=\"640\" height=\"480\" src=\"https:\/\/www.youtube.com\/embed\/L-LNAT8cVjI?feature=oembed\" frameborder=\"0\" allow=\"accelerometer; autoplay; clipboard-write; encrypted-media; gyroscope; picture-in-picture; web-share\" referrerpolicy=\"strict-origin-when-cross-origin\" allowfullscreen><\/iframe><br \/>\n<\/br><br \/>\n<a href=\"http:\/\/imediata.org\/wp-content\/uploads\/2011\/12\/Maurizio_Cattelan_02.jpg\"><img loading=\"lazy\" decoding=\"async\" src=\"http:\/\/imediata.org\/wp-content\/uploads\/2011\/12\/Maurizio_Cattelan_02.jpg\" alt=\"\" title=\"Maurizio_Cattelan_02\" width=\"500\" height=\"342\" class=\"aligncenter size-full wp-image-799\" srcset=\"https:\/\/imediata.org\/wp-content\/uploads\/2011\/12\/Maurizio_Cattelan_02.jpg 500w, https:\/\/imediata.org\/wp-content\/uploads\/2011\/12\/Maurizio_Cattelan_02-300x205.jpg 300w\" sizes=\"auto, (max-width: 500px) 100vw, 500px\" \/><\/a><\/p>\n","protected":false},"excerpt":{"rendered":"<p>Singelas PROFANA-a\u00e7\u00f5es 8 O DEDO M\u00c9DIO contra os que mandam no mundo Por: Mario S. Mieli Mensagem original de: 28 de Set de 2011, atualizada em 13 de Dez de 2011 ESCULTURA DO \u201cDEDO M\u00c9DIO\u201d DE MAURIZIO CATELLAN DE QUE MAURO SANTAYANA FALA NO FIM DO SEU ARTIGO &#8211; INSTALADA EM FRENTE \u00c0 BOLSA DE [&hellip;]<\/p>\n","protected":false},"author":1,"featured_media":0,"comment_status":"open","ping_status":"open","sticky":false,"template":"","format":"standard","meta":{"footnotes":""},"categories":[11,96],"tags":[258,252,257,254,253,251,255,95,249,250,256],"class_list":["post-792","post","type-post","status-publish","format-standard","hentry","category-sambaqui","category-singelas-profana-acoes","tag-bolsa-de-valores","tag-dedo-medio","tag-ditadura-financeira","tag-eric-allen-bell","tag-goldman-sachs","tag-guggenheim-ny","tag-lucio-dalla","tag-mario-s-mieli","tag-maurizio-catellan","tag-mauro-santayana","tag-papa-roach"],"_links":{"self":[{"href":"https:\/\/imediata.org\/index.php?rest_route=\/wp\/v2\/posts\/792","targetHints":{"allow":["GET"]}}],"collection":[{"href":"https:\/\/imediata.org\/index.php?rest_route=\/wp\/v2\/posts"}],"about":[{"href":"https:\/\/imediata.org\/index.php?rest_route=\/wp\/v2\/types\/post"}],"author":[{"embeddable":true,"href":"https:\/\/imediata.org\/index.php?rest_route=\/wp\/v2\/users\/1"}],"replies":[{"embeddable":true,"href":"https:\/\/imediata.org\/index.php?rest_route=%2Fwp%2Fv2%2Fcomments&post=792"}],"version-history":[{"count":6,"href":"https:\/\/imediata.org\/index.php?rest_route=\/wp\/v2\/posts\/792\/revisions"}],"predecessor-version":[{"id":803,"href":"https:\/\/imediata.org\/index.php?rest_route=\/wp\/v2\/posts\/792\/revisions\/803"}],"wp:attachment":[{"href":"https:\/\/imediata.org\/index.php?rest_route=%2Fwp%2Fv2%2Fmedia&parent=792"}],"wp:term":[{"taxonomy":"category","embeddable":true,"href":"https:\/\/imediata.org\/index.php?rest_route=%2Fwp%2Fv2%2Fcategories&post=792"},{"taxonomy":"post_tag","embeddable":true,"href":"https:\/\/imediata.org\/index.php?rest_route=%2Fwp%2Fv2%2Ftags&post=792"}],"curies":[{"name":"wp","href":"https:\/\/api.w.org\/{rel}","templated":true}]}}