{"id":743,"date":"2011-12-06T03:54:26","date_gmt":"2011-12-06T03:54:26","guid":{"rendered":"http:\/\/imediata.org\/?p=743"},"modified":"2011-12-06T03:55:52","modified_gmt":"2011-12-06T03:55:52","slug":"singelas-profana-acoes-7-a-ra-metaforica-the-metaphorical-frog","status":"publish","type":"post","link":"https:\/\/imediata.org\/?p=743","title":{"rendered":">> Singelas PROFANA-a\u00e7\u00f5es 7 &#8211; A R\u00e3 Metaf\u00f3rica &#8211; The Metaphorical Frog"},"content":{"rendered":"<p>Singelas PROFANA-a\u00e7\u00f5es 7 &#8211; A R\u00e3 Metaf\u00f3rica &#8211; The Metaphorical Frog<br \/>\n<\/br><br \/>\nPor: Mario S. Mieli<br \/>\nEm mensagem de: 26 de setembro de 2011<br \/>\n<\/br><br \/>\n<strong>\u2026esta n\u00e3o \u00e9 s\u00f3 uma met\u00e1fora do aquecimento global, mas do golpe de estado corporativo em c\u00e2mera lenta\u2026<br \/>\n <\/br><br \/>\n\u2026this is not just a metaphor for global warming. It is a metaphor for the corporate coup d\u2019\u00e9tat in slow motion\u2026<\/strong><br \/>\n <\/br><br \/>\n<strong>Em portugu\u00eas:<br \/>\nA R\u00c3 Olivier Clerc<\/strong><br \/>\n<iframe loading=\"lazy\" title=\"A R\u00c3 Olivier Clerc\" width=\"640\" height=\"480\" src=\"https:\/\/www.youtube.com\/embed\/FlznI56XoHQ?feature=oembed\" frameborder=\"0\" allow=\"accelerometer; autoplay; clipboard-write; encrypted-media; gyroscope; picture-in-picture; web-share\" referrerpolicy=\"strict-origin-when-cross-origin\" allowfullscreen><\/iframe><br \/>\n<\/br><br \/>\n<strong> In italiano:<\/strong><br \/>\n<strong>Storia di una ranocchia &#8211; Olivier Clerc<\/strong><br \/>\nhttp:\/\/youtu.be\/o2hQYSi5bfQ<br \/>\n <\/br><br \/>\n<strong>En fran\u00e7ais:<\/strong><br \/>\n<strong>Sommes nous d\u00e9j\u00e0 cuits &#8230;? L&#8217; histoire de la grenouille&#8230;<\/strong><br \/>\n<iframe loading=\"lazy\" title=\"Sommes nous d\u00e9j\u00e0 cuits ...?  L&#039; histoire de la grenouille...\" width=\"640\" height=\"480\" src=\"https:\/\/www.youtube.com\/embed\/nI6amIyTVi4?feature=oembed\" frameborder=\"0\" allow=\"accelerometer; autoplay; clipboard-write; encrypted-media; gyroscope; picture-in-picture; web-share\" referrerpolicy=\"strict-origin-when-cross-origin\" allowfullscreen><\/iframe><br \/>\n <\/br><br \/>\n<strong>In English:<br \/>\nThe Metaphor of the Frog<\/strong><br \/>\n<iframe loading=\"lazy\" title=\"The metaphor of the Frog\" width=\"640\" height=\"480\" src=\"https:\/\/www.youtube.com\/embed\/B_SinwzKhhg?feature=oembed\" frameborder=\"0\" allow=\"accelerometer; autoplay; clipboard-write; encrypted-media; gyroscope; picture-in-picture; web-share\" referrerpolicy=\"strict-origin-when-cross-origin\" allowfullscreen><\/iframe><\/p>\n","protected":false},"excerpt":{"rendered":"<p>Singelas PROFANA-a\u00e7\u00f5es 7 &#8211; A R\u00e3 Metaf\u00f3rica &#8211; The Metaphorical Frog Por: Mario S. Mieli Em mensagem de: 26 de setembro de 2011 \u2026esta n\u00e3o \u00e9 s\u00f3 uma met\u00e1fora do aquecimento global, mas do golpe de estado corporativo em c\u00e2mera lenta\u2026 \u2026this is not just a metaphor for global warming. It is a metaphor for [&hellip;]<\/p>\n","protected":false},"author":1,"featured_media":0,"comment_status":"open","ping_status":"open","sticky":false,"template":"","format":"standard","meta":{"footnotes":""},"categories":[96],"tags":[226,229,95,228,227],"class_list":["post-743","post","type-post","status-publish","format-standard","hentry","category-singelas-profana-acoes","tag-a-ra-metaforica","tag-golpe-de-estado-corporativo","tag-mario-s-mieli","tag-olivier-clerc","tag-the-metaphorical-frog"],"_links":{"self":[{"href":"https:\/\/imediata.org\/index.php?rest_route=\/wp\/v2\/posts\/743","targetHints":{"allow":["GET"]}}],"collection":[{"href":"https:\/\/imediata.org\/index.php?rest_route=\/wp\/v2\/posts"}],"about":[{"href":"https:\/\/imediata.org\/index.php?rest_route=\/wp\/v2\/types\/post"}],"author":[{"embeddable":true,"href":"https:\/\/imediata.org\/index.php?rest_route=\/wp\/v2\/users\/1"}],"replies":[{"embeddable":true,"href":"https:\/\/imediata.org\/index.php?rest_route=%2Fwp%2Fv2%2Fcomments&post=743"}],"version-history":[{"count":3,"href":"https:\/\/imediata.org\/index.php?rest_route=\/wp\/v2\/posts\/743\/revisions"}],"predecessor-version":[{"id":747,"href":"https:\/\/imediata.org\/index.php?rest_route=\/wp\/v2\/posts\/743\/revisions\/747"}],"wp:attachment":[{"href":"https:\/\/imediata.org\/index.php?rest_route=%2Fwp%2Fv2%2Fmedia&parent=743"}],"wp:term":[{"taxonomy":"category","embeddable":true,"href":"https:\/\/imediata.org\/index.php?rest_route=%2Fwp%2Fv2%2Fcategories&post=743"},{"taxonomy":"post_tag","embeddable":true,"href":"https:\/\/imediata.org\/index.php?rest_route=%2Fwp%2Fv2%2Ftags&post=743"}],"curies":[{"name":"wp","href":"https:\/\/api.w.org\/{rel}","templated":true}]}}