{"id":729,"date":"2011-12-04T06:53:15","date_gmt":"2011-12-04T06:53:15","guid":{"rendered":"http:\/\/imediata.org\/?p=729"},"modified":"2011-12-04T07:43:03","modified_gmt":"2011-12-04T07:43:03","slug":"conta-outra-a-historia-nas-maos-dos-%e2%80%9cdoidoes%e2%80%9d-e-meu-santo-munch-do-famoso-grito-que-em-oslo-nasceste-me-abana%e2%80%a6","status":"publish","type":"post","link":"https:\/\/imediata.org\/?p=729","title":{"rendered":">> CONTA OUTRA &#8211; A hist\u00f3ria nas m\u00e3os dos \u201cdoid\u00f5es\u201d, e Meu Santo Munch do Famoso Grito, que em Oslo nasceste, me abana\u2026"},"content":{"rendered":"<p><strong>CONTA OUTRA &#8211; A hist\u00f3ria nas m\u00e3os dos \u201cdoid\u00f5es\u201d, e Meu Santo Munch do Famoso Grito, que em Oslo nasceste, me abana\u2026<\/strong><\/p>\n<p><\/br><br \/>\n<a href=\"http:\/\/imediata.org\/wp-content\/uploads\/2011\/12\/475px-The_Scream.jpg\"><img loading=\"lazy\" decoding=\"async\" src=\"http:\/\/imediata.org\/wp-content\/uploads\/2011\/12\/475px-The_Scream.jpg\" alt=\"\" title=\"475px-The_Scream\" width=\"317\" height=\"400\" class=\"aligncenter size-full wp-image-730\" srcset=\"https:\/\/imediata.org\/wp-content\/uploads\/2011\/12\/475px-The_Scream.jpg 317w, https:\/\/imediata.org\/wp-content\/uploads\/2011\/12\/475px-The_Scream-237x300.jpg 237w\" sizes=\"auto, (max-width: 317px) 100vw, 317px\" \/><\/a><br \/>\n<strong>O Grito &#8211; Edvard Munch<\/strong><\/p>\n<p><\/br><br \/>\n<strong>A hist\u00f3ria nas m\u00e3os dos \u201cdoid\u00f5es\u201d<\/strong><\/p>\n<p><strong>Por: Massimo Mazzucco<br \/>\nEm: 30 de novembro de 2011<br \/>\nTradu\u00e7\u00e3o: Ag\u00eancia Imediata<\/strong><\/p>\n<p>Desde ontem (30 de novembro de 2011), Anders Breivik tamb\u00e9m, o assassino da ilha norueguesa, passou a fazer parte daquele restrito grupo de \u201cdoid\u00f5es\u201d considerados respons\u00e1veis, pela historiografia oficial, de importantes crimes que atingiram a ribalta das cr\u00f4nicas internacionais.   <\/p>\n<p>Quem matou John Kennedy foi, naturalmente, Lee Harvey Oswald, um louco solit\u00e1rio t\u00e3o alienado e confuso que disparou contra o \u00fanico presidente que efetivamente fizera uma abertura pol\u00edtica real ao pa\u00eds que ele amava e respeitava mais que qualquer outro, ou seja, a Uni\u00e3o Sovi\u00e9tica. S\u00f3 para vir a ser calado, dois dias depois, por um mafioso que teria sido atingido, por sua vez, por um c\u00e2ncer fulminante, assim que entrou na pris\u00e3o. <\/p>\n<p>Enquanto isso, a Cosa Nostra respirou aliviada, a CIA retomou o poder que estava perdendo, o d\u00f3lar de prata governamental acabou no esquecimento, a escalada militar no Vietn\u00e3 pode ter in\u00edcio, Hoover pode permanecer no FBI, Israel teve luz verde para construir a bomba at\u00f4mica, Johnson se livrou da cadeia e Nixon pode reingressar com discri\u00e7\u00e3o no cen\u00e1rio pol\u00edtico.<\/p>\n<p>Olha s\u00f3, \u00e0s vezes, que present\u00f5es os loucos te d\u00e3o.<\/p>\n<p>Quem matou Martin Luther King foi, naturalmente, James Earl Ray, um louco t\u00e3o alienado e confuso que denunciou, imediatamente,  uma sofisticada conspira\u00e7\u00e3o pol\u00edtica, nos n\u00edveis mais altos do poder, para matar o l\u00edder dos negros americanos. S\u00f3 para t\u00e3o logo ser atingido pela hepatite C, por causa de uma \u201ctransfus\u00e3o de sangue errada\u201d que lhe foi feita na cadeia, morrendo anos depois no sil\u00eancio de sua cela.<\/p>\n<p>Enquanto isso, o movimento pelos direitos civis sofreu uma violenta paralisa\u00e7\u00e3o,&#8230;<\/p>\n<p>&#8230; e sua lideran\u00e7a foi fragmentada, as \u201cPanteras Negra\u201d foram infiltradas e dizimadas, e Robert Kennedy perdeu a possibilidade de levar consigo para a Casa Branca um vice-presidente negro pela primeira vez na hist\u00f3ria.<\/p>\n<p>Olha s\u00f3, \u00e0s vezes, que present\u00f5es os loucos te d\u00e3o.<\/p>\n<p>Quem matou Robert Kennedy foi, naturalmente, Sirhan Sirhan, um jordaniano-palestino t\u00e3o alienado e confuso que disparou contra um potencial presidente que, com toda a probabilidade, teria procurado p\u00f4r um ponto final aos abusos dos israelenses em sua terra natal, e teria imposto a Israel que respeitasse a resolu\u00e7\u00e3o da ONU que obrigava Israel a restituir os territ\u00f3rios conquistados no ano anterior \u2013 entre os quais, inclusive, a Cisjord\u00e2nia. S\u00f3 para ser processado sem poder se defender, e ver sendo recusadas sistematicamente todas as futuras solicita\u00e7\u00f5es de reabertura do processo, embora existissem toneladas de provas que o exonerariam de modo irrefut\u00e1vel. (O \u00faltimo pedido de reabertura do processo, por parte dos seus advogados, ocorreu justamente no dia de <a href=\"http:\/\/www.dailymail.co.uk\/news\/article-2066883\/Robert-F-Kennedy-assassin-Sirhan-Sirhan-claims-victim-mind-control.html\">ontem<\/a>).<\/p>\n<p>Enquanto isso, Nixon venceu as elei\u00e7\u00f5es, a guerra no Vietn\u00e3 prosseguiu, o caso Kennedy nunca foi reaberto, a direita retomou o poder em toda parte, a pol\u00edcia teve carta branca para reprimir os movimentos dos jovens, o d\u00f3lar foi desvinculado do ouro, a DEA (Drug Enforcement Administration) desencadeou sua terr\u00edvel \u201cguerra contra as drogas\u201d, Salvador Allende foi assassinado, Israel obteve dos EUA o veto permanente quanto \u00e0 implementa\u00e7\u00e3o das resolu\u00e7\u00f5es da ONU e o mundo tomou uma dire\u00e7\u00e3o completamente oposta \u00e0quela em que o estava levando a hist\u00f3ria. <\/p>\n<p>Olha s\u00f3, \u00e0s vezes, que present\u00f5es os loucos te d\u00e3o.<\/p>\n<p>Quem destru\u00edu as Torres G\u00eameas foi,  naturalmente, um xeique saudita t\u00e3o confuso e cegado pela inveja do \u201cbem estar\u201d do ocidente que at\u00e9 se esqueceu de reivindicar o mais famoso atentado da hist\u00f3ria. S\u00f3 para ver ser invadido e destru\u00eddo o pa\u00eds que ele tinha contribu\u00eddo a libertar, sendo condenado a se esconder como um rato de bueiro pelo resto dos seus dias, com a \u00fanica consola\u00e7\u00e3o de um gravador de v\u00eddeo no qual ele via ao infinito as imagens de sua gloriosa opera\u00e7\u00e3o. <\/p>\n<p>Enquanto isso, as pipelines com o Oriente foram realizadas, o \u00f3pio voltou a florescer luxuriante, o Iraque voltou \u00e0s m\u00e3os americanas, o Ir\u00e3 foi cercado, os fabricantes de armas coletaram bilh\u00f5es de d\u00f3lares, os petroleiros coletaram o dobro, e a Halliburton de Dick Cheney passou a m\u00e3o em tudo o que sobrava. Enquanto isso, n\u00f3s precisamos tirar os sapatos nos aeroportos, e o Patriot Act nos Estados Unidos agora \u00e9 usado at\u00e9 para espiar crian\u00e7as de 4 anos de idade. <\/p>\n<p>Olha s\u00f3, \u00e0s vezes, que present\u00f5es os loucos te d\u00e3o.<br \/>\n<\/br><br \/>\n<a href=\"http:\/\/imediata.org\/wp-content\/uploads\/2011\/12\/brvk2.jpg\"><img loading=\"lazy\" decoding=\"async\" src=\"http:\/\/imediata.org\/wp-content\/uploads\/2011\/12\/brvk2.jpg\" alt=\"\" title=\"brvk2\" width=\"130\" height=\"169\" class=\"aligncenter size-full wp-image-731\" \/><\/a><br \/>\n<\/br><br \/>\nE agora temos at\u00e9 o viking Breivnik, que foi definido ontem como \u201cparanoide esquizofr\u00eanico\u201d pelos psiquiatras noruegueses, os quais conclu\u00edram que durante o massacre na ilha de Utoya ele agiu \u201cem estado de psicose\u201d. Breivik, na verdade, estava t\u00e3o alienado e confuso que planificou o massacre com v\u00e1rios meses de anteced\u00eancia, motivando as pr\u00f3prias a\u00e7\u00f5es com um &#8220;manifesto&#8221; nazi-crist\u00e3o de 200 p\u00e1ginas, enquanto reportava no seu di\u00e1rio os m\u00ednimos detalhes da prepara\u00e7\u00e3o com lucidez impressionante. <\/p>\n<p>Enquanto isso, o \u00f3dio contra os mu\u00e7ulmanos foi, de todo jeito, reafirmado, o \u00fanico governo ocidental que tinha tentado apoiar a causa dos palestinos foi atingido no cora\u00e7\u00e3o, e todos os outros governos que tivessem a m\u00ednima inten\u00e7\u00e3o de fazer a mesma coisa, foram avisados. <\/p>\n<p>Olha s\u00f3, \u00e0s vezes, que present\u00f5es os loucos te d\u00e3o.<\/p>\n<p><strong>Para ler o original em italiano:<\/strong><br \/>\n<a href=\"http:\/\/www.luogocomune.net\/site\/modules\/news\/article.php?storyid=3890\">http:\/\/www.luogocomune.net\/site\/modules\/news\/article.php?storyid=3890<\/a><\/p>\n<p><\/br><br \/>\n<a href=\"http:\/\/imediata.org\/wp-content\/uploads\/2011\/12\/optimusprime.jpg\"><img loading=\"lazy\" decoding=\"async\" src=\"http:\/\/imediata.org\/wp-content\/uploads\/2011\/12\/optimusprime.jpg\" alt=\"\" title=\"optimusprime\" width=\"353\" height=\"400\" class=\"aligncenter size-full wp-image-738\" srcset=\"https:\/\/imediata.org\/wp-content\/uploads\/2011\/12\/optimusprime.jpg 353w, https:\/\/imediata.org\/wp-content\/uploads\/2011\/12\/optimusprime-264x300.jpg 264w\" sizes=\"auto, (max-width: 353px) 100vw, 353px\" \/><\/a><br \/>\nOptimus Prime<br \/>\n<\/br><\/p>\n<p><strong>Meu Santo Munch do Famoso Grito, que em Oslo nasceste, me abana\u2026<\/strong><br \/>\n<\/br><br \/>\nLobo(a)tomiza\u00e7\u00e3o<br \/>\n<\/br><br \/>\n<strong>Enquanto imp\u00f5em esse tipo de<br \/>\nEntretenimento-enterramento aos nossos filhos:<\/strong><br \/>\n<\/br><br \/>\nhttp:\/\/youtu.be\/U2gs0ZSWalQ<br \/>\n<\/br><br \/>\n<strong>Querem que acreditemos que um Lee \u201cOslo\u201d desvairado agiu sozinho\u2026<br \/>\naprontando todo um genoc\u00eddio do-it-yourself. Ora, ora\u2026<br \/>\nJusto no dia do matadouro da juventude do partido trabalhista,<br \/>\num exerc\u00edcio anti-terror do ex\u00e9rcito\u2026 como em Madri, Londres e NY.<\/p>\n<p>Antes do primeiro tiro, a pol\u00edcia j\u00e1 sabia a identidade do full-ano\u2026<br \/>\ne a m\u00e9rdica m\u00eddia nos constru\u00eda os detalhes, mesmo sem estar l\u00e1\u2026<br \/>\nBem na hora em que a Noriega-Noruega cessou o apoio ao<br \/>\nmassacrenato na Cirenaica\u2026<br \/>\nassinou acordos especiais com a R\u00fassia-ta-ru\u00e7a\u2026<br \/>\nrecebe de pr\u00eamio esta visita da colis\u00e3o da morte? (adivinhem s\u00f3 quem a comp\u00f5e&#8230;<br \/>\ncome on, n\u00e3o precisa de tanta imagina\u00e7\u00e3o nem de efl\u00favios conspiracionistas&#8230;).<\/p>\n<p>Para coroar tudo isso, a fala do mestre-sala (quem ser\u00e1 quem ser\u00e1?) de ontem, re-re-revelando que n\u00e3o \u00e9 um cavalo de tr\u00f3ia. \u00c9 toda uma estrebaria de tr\u00f3ia\u2026<\/strong><br \/>\n <\/br><br \/>\n<a href=\"http:\/\/imediata.org\/wp-content\/uploads\/2011\/12\/images.jpeg\"><img loading=\"lazy\" decoding=\"async\" src=\"http:\/\/imediata.org\/wp-content\/uploads\/2011\/12\/images.jpeg\" alt=\"\" title=\"images\" width=\"240\" height=\"163\" class=\"aligncenter size-full wp-image-732\" \/><\/a><br \/>\n<\/br><\/p>\n<p><strong>Ah, meu Santo Munch do Famoso Grito, que em Oslo nasceste, me abana\u2026<\/p>\n<p>Enquanto canto Bandeira Branca com a saudosa Dalva\u2026 meu mantra do dia&#8230;<\/strong><br \/>\n <\/br><br \/>\nhttp:\/\/youtu.be\/RQLhK7sLvzY<br \/>\n<\/br><br \/>\n<strong>Pum Fui (em mensagem de 26 de julho de 2011)<\/strong><\/p>\n","protected":false},"excerpt":{"rendered":"<p>CONTA OUTRA &#8211; A hist\u00f3ria nas m\u00e3os dos \u201cdoid\u00f5es\u201d, e Meu Santo Munch do Famoso Grito, que em Oslo nasceste, me abana\u2026 O Grito &#8211; Edvard Munch A hist\u00f3ria nas m\u00e3os dos \u201cdoid\u00f5es\u201d Por: Massimo Mazzucco Em: 30 de novembro de 2011 Tradu\u00e7\u00e3o: Ag\u00eancia Imediata Desde ontem (30 de novembro de 2011), Anders Breivik tamb\u00e9m, [&hellip;]<\/p>\n","protected":false},"author":1,"featured_media":0,"comment_status":"open","ping_status":"open","sticky":false,"template":"","format":"standard","meta":{"footnotes":""},"categories":[9],"tags":[223,220,222,219,221],"class_list":["post-729","post","type-post","status-publish","format-standard","hentry","category-lance-de-dados","tag-acoes-e-conspiracoes","tag-anders-breivik","tag-edvard-munch","tag-massimo-mazzucco","tag-pum-fui"],"_links":{"self":[{"href":"https:\/\/imediata.org\/index.php?rest_route=\/wp\/v2\/posts\/729","targetHints":{"allow":["GET"]}}],"collection":[{"href":"https:\/\/imediata.org\/index.php?rest_route=\/wp\/v2\/posts"}],"about":[{"href":"https:\/\/imediata.org\/index.php?rest_route=\/wp\/v2\/types\/post"}],"author":[{"embeddable":true,"href":"https:\/\/imediata.org\/index.php?rest_route=\/wp\/v2\/users\/1"}],"replies":[{"embeddable":true,"href":"https:\/\/imediata.org\/index.php?rest_route=%2Fwp%2Fv2%2Fcomments&post=729"}],"version-history":[{"count":6,"href":"https:\/\/imediata.org\/index.php?rest_route=\/wp\/v2\/posts\/729\/revisions"}],"predecessor-version":[{"id":740,"href":"https:\/\/imediata.org\/index.php?rest_route=\/wp\/v2\/posts\/729\/revisions\/740"}],"wp:attachment":[{"href":"https:\/\/imediata.org\/index.php?rest_route=%2Fwp%2Fv2%2Fmedia&parent=729"}],"wp:term":[{"taxonomy":"category","embeddable":true,"href":"https:\/\/imediata.org\/index.php?rest_route=%2Fwp%2Fv2%2Fcategories&post=729"},{"taxonomy":"post_tag","embeddable":true,"href":"https:\/\/imediata.org\/index.php?rest_route=%2Fwp%2Fv2%2Ftags&post=729"}],"curies":[{"name":"wp","href":"https:\/\/api.w.org\/{rel}","templated":true}]}}