{"id":695,"date":"2011-11-30T01:31:57","date_gmt":"2011-11-30T01:31:57","guid":{"rendered":"http:\/\/imediata.org\/?p=695"},"modified":"2011-11-30T01:34:14","modified_gmt":"2011-11-30T01:34:14","slug":"singelas-profana-acoes-6-da-janelinha-do-1-big-o-ou-de-aneis-umbigos-e-umbiganeis","status":"publish","type":"post","link":"https:\/\/imediata.org\/?p=695","title":{"rendered":">> Singelas PROFANA-a\u00e7\u00f5es 6 da jANELinha do 1-BIG-O ou DE AN\u00c9IS, UMBIGOS E UMBIGAN\u00c9IS"},"content":{"rendered":"<p><strong>Singelas PROFANA-a\u00e7\u00f5es 6 da<br \/>\n<\/br><br \/>\njANELinha do 1-BIG-O<br \/>\n<\/br><br \/>\nou<br \/>\n<\/br><br \/>\nDE AN\u00c9IS, UMBIGOS E UMBIGAN\u00c9IS<\/strong><br \/>\n<\/br><br \/>\n<\/br><br \/>\nPor: Mario S. Mieli<br \/>\nEm mensagem de: 22 de setembro de 2011<br \/>\n<\/br><br \/>\n<strong>1. POEMA-ANEL<br \/>\nEl Lissitski &#8211; poema-anel &#8220;Liubli\u00fa&#8221; (Amo)<\/strong><br \/>\n <\/br><a href=\"http:\/\/imediata.org\/wp-content\/uploads\/2011\/11\/rusliubliu.gif\"><img loading=\"lazy\" decoding=\"async\" src=\"http:\/\/imediata.org\/wp-content\/uploads\/2011\/11\/rusliubliu.gif\" alt=\"\" title=\"rusliubliu\" width=\"304\" height=\"294\" class=\"aligncenter size-full wp-image-696\" srcset=\"https:\/\/imediata.org\/wp-content\/uploads\/2011\/11\/rusliubliu.gif 304w, https:\/\/imediata.org\/wp-content\/uploads\/2011\/11\/rusliubliu-300x290.gif 300w\" sizes=\"auto, (max-width: 304px) 100vw, 304px\" \/><\/a><br \/>\n <\/br><br \/>\n<strong>2. O ANEL<br \/>\nUm amigo disse a Nasreddin:<br \/>\n\u2013    D\u00ea um anel para mim. Cada vez que olhar para ele, eu me lembrarei de voc\u00ea.<br \/>\n\u2013    Eu n\u00e3o vou lhe dar anel nenhum \u2013 respondeu-lhe Nasreddin. \u2013 Assim, cada vez que olhar seu dedo sem nada, voc\u00ea se lembrar\u00e1 de mim.<\/strong><br \/>\nDe Jean-Claude Carri\u00e8re em \u201cO C\u00edrculo dos Mentirosos\u201d Contos Filos\u00f3ficos do Mundo Inteiro<br \/>\n<\/br><\/p>\n<p><strong>3. A M\u00c1RXIMA<br \/>\n\u201cA desvaloriza\u00e7\u00e3o do mundo humano aumenta em propor\u00e7\u00e3o direta com a valoriza\u00e7\u00e3o do mundo das coisas.\u201d<br \/>\nKarl Marx<\/strong><br \/>\n <\/br><\/p>\n<p><strong>4. UMA SINGELA PROFA-ANEL-A\u00c7\u00c3O<\/strong><br \/>\n<\/br><br \/>\n<strong>UM-BIG-ANEL<\/p>\n<p>HAI KAI<br \/>\nA\u00cd CA\u00cd<br \/>\nNO A\u00c7A\u00cd<\/strong><br \/>\n <\/br><br \/>\nPum Fui<br \/>\n <\/br><br \/>\n<strong>V\u00cdDEOANELADAS:<\/strong><br \/>\n<\/br><br \/>\n<strong>Une fianc\u00e9e \u00e0 Vend\u00f4me.. Chez Dior<\/strong><br \/>\n<iframe loading=\"lazy\" title=\"Une fianc\u00e9e \u00e0 Vend\u00f4me.. Chez Dior\" width=\"640\" height=\"360\" src=\"https:\/\/www.youtube.com\/embed\/igsP4j65I1U?feature=oembed\" frameborder=\"0\" allow=\"accelerometer; autoplay; clipboard-write; encrypted-media; gyroscope; picture-in-picture; web-share\" referrerpolicy=\"strict-origin-when-cross-origin\" allowfullscreen><\/iframe><\/p>\n<p> <\/br><br \/>\n<strong>Jeanne Moreau-Le Tourbillon De La Vie (in Jules et Jim)<\/strong><br \/>\nhttp:\/\/youtu.be\/dcVcwwo8QFE<br \/>\n <\/br><br \/>\n<strong>O anel que tu me deste \/ BRIGADA VICTOR JARA<\/strong><br \/>\n<iframe loading=\"lazy\" title=\"O anel que tu me deste \/ BRIGADA VICTOR JARA\" width=\"640\" height=\"480\" src=\"https:\/\/www.youtube.com\/embed\/me7nrSclZH4?feature=oembed\" frameborder=\"0\" allow=\"accelerometer; autoplay; clipboard-write; encrypted-media; gyroscope; picture-in-picture; web-share\" referrerpolicy=\"strict-origin-when-cross-origin\" allowfullscreen><\/iframe><br \/>\n <\/br><br \/>\n<strong>O ANEL DE TUCUM (\u201cTUDO \u00c9 POL\u00cdTICO, MESMO QUE O POL\u00cdTICO N\u00c3O SEJA TUDO\u2026\u201d)<\/strong><br \/>\nhttp:\/\/youtu.be\/0iJKVjWes7g<br \/>\n <\/br><br \/>\nNo filme &#8220;O Anel de Tucum&#8221;, Dom Pedro Casald\u00e1liga explica assim o sentido desta alian\u00e7a: &#8220;(&#8230;) Este anel \u00e9 feito a partir de uma palmeira da Amaz\u00f4nia. \u00c9 sinal da alian\u00e7a com a causa ind\u00edgena e com as causas populares. Quem carrega esse anel significa que assumiu essas causas. E, as suas conseq\u00fc\u00eancias. Voc\u00ea toparia usar o anel? Olha, isso compromete, viu? Muitos, por causa deste compromisso foram at\u00e9 a morte (&#8230;)&#8221;.<\/p>\n<p><\/br><br \/>\n<strong>An\u00e9is de Saturno<\/strong><br \/>\n<iframe loading=\"lazy\" title=\"An\u00e9is de Saturno\" width=\"640\" height=\"480\" src=\"https:\/\/www.youtube.com\/embed\/Fq-9nKL5skA?feature=oembed\" frameborder=\"0\" allow=\"accelerometer; autoplay; clipboard-write; encrypted-media; gyroscope; picture-in-picture; web-share\" referrerpolicy=\"strict-origin-when-cross-origin\" allowfullscreen><\/iframe><br \/>\n<\/br><br \/>\n<strong>Afroumbigadas aut\u00eanticas no Brasil e pra-turista na Martinica:<br \/>\nUmbigada em Piracicaba, interior do Estado de S\u00e3o Paulo<\/strong><br \/>\n<iframe loading=\"lazy\" title=\"Umbigada em Piracicaba, interior do Estado de S\u00e3o Paulo\" width=\"640\" height=\"480\" src=\"https:\/\/www.youtube.com\/embed\/XKTO3lmml9E?feature=oembed\" frameborder=\"0\" allow=\"accelerometer; autoplay; clipboard-write; encrypted-media; gyroscope; picture-in-picture; web-share\" referrerpolicy=\"strict-origin-when-cross-origin\" allowfullscreen><\/iframe><br \/>\n <\/br><br \/>\n<strong>Batuque de Umbigada \u2013 Piracicaba (interior de SP \u2013 Brasil)<\/strong><br \/>\n<iframe loading=\"lazy\" title=\"Batuque de Umbigada -- Piracicaba\" width=\"640\" height=\"480\" src=\"https:\/\/www.youtube.com\/embed\/CAUbepspo80?feature=oembed\" frameborder=\"0\" allow=\"accelerometer; autoplay; clipboard-write; encrypted-media; gyroscope; picture-in-picture; web-share\" referrerpolicy=\"strict-origin-when-cross-origin\" allowfullscreen><\/iframe><br \/>\n <\/br><br \/>\n<strong>Mab\u00e8lo &#8211; Dan\u00e7a de Umbigada (MARTINICA)<\/strong><br \/>\nhttp:\/\/youtu.be\/3qOtHmOjytg<\/p>\n","protected":false},"excerpt":{"rendered":"<p>Singelas PROFANA-a\u00e7\u00f5es 6 da jANELinha do 1-BIG-O ou DE AN\u00c9IS, UMBIGOS E UMBIGAN\u00c9IS Por: Mario S. Mieli Em mensagem de: 22 de setembro de 2011 1. POEMA-ANEL El Lissitski &#8211; poema-anel &#8220;Liubli\u00fa&#8221; (Amo) 2. O ANEL Um amigo disse a Nasreddin: \u2013 D\u00ea um anel para mim. Cada vez que olhar para ele, eu me [&hellip;]<\/p>\n","protected":false},"author":1,"featured_media":0,"comment_status":"open","ping_status":"open","sticky":false,"template":"","format":"standard","meta":{"footnotes":""},"categories":[96],"tags":[203,188,204,200,197,192,193,198,195,199,205,95,206,202,194,201,191,190,189,196],"class_list":["post-695","post","type-post","status-publish","format-standard","hentry","category-singelas-profana-acoes","tag-afro-umbigadas","tag-aneis","tag-batuque-de-umbigada","tag-brigada-victor-jarra","tag-dior","tag-el-lissitski","tag-jean-claude-carriere","tag-jeanne-moreau","tag-karl-marx","tag-le-tourbillon-de-la-vie","tag-mabelo","tag-mario-s-mieli","tag-martinica","tag-o-anel-de-tucum","tag-o-circulo-dos-mentirosos","tag-pedro-casalgalida","tag-poema-anel","tag-umbiganeis","tag-umbigos","tag-videoaneladas"],"_links":{"self":[{"href":"https:\/\/imediata.org\/index.php?rest_route=\/wp\/v2\/posts\/695","targetHints":{"allow":["GET"]}}],"collection":[{"href":"https:\/\/imediata.org\/index.php?rest_route=\/wp\/v2\/posts"}],"about":[{"href":"https:\/\/imediata.org\/index.php?rest_route=\/wp\/v2\/types\/post"}],"author":[{"embeddable":true,"href":"https:\/\/imediata.org\/index.php?rest_route=\/wp\/v2\/users\/1"}],"replies":[{"embeddable":true,"href":"https:\/\/imediata.org\/index.php?rest_route=%2Fwp%2Fv2%2Fcomments&post=695"}],"version-history":[{"count":2,"href":"https:\/\/imediata.org\/index.php?rest_route=\/wp\/v2\/posts\/695\/revisions"}],"predecessor-version":[{"id":698,"href":"https:\/\/imediata.org\/index.php?rest_route=\/wp\/v2\/posts\/695\/revisions\/698"}],"wp:attachment":[{"href":"https:\/\/imediata.org\/index.php?rest_route=%2Fwp%2Fv2%2Fmedia&parent=695"}],"wp:term":[{"taxonomy":"category","embeddable":true,"href":"https:\/\/imediata.org\/index.php?rest_route=%2Fwp%2Fv2%2Fcategories&post=695"},{"taxonomy":"post_tag","embeddable":true,"href":"https:\/\/imediata.org\/index.php?rest_route=%2Fwp%2Fv2%2Ftags&post=695"}],"curies":[{"name":"wp","href":"https:\/\/api.w.org\/{rel}","templated":true}]}}