{"id":648,"date":"2011-11-22T23:26:31","date_gmt":"2011-11-22T23:26:31","guid":{"rendered":"http:\/\/imediata.org\/?p=648"},"modified":"2011-11-22T23:29:06","modified_gmt":"2011-11-22T23:29:06","slug":"singelas-profana-acoes-5-%e2%80%93-ciranda-do-inimigo-interior","status":"publish","type":"post","link":"https:\/\/imediata.org\/?p=648","title":{"rendered":">> Singelas PROFANA-a\u00e7\u00f5es 5 \u2013 Ciranda do Inimigo Interior"},"content":{"rendered":"<p><strong>Singelas PROFANA-a\u00e7\u00f5es 5 \u2013 Ciranda do Inimigo Interior<\/strong><\/p>\n<p><\/br><br \/>\nPor: Mario S. Mieli<br \/>\nEm mensagem de: 20 de setembro de 2011<\/p>\n<p><\/br><\/p>\n<p><strong>Esta \u00e9 tamb\u00e9m uma homenagem a Edward Said, Daniel Barenboim, e a todos os que se comportam como eles, por terem profanado e profanarem, diariamente, com tanta singeleza, persist\u00eancia e amor os altares do preconceito, do separatismo, do \u00f3dio \u2013 em poucas palavras, da ignor\u00e2ncia. <\/strong><\/p>\n<p> <\/br><br \/>\n <\/br><br \/>\n<strong>CIRANDA DO INIMIGO INTERIOR \u2013<\/p>\n<p>ou\u2026 \u201cAssociados\u201d numa aldeia de ningu\u00e9m, no oriente m\u00e9dio de cada um\u2026<\/p>\n<p> <\/br><br \/>\nPor Artur d\u2019Amaru<\/strong><br \/>\n <\/br><\/p>\n<p><strong>Desde que estipularam que a aldeia deles virava nossa,<\/p>\n<p>o palestino \u00e9 o maior inimigo do povo da nossa aldeia.<br \/>\nMas o palestino n\u00e3o \u00e9 o maior inimigo MESMO\u2026 do povo da nossa aldeia.<\/p>\n<p>Porque um inimigo ainda maior que o palestino \u00e9 o liban\u00eas que abrigou o palestino, que era antes o maior inimigo da nossa aldeia.<br \/>\nAssim, \u00e9\u2026<\/p>\n<p>o liban\u00eas o maior inimigo do povo de nossa aldeia.<br \/>\nMas o liban\u00eas n\u00e3o \u00e9 o maior inimigo MESMO\u2026 do povo da nossa aldeia.<\/p>\n<p>Porque um inimigo ainda maior que o liban\u00eas e o palestino \u00e9 o s\u00edrio que ajudou o liban\u00eas que abrigou o palestino, que eram antes os maiores inimigos da nossa aldeia.<br \/>\nAssim, \u00e9\u2026<\/p>\n<p>o s\u00edrio o maior inimigo do povo da nossa aldeia.<br \/>\nMas o s\u00edrio n\u00e3o \u00e9 o maior inimigo MESMO\u2026 do povo da nossa aldeia.<\/p>\n<p>Porque um inimigo ainda maior que o s\u00edrio e o liban\u00eas e o palestino \u00e9 o iraniano que despacha muni\u00e7\u00f5es, atrav\u00e9s da ajuda do s\u00edrio, ao liban\u00eas que abrigou o palestino, que eram antes os maiores inimigos da nossa aldeia.<br \/>\nAssim, \u00e9\u2026<\/p>\n<p>o iraniano o maior inimigo do povo da nossa aldeia.<br \/>\nMas o iraniano n\u00e3o \u00e9 o maior inimigo MESMO\u2026 do povo da nossa aldeia.<\/p>\n<p>Porque um inimigo ainda maior que o iraniano e o s\u00edrio e o liban\u00eas e o palestino \u00e9 o chin\u00eas que, precisando de cru, acaba financiando o iraniano que despacha muni\u00e7\u00f5es, atrav\u00e9s da ajuda do s\u00edrio, ao liban\u00eas que abrigou o palestino, que eram antes os maiores inimigos da nossa aldeia.<br \/>\nAssim, \u00e9\u2026<\/p>\n<p>o chin\u00eas o maior inimigo do povo da nossa aldeia.<br \/>\nMas o chin\u00eas n\u00e3o \u00e9 o maior inimigo MESMO\u2026 do povo da nossa aldeia.<\/p>\n<p>Porque um inimigo ainda maior que o chin\u00eas e o iraniano e o s\u00edrio e o liban\u00eas e o palestino \u00e9 o cidad\u00e3o do sagrado imp\u00e9rio das organiza\u00e7\u00f5es neo-cons que, em sua \u00e1vida e permanente usura e busca de gan\u00e2ncias, transferiu toda a manufatura para o chin\u00eas que, capitalizado e precisando de mais cru, acaba financiando o iraniano que despacha muni\u00e7\u00f5es, atrav\u00e9s da ajuda do s\u00edrio, ao liban\u00eas que abrigou o palestino, que eram antes os maiores inimigos da nossa aldeia.<br \/>\nAssim, \u00e9\u2026<\/p>\n<p>o cidad\u00e3o do sagrado imp\u00e9rio das organiza\u00e7\u00f5es neo-cons o maior inimigo do povo da nossa aldeia.<br \/>\nMas o cidad\u00e3o do sagrado imp\u00e9rio das organiza\u00e7\u00f5es neo-cons n\u00e3o pode ser o maior inimigo MESMO\u2026 do povo da nossa aldeia.<\/p>\n<p>Porque o cidad\u00e3o do sagrado imp\u00e9rio das organiza\u00e7\u00f5es neo-cons \u00e9 o povo da nossa aldeia.<\/p>\n<p>Certo?<br \/>\nErrado.<\/p>\n<p>Porque o cidad\u00e3o do sagrado imp\u00e9rio das organiza\u00e7\u00f5es neo-cons se faz passar de povo da nossa aldeia, mas n\u00e3o \u00e9 o povo da nossa aldeia.<\/p>\n<p>O cidad\u00e3o do sagrado imp\u00e9rio das organiza\u00e7\u00f5es neo-cons \u00e9 o dono da nossa aldeia\u2026 que n\u00e3o \u00e9 MESMO\u2026 nossa, e dono dos povos de todas as aldeias.<\/p>\n<p>E al\u00e9m da nossa aldeia que-n\u00e3o-\u00e9-mesmo-nossa, \u00e9 dono tamb\u00e9m da aldeia deles que-n\u00e3o-\u00e9-mesmo-deles \u2013 do palestino, do liban\u00eas, do s\u00edrio, do iraniano e do chin\u00eas. MESMO que nos chamem a todos de\u2026 \u201cAssociados\u201d\u2026<\/p>\n<p> <\/strong><\/p>\n<p><\/br><\/br><\/p>\n<p><strong>Amnesty TV &#8211; Cassetteboy vs Benjamin Netanyahu<br \/>\nCassetteboy gets the Prime Minster of Israel, Benjamin Netanyahu, to play the pipes of peace.<\/strong><br \/>\n<iframe loading=\"lazy\" title=\"Amnesty TV - Cassetteboy vs Benjamin Netanyahu\" width=\"640\" height=\"360\" src=\"https:\/\/www.youtube.com\/embed\/15nPJMuiQgA?feature=oembed\" frameborder=\"0\" allow=\"accelerometer; autoplay; clipboard-write; encrypted-media; gyroscope; picture-in-picture; web-share\" referrerpolicy=\"strict-origin-when-cross-origin\" allowfullscreen><\/iframe><\/p>\n<p> <\/br><br \/>\n<\/br><br \/>\n<strong>Sephardic Jewish Arabic Moroccan Gitano Flamenco song &#038; dance Al-Andalus<\/strong><br \/>\n<iframe loading=\"lazy\" title=\"Sephardic Jewish Arabic Moroccan Gitano Flamenco song &amp; dance Al-Andalus\" width=\"640\" height=\"480\" src=\"https:\/\/www.youtube.com\/embed\/gHwuamoFC-U?feature=oembed\" frameborder=\"0\" allow=\"accelerometer; autoplay; clipboard-write; encrypted-media; gyroscope; picture-in-picture; web-share\" referrerpolicy=\"strict-origin-when-cross-origin\" allowfullscreen><\/iframe><\/p>\n<p><\/br><br \/>\n<\/br><\/p>\n<p><strong>Knowledge is the Beginning [Part 6]<\/strong><br \/>\n<iframe loading=\"lazy\" title=\"Knowledge is the Beginning [Part 6]\" width=\"640\" height=\"480\" src=\"https:\/\/www.youtube.com\/embed\/NDjLnjvz2Wg?feature=oembed\" frameborder=\"0\" allow=\"accelerometer; autoplay; clipboard-write; encrypted-media; gyroscope; picture-in-picture; web-share\" referrerpolicy=\"strict-origin-when-cross-origin\" allowfullscreen><\/iframe><\/p>\n<p>&#8220;The Ramallah Concert &#8211; Knowledge is the Beginning&#8221; is the story of the West-Eastern Divan Orchestra, where young Arabs and Jews perform and live side by side. It is a film about what music can do; the way it can transcend cultural barriers, bring people together, defeat prejudice and overcome religious and political differences. It also demonstrates the problems that crop up occasionally and how music can help people from different points of view find common ground. For Daniel Barenboim, founder of the ensemble, the orchestra is a symbol for what could be achieved in the Middle East.<\/p>\n<p><\/br><br \/>\n<\/br><br \/>\n<strong>Knowledge is the Beginning [Part 1]<\/strong><br \/>\n<iframe loading=\"lazy\" title=\"Knowledge is the Beginning [Part 1]\" width=\"640\" height=\"480\" src=\"https:\/\/www.youtube.com\/embed\/HIK0jHl5HJA?feature=oembed\" frameborder=\"0\" allow=\"accelerometer; autoplay; clipboard-write; encrypted-media; gyroscope; picture-in-picture; web-share\" referrerpolicy=\"strict-origin-when-cross-origin\" allowfullscreen><\/iframe><\/p>\n","protected":false},"excerpt":{"rendered":"<p>Singelas PROFANA-a\u00e7\u00f5es 5 \u2013 Ciranda do Inimigo Interior Por: Mario S. Mieli Em mensagem de: 20 de setembro de 2011 Esta \u00e9 tamb\u00e9m uma homenagem a Edward Said, Daniel Barenboim, e a todos os que se comportam como eles, por terem profanado e profanarem, diariamente, com tanta singeleza, persist\u00eancia e amor os altares do preconceito, [&hellip;]<\/p>\n","protected":false},"author":43,"featured_media":0,"comment_status":"open","ping_status":"open","sticky":false,"template":"","format":"standard","meta":{"footnotes":""},"categories":[96],"tags":[157,156,159,158,95],"class_list":["post-648","post","type-post","status-publish","format-standard","hentry","category-singelas-profana-acoes","tag-artur-damaru","tag-ciranda-do-inimigo-interior","tag-daniel-barenboim","tag-edward-said","tag-mario-s-mieli"],"_links":{"self":[{"href":"https:\/\/imediata.org\/index.php?rest_route=\/wp\/v2\/posts\/648","targetHints":{"allow":["GET"]}}],"collection":[{"href":"https:\/\/imediata.org\/index.php?rest_route=\/wp\/v2\/posts"}],"about":[{"href":"https:\/\/imediata.org\/index.php?rest_route=\/wp\/v2\/types\/post"}],"author":[{"embeddable":true,"href":"https:\/\/imediata.org\/index.php?rest_route=\/wp\/v2\/users\/43"}],"replies":[{"embeddable":true,"href":"https:\/\/imediata.org\/index.php?rest_route=%2Fwp%2Fv2%2Fcomments&post=648"}],"version-history":[{"count":4,"href":"https:\/\/imediata.org\/index.php?rest_route=\/wp\/v2\/posts\/648\/revisions"}],"predecessor-version":[{"id":652,"href":"https:\/\/imediata.org\/index.php?rest_route=\/wp\/v2\/posts\/648\/revisions\/652"}],"wp:attachment":[{"href":"https:\/\/imediata.org\/index.php?rest_route=%2Fwp%2Fv2%2Fmedia&parent=648"}],"wp:term":[{"taxonomy":"category","embeddable":true,"href":"https:\/\/imediata.org\/index.php?rest_route=%2Fwp%2Fv2%2Fcategories&post=648"},{"taxonomy":"post_tag","embeddable":true,"href":"https:\/\/imediata.org\/index.php?rest_route=%2Fwp%2Fv2%2Ftags&post=648"}],"curies":[{"name":"wp","href":"https:\/\/api.w.org\/{rel}","templated":true}]}}