{"id":5794,"date":"2018-01-01T20:01:03","date_gmt":"2018-01-01T20:01:03","guid":{"rendered":"http:\/\/imediata.org\/?p=5794"},"modified":"2018-01-01T20:01:03","modified_gmt":"2018-01-01T20:01:03","slug":"intuicoes-de-marguerite-duras-sobre-o-ano-2000-feitas-em-1985-vamos-checar-a-que-ponto-chegamos","status":"publish","type":"post","link":"https:\/\/imediata.org\/?p=5794","title":{"rendered":"Intui\u00e7\u00f5es de Marguerite Duras sobre o ano 2000 (feitas em 1985). Vamos checar a que ponto chegamos?"},"content":{"rendered":"<p><a href=\"http:\/\/imediata.org\/wp-content\/uploads\/2018\/01\/img.jpg\"><img loading=\"lazy\" decoding=\"async\" src=\"http:\/\/imediata.org\/wp-content\/uploads\/2018\/01\/img.jpg\" alt=\"img\" width=\"670\" height=\"336\" class=\"aligncenter size-full wp-image-5795\" srcset=\"https:\/\/imediata.org\/wp-content\/uploads\/2018\/01\/img.jpg 670w, https:\/\/imediata.org\/wp-content\/uploads\/2018\/01\/img-300x150.jpg 300w, https:\/\/imediata.org\/wp-content\/uploads\/2018\/01\/img-109x55.jpg 109w\" sizes=\"auto, (max-width: 670px) 100vw, 670px\" \/><\/a><\/p>\n<p>Intui\u00e7\u00f5es de Marguerite Duras sobre o ano 2000 (feitas em 1985). Vamos checar a que ponto chegamos?<\/p>\n<p>MARGUERITE DURAS \u00c0 PROPOS DE L&#8217;AN 2000<\/p>\n<p><iframe loading=\"lazy\" width=\"560\" height=\"315\" src=\"https:\/\/www.youtube.com\/embed\/mOY4YgQUcA0\" frameborder=\"0\" gesture=\"media\" allow=\"encrypted-media\" allowfullscreen><\/iframe><\/p>\n<p>transcri\u00e7\u00e3o traduzida: Mario S. Mieli<\/p>\n<p>Onde estar\u00e3o as respostas, no ano 2000?<\/p>\n<p>N\u00e3o haver\u00e1 mais respostas. O mundo sera tal que n\u00e3o haver\u00e1 mais repostas. O texto s\u00e3o as respostas, \u00e9 isso.<\/p>\n<p>Acho que o homem estar\u00e1 literalmente afogado nas informa\u00e7\u00f5es, Numa informa\u00e7\u00e3o constante sobre seu corpo, seu devir corporal, sua sa\u00fade, sua vida familiar, seu sal\u00e1rio, seu lazer&#8230; n\u00e3o est\u00e1 longe do pesadelo.<\/p>\n<p>N\u00e3o haver\u00e1 mais ningu\u00e9m para ler. Eles ver\u00e3o a televis\u00e3o. Haver\u00e1 aparelhos de TV em todos os lugares: na cozinha, nos banheiros, nos escrit\u00f3rios,  nas ruas. Onde  estaremos, enquanto veremos a TV o tempo todo? N\u00e3o estamos s\u00f3s&#8230; N\u00e3o viajaremos mais, pois n\u00e3o valer\u00e1 mais a pena viajar. Quando podemos dar a volta ao mundo em 8 dias ou 15 dias, para qu\u00ea faz\u00ea-lo?<\/p>\n<p>Quando a viagem \u00e9 o tempo da viagem. N\u00e3o \u00e9 ver depressa. \u00c9 ver e viver, ao mesmo tempo. Viver da viagem n\u00e3o ser\u00e1 mais poss\u00edvel.<\/p>\n<p>Tudo ser\u00e1 entupido. Tudo ser\u00e1 investido. Restar\u00e1 o mar, pelo menos. Os oceanos. E a leitura. As pessoas v\u00e3o redescobrir isso.<\/p>\n<p>Um homem, um dia, ler\u00e1, e da\u00ed tudo recome\u00e7ar\u00e1. Repassaremos pela gratuidade. Ou seja, as respostas ser\u00e3o menos escutadas. Recome\u00e7ar\u00e1 assim. Por uma indisciplina, um risco tomado pelo homem com rela\u00e7\u00e3o aos mesmos. No dia em que ele estar\u00e1 s\u00f3 novamente. Com sua infelicidade e felicidade. Que vir\u00e3o dele mesmo.<\/p>\n<p>Talvez os que conseguir\u00e3o fugir desse caminho ser\u00e3o os her\u00f3is do futuro. \u00c9 bem poss\u00edvel. Esperemos que eles ainda existir\u00e3o.<\/p>\n<p>Lembro que li num livro de um autor alem\u00e3o, do entre-guerras, o t\u00edtulo era \u201cO \u00faltimo civil\u201d. De Hanns Gleiser, que:<\/p>\n<p>\u201cQuando a liberdade teria desertado o mundo, sobraria sempre um homem para sonh\u00e1-la.\u201d<\/p>\n<p>Acho que isso j\u00e1 come\u00e7ou&#8230;<\/p>\n","protected":false},"excerpt":{"rendered":"<p>Intui\u00e7\u00f5es de Marguerite Duras sobre o ano 2000 (feitas em 1985). Vamos checar a que ponto chegamos? MARGUERITE DURAS \u00c0 PROPOS DE L&#8217;AN 2000 transcri\u00e7\u00e3o traduzida: Mario S. Mieli Onde estar\u00e3o as respostas, no ano 2000? N\u00e3o haver\u00e1 mais respostas. O mundo sera tal que n\u00e3o haver\u00e1 mais repostas. O texto s\u00e3o as respostas, \u00e9 [&hellip;]<\/p>\n","protected":false},"author":1,"featured_media":0,"comment_status":"open","ping_status":"open","sticky":false,"template":"","format":"standard","meta":{"footnotes":""},"categories":[7,11],"tags":[3330,3328,3329,3327,95,3331],"class_list":["post-5794","post","type-post","status-publish","format-standard","hentry","category-devir","category-sambaqui","tag-a-que-ponto-estamos","tag-hanns-gleiser","tag-intuicoes-e-previsoes-para-o-ano-2000","tag-margherite-duras","tag-mario-s-mieli","tag-o-devir-da-humanidade"],"_links":{"self":[{"href":"https:\/\/imediata.org\/index.php?rest_route=\/wp\/v2\/posts\/5794","targetHints":{"allow":["GET"]}}],"collection":[{"href":"https:\/\/imediata.org\/index.php?rest_route=\/wp\/v2\/posts"}],"about":[{"href":"https:\/\/imediata.org\/index.php?rest_route=\/wp\/v2\/types\/post"}],"author":[{"embeddable":true,"href":"https:\/\/imediata.org\/index.php?rest_route=\/wp\/v2\/users\/1"}],"replies":[{"embeddable":true,"href":"https:\/\/imediata.org\/index.php?rest_route=%2Fwp%2Fv2%2Fcomments&post=5794"}],"version-history":[{"count":1,"href":"https:\/\/imediata.org\/index.php?rest_route=\/wp\/v2\/posts\/5794\/revisions"}],"predecessor-version":[{"id":5796,"href":"https:\/\/imediata.org\/index.php?rest_route=\/wp\/v2\/posts\/5794\/revisions\/5796"}],"wp:attachment":[{"href":"https:\/\/imediata.org\/index.php?rest_route=%2Fwp%2Fv2%2Fmedia&parent=5794"}],"wp:term":[{"taxonomy":"category","embeddable":true,"href":"https:\/\/imediata.org\/index.php?rest_route=%2Fwp%2Fv2%2Fcategories&post=5794"},{"taxonomy":"post_tag","embeddable":true,"href":"https:\/\/imediata.org\/index.php?rest_route=%2Fwp%2Fv2%2Ftags&post=5794"}],"curies":[{"name":"wp","href":"https:\/\/api.w.org\/{rel}","templated":true}]}}