{"id":5767,"date":"2017-12-04T00:42:03","date_gmt":"2017-12-04T00:42:03","guid":{"rendered":"http:\/\/imediata.org\/?p=5767"},"modified":"2017-12-04T01:08:28","modified_gmt":"2017-12-04T01:08:28","slug":"nao-ha-historia-no-singular-ha-pluralidade-de-historias-por-mario-s-mieli","status":"publish","type":"post","link":"https:\/\/imediata.org\/?p=5767","title":{"rendered":"N\u00e3o h\u00e1 Hist\u00f3ria no singular. H\u00e1 pluralidade de Hist\u00f3rias.  por Mario S. Mieli"},"content":{"rendered":"<p><a href=\"http:\/\/imediata.org\/wp-content\/uploads\/2017\/12\/87a378aa0dd3b878de26b766466128c5.jpg\"><img loading=\"lazy\" decoding=\"async\" src=\"http:\/\/imediata.org\/wp-content\/uploads\/2017\/12\/87a378aa0dd3b878de26b766466128c5.jpg\" alt=\"87a378aa0dd3b878de26b766466128c5\" width=\"500\" height=\"371\" class=\"aligncenter size-full wp-image-5768\" srcset=\"https:\/\/imediata.org\/wp-content\/uploads\/2017\/12\/87a378aa0dd3b878de26b766466128c5.jpg 500w, https:\/\/imediata.org\/wp-content\/uploads\/2017\/12\/87a378aa0dd3b878de26b766466128c5-300x222.jpg 300w, https:\/\/imediata.org\/wp-content\/uploads\/2017\/12\/87a378aa0dd3b878de26b766466128c5-74x55.jpg 74w, https:\/\/imediata.org\/wp-content\/uploads\/2017\/12\/87a378aa0dd3b878de26b766466128c5-60x45.jpg 60w\" sizes=\"auto, (max-width: 500px) 100vw, 500px\" \/><\/a><\/p>\n<p><strong><\/p>\n<p>N\u00e3o h\u00e1 Hist\u00f3ria no singular. H\u00e1 pluralidade de Hist\u00f3rias.<\/p>\n<p>por Mario S. Mieli<\/p>\n<p>Aumenta exponencialmente o fosso entre (a grande maioria) que entreouve e passa a alardear o que a m\u00e9rdica m\u00eddia mainstream mundial corporativa, degenerada e degenerativa propagandeia<br \/>\nE<br \/>\nAqueles (a minoria que procura se formar e informar, ousada e questionadora) que sabem que nem as v\u00edrgulas e os pontos-e-virgulas veiculados por esses \u201cmeios\u201d refletem mais que distor\u00e7\u00f5es, mentiras e fraudes, sustentando uma vis\u00e3o do iMundo que est\u00e1 se desintegrando sob os olhos de todos aqueles que ainda n\u00e3o se renderam \u00e0 lavagem cerebral integral.<\/p>\n<p>Esse fosso faz com que essas duas diferentes fac\u00e7\u00f5es existam em mundos paralelos completamente disparates. \u00c9 verdade que, cada vez mais, um n\u00famero maior de pessoas se arrisca a acompanhar a m\u00eddia alternativa, cr\u00edtica e questionadora, passando de um universo paralelo a outro. Da total desinforma\u00e7\u00e3o (ou m\u00e1 forma\u00e7\u00e3o) \u00e0 busca de um m\u00ednimo de probabilidade de causa e efeito razo\u00e1vel.<\/p>\n<p>Essa busca, como dizia minha cara professora de Hist\u00f3ria Myrtis Filette Lacreta no gin\u00e1sio (e \u00e0 qual sou grato por nos ter sensibilizado, desde cedo, a buscar os elos e as rela\u00e7\u00f5es entre fen\u00f4menos e eventos aparentemente desconexos, a pensar em termos de causas e efeitos, e a averiguar a quem interessava provocar quais causas para obter determinados efeitos, ou seja, a quem teriam beneficiados os eventos\u2026 e sua subsequente transforma\u00e7\u00e3o em \u201cHist\u00f3ria\u201d oficial)&#8230; dizia ela que Hist\u00f3ria consiste em \u201creconhecer os padr\u00f5es recorrentes e em estabelecer as rela\u00e7\u00f5es entre as situa\u00e7\u00f5es, os fatos e os personagens, ou melhor, seus interesses\u201d para entender o que \u00e9 verdadeiramente a Hist\u00f3ria. Hist\u00f3ria n\u00e3o \u00e9 ac\u00famulo de datas e eventos nem a suposta linearidade dos mesmos, que se tornam os pontos e linhas que precisam ser decorados. S\u00e3o os gigantescos buracos negros pulsando nas entrelinhas que precisam ser intu\u00eddos, descobertos e, talvez, compreendidos para se ter uma abordagem racional e razo\u00e1vel da evolu\u00e7\u00e3o dos fen\u00f4menos.<\/p>\n<p><a href=\"http:\/\/imediata.org\/wp-content\/uploads\/2017\/12\/images.jpg\"><img loading=\"lazy\" decoding=\"async\" src=\"http:\/\/imediata.org\/wp-content\/uploads\/2017\/12\/images.jpg\" alt=\"images\" width=\"318\" height=\"159\" class=\"aligncenter size-full wp-image-5770\" srcset=\"https:\/\/imediata.org\/wp-content\/uploads\/2017\/12\/images.jpg 318w, https:\/\/imediata.org\/wp-content\/uploads\/2017\/12\/images-300x150.jpg 300w, https:\/\/imediata.org\/wp-content\/uploads\/2017\/12\/images-110x55.jpg 110w\" sizes=\"auto, (max-width: 318px) 100vw, 318px\" \/><\/a><\/p>\n<p>Hist\u00f3ria \u00e9 desconstruir a Hist\u00f3ria contada, intencionalmente ou n\u00e3o, para perguntar por que essas datas e esses eventos foram cuidadosamente escolhidos pelo PODER, para decretar e difundir sua pr\u00f3pria vers\u00e3o definitiva dos fatos \u201csoltos\u201d e propositalmente isolados e compartimentalizados a que chamamos de Hist\u00f3ria. Que acaba se tornando a grande MENTIRA, a grande FRAUDE, perpetrada s\u00e9culo ap\u00f3s s\u00e9culo\u2026 (prova de que o PODER nunca mudou de m\u00e3os). A Hist\u00f3ria que se \u201cdecora\u201d e \u201ccondecora\u201d \u00e9 aquela definida e imposta pelas FOR\u00c7AS DOMINANTES. As Hist\u00f3rias verdadeiras se buscam destronando a Hist\u00f3ria FARSA, um exerc\u00edcio de compreens\u00e3o de como as FONTES DOMINANTES camuflam, mascaram, distorcem e enganam atrav\u00e9s daquilo que seria o primeiro degrau da lavagem cerebral, que \u00e9 o que se chama comumente de \u201cEDUCA\u00c7\u00c3O\u201d\u2026 para nos condicionarem a \u201cengolir\u201d e perpetuar essa vers\u00e3o falsamente linear e, portanto, enganosa de partida. As causas e os efeitos s\u00e3o sempre m\u00faltiplos. As linhas de tempo \u2013na realidade, espirais c\u00edclicas ascendentes ou descendentes \u2013, tamb\u00e9m&#8230;<\/p>\n<p><a href=\"http:\/\/imediata.org\/wp-content\/uploads\/2017\/12\/images-1.jpg\"><img loading=\"lazy\" decoding=\"async\" src=\"http:\/\/imediata.org\/wp-content\/uploads\/2017\/12\/images-1.jpg\" alt=\"images-1\" width=\"265\" height=\"190\" class=\"aligncenter size-full wp-image-5769\" srcset=\"https:\/\/imediata.org\/wp-content\/uploads\/2017\/12\/images-1.jpg 265w, https:\/\/imediata.org\/wp-content\/uploads\/2017\/12\/images-1-76x55.jpg 76w, https:\/\/imediata.org\/wp-content\/uploads\/2017\/12\/images-1-135x98.jpg 135w\" sizes=\"auto, (max-width: 265px) 100vw, 265px\" \/><\/a><\/p>\n<p>Assim, para nos atermos a um exemplo meramente visual e est\u00e9tico, as carca\u00e7as de est\u00e1tuas, esculturas e monumentos da Antiguidade greco-romana que vemos hoje e que serviram de modelo para todos os edif\u00edcios \u201cp\u00fablicos\u201d espalhados pelo mundo \u201ccivilizado ocidental\u201d n\u00e3o s\u00e3o de forma alguma aquilo que os cidad\u00e3os de Gr\u00e9cia e Roma Antigas viam naqueles tempos (o mesmo com as pir\u00e2mides e todo o resto)\u2026 Ali\u00e1s, um grego ou romano da Antiguidade que pudesse testemunhar a clonagem quase infinita desses arcabou\u00e7os e esqueletos que na Antiguidade eram colorid\u00edssimos e amplamente ornamentados nem sequer reconheceriam esses simulacros como \u201cheran\u00e7a cultural\u201d do mundo cl\u00e1ssico, e at\u00e9 se espantariam com a palidez esqu\u00e1lida e a amplia\u00e7\u00e3o desproporcional de escala nas c\u00f3pias que, como fungos intrusos brotaram pelo mundo, trapaceando a tentativa de reconstru\u00e7\u00e3o hist\u00f3rica que se faz da est\u00e9tica daquele mundo.<\/p>\n<p>Da mesa forma, a linguagem-lud\u00edbrio perpetuou chamarmos de \u201c\u00edndios\u201d os nativos que os exploradores (no duplo sentido do termo) e os colonizadores encontraram no \u201cnovo mundo\u201d,  perpetrando o logro original de que eles se encontrassem em plena \u00cdndia\u2026<\/p>\n<p><a href=\"http:\/\/imediata.org\/wp-content\/uploads\/2017\/12\/40476998563011ed9172fe91fa6e022b.jpg\"><img loading=\"lazy\" decoding=\"async\" src=\"http:\/\/imediata.org\/wp-content\/uploads\/2017\/12\/40476998563011ed9172fe91fa6e022b.jpg\" alt=\"Rachel Beckman\" width=\"250\" height=\"237\" class=\"aligncenter size-full wp-image-5771\" srcset=\"https:\/\/imediata.org\/wp-content\/uploads\/2017\/12\/40476998563011ed9172fe91fa6e022b.jpg 250w, https:\/\/imediata.org\/wp-content\/uploads\/2017\/12\/40476998563011ed9172fe91fa6e022b-58x55.jpg 58w\" sizes=\"auto, (max-width: 250px) 100vw, 250px\" \/><\/a><\/p>\n<p>A trama da Hist\u00f3ria calcificada deve ser desconstru\u00edda para desmontarmos o amasso de FRAUDES impostas e sobrepostas e para percebermos e demonstrarmos que, em primeiro lugar, n\u00e3o existe uma Hist\u00f3ria singular. Existem pluralidades e pluralidades de Hist\u00f3rias redescobertas e recontextualizadas a cada momento!!!<\/p>\n<p>Que sentido faz acusar qualquer indiv\u00edduo que tenta estabelecer hip\u00f3teses para as eventuais rela\u00e7\u00f5es entre causas e efeitos de produtor de \u201cteorias de conspira\u00e7\u00e3o\u201d, quando quem inventou essa express\u00e3o abomin\u00e1vel \u00e9 justamente quem articula e PRATICA TODAS as PIORES conspira\u00e7\u00f5es do ontem hoje e sempre?<\/p>\n<p>A Hist\u00f3ria n\u00e3o pode existir como monop\u00f3lio de um poder que a\u00e7ambarca de modo estanque a pseudoverdade, rejeitando e vedando as infinitas interpreta\u00e7\u00f5es controversas, mas mais coerentes que a Hist\u00f3ria-mal-contada. Existem, como nas ci\u00eancias da f\u00edsica, qu\u00edmica,  biologia, etc. (antes de, em grande parte, sucumbirem ao MERCADO DAS FALCATRUAS para se tornarem uma privada, secreta e militarizada PSEUDOCI\u00caNCIA MIDI\u00c1TICO-CORPORATIVA) diferentes probabilidades-tentativas de compreens\u00e3o e explica\u00e7\u00e3o das situa\u00e7\u00f5es, das conjun\u00e7\u00f5es, dos contextos e das rela\u00e7\u00f5es de causa-efeito entre fen\u00f4menos aparentemente desconexos e sem qualquer rela\u00e7\u00e3o entre si. <\/p>\n<p><a href=\"http:\/\/imediata.org\/wp-content\/uploads\/2017\/12\/images-3.jpg\"><img loading=\"lazy\" decoding=\"async\" src=\"http:\/\/imediata.org\/wp-content\/uploads\/2017\/12\/images-3.jpg\" alt=\"images-3\" width=\"282\" height=\"179\" class=\"aligncenter size-full wp-image-5772\" srcset=\"https:\/\/imediata.org\/wp-content\/uploads\/2017\/12\/images-3.jpg 282w, https:\/\/imediata.org\/wp-content\/uploads\/2017\/12\/images-3-86x55.jpg 86w\" sizes=\"auto, (max-width: 282px) 100vw, 282px\" \/><\/a><\/p>\n<p>Como na Antiga Gr\u00e9cia, o mesmo ator que vestia a mascara da Trag\u00e9dia tamb\u00e9m vestia a da Com\u00e9dia. Esse lembrete pode ser muito \u00fatil para combater o determinismo transhumanista que v\u00ea na Intelig\u00eancia Artificial a \u00fanica possibilidade de sa\u00edda e supera\u00e7\u00e3o daquilo que, com singular interesse e ponto-de-vista, chamam de \u201cobsolesc\u00eancia do ser humano\u201d. Esta n\u00e3o \u00e9 que o fruto de uma determinada e espec\u00edfica conveni\u00eancia hist\u00f3rica. CONTEM OUTRA !!!<\/p>\n<p><a href=\"http:\/\/imediata.org\/wp-content\/uploads\/2017\/12\/transhuman.jpg\"><img loading=\"lazy\" decoding=\"async\" src=\"http:\/\/imediata.org\/wp-content\/uploads\/2017\/12\/transhuman.jpg\" alt=\"transhuman\" width=\"400\" height=\"266\" class=\"aligncenter size-full wp-image-5773\" srcset=\"https:\/\/imediata.org\/wp-content\/uploads\/2017\/12\/transhuman.jpg 400w, https:\/\/imediata.org\/wp-content\/uploads\/2017\/12\/transhuman-300x199.jpg 300w, https:\/\/imediata.org\/wp-content\/uploads\/2017\/12\/transhuman-82x55.jpg 82w\" sizes=\"auto, (max-width: 400px) 100vw, 400px\" \/><\/a><br \/>\n<\/strong><\/p>\n","protected":false},"excerpt":{"rendered":"<p>N\u00e3o h\u00e1 Hist\u00f3ria no singular. H\u00e1 pluralidade de Hist\u00f3rias. por Mario S. Mieli Aumenta exponencialmente o fosso entre (a grande maioria) que entreouve e passa a alardear o que a m\u00e9rdica m\u00eddia mainstream mundial corporativa, degenerada e degenerativa propagandeia E Aqueles (a minoria que procura se formar e informar, ousada e questionadora) que sabem que [&hellip;]<\/p>\n","protected":false},"author":1,"featured_media":0,"comment_status":"open","ping_status":"open","sticky":false,"template":"","format":"standard","meta":{"footnotes":""},"categories":[2256,9],"tags":[1504,3310,3306,2806,95,3305,3307,3308,3309],"class_list":["post-5767","post","type-post","status-publish","format-standard","hentry","category-imundo","category-lance-de-dados","tag-historia","tag-historia-linear-versus-historia-espiral-ciclica","tag-historias","tag-inteligencia-artificial","tag-mario-s-mieli","tag-midia-corporativa-versus-midia-alternativa","tag-myrtis-filette-lacreta","tag-teoria-de-conspiracao","tag-transhuamanismo"],"_links":{"self":[{"href":"https:\/\/imediata.org\/index.php?rest_route=\/wp\/v2\/posts\/5767","targetHints":{"allow":["GET"]}}],"collection":[{"href":"https:\/\/imediata.org\/index.php?rest_route=\/wp\/v2\/posts"}],"about":[{"href":"https:\/\/imediata.org\/index.php?rest_route=\/wp\/v2\/types\/post"}],"author":[{"embeddable":true,"href":"https:\/\/imediata.org\/index.php?rest_route=\/wp\/v2\/users\/1"}],"replies":[{"embeddable":true,"href":"https:\/\/imediata.org\/index.php?rest_route=%2Fwp%2Fv2%2Fcomments&post=5767"}],"version-history":[{"count":4,"href":"https:\/\/imediata.org\/index.php?rest_route=\/wp\/v2\/posts\/5767\/revisions"}],"predecessor-version":[{"id":5777,"href":"https:\/\/imediata.org\/index.php?rest_route=\/wp\/v2\/posts\/5767\/revisions\/5777"}],"wp:attachment":[{"href":"https:\/\/imediata.org\/index.php?rest_route=%2Fwp%2Fv2%2Fmedia&parent=5767"}],"wp:term":[{"taxonomy":"category","embeddable":true,"href":"https:\/\/imediata.org\/index.php?rest_route=%2Fwp%2Fv2%2Fcategories&post=5767"},{"taxonomy":"post_tag","embeddable":true,"href":"https:\/\/imediata.org\/index.php?rest_route=%2Fwp%2Fv2%2Ftags&post=5767"}],"curies":[{"name":"wp","href":"https:\/\/api.w.org\/{rel}","templated":true}]}}