{"id":5759,"date":"2017-12-02T11:29:01","date_gmt":"2017-12-02T11:29:01","guid":{"rendered":"http:\/\/imediata.org\/?p=5759"},"modified":"2017-12-02T11:30:14","modified_gmt":"2017-12-02T11:30:14","slug":"a-estetica-da-desaparicao-por-paul-virilio-download-gratuito","status":"publish","type":"post","link":"https:\/\/imediata.org\/?p=5759","title":{"rendered":"A est\u00e9tica da desapari\u00e7\u00e3o, por Paul Virilio &#8211; download gratuito"},"content":{"rendered":"<p><a href=\"http:\/\/imediata.org\/wp-content\/uploads\/2017\/12\/7-PAUL-VIRILIO.jpg\"><img loading=\"lazy\" decoding=\"async\" src=\"http:\/\/imediata.org\/wp-content\/uploads\/2017\/12\/7-PAUL-VIRILIO.jpg\" alt=\"7+PAUL+VIRILIO\" width=\"785\" height=\"482\" class=\"aligncenter size-full wp-image-5760\" srcset=\"https:\/\/imediata.org\/wp-content\/uploads\/2017\/12\/7-PAUL-VIRILIO.jpg 785w, https:\/\/imediata.org\/wp-content\/uploads\/2017\/12\/7-PAUL-VIRILIO-300x184.jpg 300w, https:\/\/imediata.org\/wp-content\/uploads\/2017\/12\/7-PAUL-VIRILIO-89x55.jpg 89w\" sizes=\"auto, (max-width: 785px) 100vw, 785px\" \/><\/a><\/p>\n<p>A est\u00e9tica da desapari\u00e7\u00e3o, por Paul Virilio &#8211; download gratuito<\/p>\n<p>ou A est\u00e9tica do desaparecimento<\/p>\n<p><a href=\"http:\/\/s46f5f7ff782ca167.jimcontent.com\/download\/version\/1348693538\/module\/6390612768\/name\/Est\u00e9tica do Desaparecimento.pdf\">http:\/\/s46f5f7ff782ca167.jimcontent.com\/download\/version\/1348693538\/module\/6390612768\/name\/Est\u00e9tica do Desaparecimento.pdf<\/a><\/p>\n","protected":false},"excerpt":{"rendered":"<p>A est\u00e9tica da desapari\u00e7\u00e3o, por Paul Virilio &#8211; download gratuito ou A est\u00e9tica do desaparecimento http:\/\/s46f5f7ff782ca167.jimcontent.com\/download\/version\/1348693538\/module\/6390612768\/name\/Est\u00e9tica do Desaparecimento.pdf<\/p>\n","protected":false},"author":1,"featured_media":0,"comment_status":"open","ping_status":"open","sticky":false,"template":"","format":"standard","meta":{"footnotes":""},"categories":[7,11],"tags":[3301,3302,1714],"class_list":["post-5759","post","type-post","status-publish","format-standard","hentry","category-devir","category-sambaqui","tag-a-estetica-da-desaparicao","tag-a-estetica-do-desaparecimento","tag-paul-virilio"],"_links":{"self":[{"href":"https:\/\/imediata.org\/index.php?rest_route=\/wp\/v2\/posts\/5759","targetHints":{"allow":["GET"]}}],"collection":[{"href":"https:\/\/imediata.org\/index.php?rest_route=\/wp\/v2\/posts"}],"about":[{"href":"https:\/\/imediata.org\/index.php?rest_route=\/wp\/v2\/types\/post"}],"author":[{"embeddable":true,"href":"https:\/\/imediata.org\/index.php?rest_route=\/wp\/v2\/users\/1"}],"replies":[{"embeddable":true,"href":"https:\/\/imediata.org\/index.php?rest_route=%2Fwp%2Fv2%2Fcomments&post=5759"}],"version-history":[{"count":2,"href":"https:\/\/imediata.org\/index.php?rest_route=\/wp\/v2\/posts\/5759\/revisions"}],"predecessor-version":[{"id":5762,"href":"https:\/\/imediata.org\/index.php?rest_route=\/wp\/v2\/posts\/5759\/revisions\/5762"}],"wp:attachment":[{"href":"https:\/\/imediata.org\/index.php?rest_route=%2Fwp%2Fv2%2Fmedia&parent=5759"}],"wp:term":[{"taxonomy":"category","embeddable":true,"href":"https:\/\/imediata.org\/index.php?rest_route=%2Fwp%2Fv2%2Fcategories&post=5759"},{"taxonomy":"post_tag","embeddable":true,"href":"https:\/\/imediata.org\/index.php?rest_route=%2Fwp%2Fv2%2Ftags&post=5759"}],"curies":[{"name":"wp","href":"https:\/\/api.w.org\/{rel}","templated":true}]}}