{"id":5748,"date":"2017-11-08T12:56:35","date_gmt":"2017-11-08T12:56:35","guid":{"rendered":"http:\/\/imediata.org\/?p=5748"},"modified":"2017-11-08T12:56:35","modified_gmt":"2017-11-08T12:56:35","slug":"video-e-texto-do-discurso-do-senador-roberto-requiao-em-6112017","status":"publish","type":"post","link":"https:\/\/imediata.org\/?p=5748","title":{"rendered":"V\u00eddeo e texto do discurso do senador Roberto Requi\u00e3o em 6\/11\/2017"},"content":{"rendered":"<p><strong><br \/>\n<a href=\"http:\/\/imediata.org\/wp-content\/uploads\/2017\/11\/DM-6iZfWkAA5xj_.jpg\"><img loading=\"lazy\" decoding=\"async\" src=\"http:\/\/imediata.org\/wp-content\/uploads\/2017\/11\/DM-6iZfWkAA5xj_-300x156.jpg\" alt=\"DM-6iZfWkAA5xj_\" width=\"300\" height=\"156\" class=\"aligncenter size-medium wp-image-5749\" srcset=\"https:\/\/imediata.org\/wp-content\/uploads\/2017\/11\/DM-6iZfWkAA5xj_-300x156.jpg 300w, https:\/\/imediata.org\/wp-content\/uploads\/2017\/11\/DM-6iZfWkAA5xj_-105x55.jpg 105w, https:\/\/imediata.org\/wp-content\/uploads\/2017\/11\/DM-6iZfWkAA5xj_.jpg 800w\" sizes=\"auto, (max-width: 300px) 100vw, 300px\" \/><\/a><\/p>\n<p>Requi\u00e3o cobra a Lava Jato: vender o Brasil pode? Vender o pa\u00eds n\u00e3o \u00e9 corrup\u00e7\u00e3o?<\/p>\n<p>Em pronunciamento no plen\u00e1rio, nesta segunda-feira (6), o senador Roberto Requi\u00e3o cobrou fortemente os operadores da Lava Jato que assistem passivamente a entrega do pa\u00eds e o desmantelamento do setor p\u00fablico sem qualquer rea\u00e7\u00e3o. O Senador perguntou diretamente a S\u00e9rgio Moro, Deltan Dallagnoll, Carmem L\u00facia, Raquel Dodge e a delegados da Pol\u00edcia Federal porque nada fazem quando um governo absolutamente mergulhado na corrup\u00e7\u00e3o vende o Brasil a pre\u00e7o de banana. Veja o v\u00eddeo e o texto do discurso.<\/p>\n<p><iframe loading=\"lazy\" width=\"560\" height=\"315\" src=\"https:\/\/www.youtube.com\/embed\/fW9f9TxbNgE\" frameborder=\"0\" gesture=\"media\" allowfullscreen><\/iframe><\/p>\n<p>N\u00e3o deixe de ler esse documento hist\u00f3rico!!<\/p>\n<p>Indispens\u00e1vel! Por gentileza, leiam o discurso do Requi\u00e3o hoje no Senado. Melhor ler que ouvir, ao ler a assimila\u00e7\u00e3o \u00e9 maior. Todos os brasileiros teriam que ler esse discurso.<br \/>\n&#8220;Um sil\u00eancio ensurdecedor foi \u201couvido\u201d nesta segunda-feira (6) ap\u00f3s o estridente discurso do senador Roberto Requi\u00e3o que cobrou da tribuna:&#8221;<br \/>\n&#8220;Abaixo, leia a \u00edntegra do discurso de Requi\u00e3o:<br \/>\nLava Jato, trair a P\u00e1tria n\u00e3o \u00e9 crime? Vender o pa\u00eds n\u00e3o \u00e9 corrup\u00e7\u00e3o?<\/p>\n<p>O juiz S\u00e9rgio Moro sabe; o procurador Deltan Dallagnol tem plena ci\u00eancia. Fui, neste plen\u00e1rio, o primeiro senador a apoiar e a conclamar o apoio \u00e0 Opera\u00e7\u00e3o Lava Jato. Assim como fui o primeiro a fazer reparos aos seus equ\u00edvocos e excessos.<\/p>\n<p>Mas, sobretudo, desde o in\u00edcio, apontei a falta de compromisso da Opera\u00e7\u00e3o, de seus principais operadores, com o pa\u00eds. Dizia que o combate \u00e0 corrup\u00e7\u00e3o descolado da realidade dos fatos da pol\u00edtica e da economia do pa\u00eds era in\u00fatil e enganoso.<\/p>\n<p>E por que a Lava Jato se apartou, distanciou-se dos fatos da pol\u00edtica e da economia do Brasil?<\/p>\n<p>Porque a Lava Jato acabou presa, imobilizada por sua pr\u00f3pria obsess\u00e3o; obsess\u00e3o que toldou, empanou os olhos e a compreens\u00e3o dos her\u00f3is da opera\u00e7\u00e3o ao ponto de eles n\u00e3o despertarem e nem reagirem \u00e0 pilhagem criminosa, desavergonhada do pa\u00eds.<\/p>\n<p>Querem um exemplo assombroso, sinistro dessa fuga da realidade?<\/p>\n<p>Nunca aconteceu na hist\u00f3ria do Brasil de um presidente ser denunciado por corrup\u00e7\u00e3o durante o exerc\u00edcio do mandato. N\u00e3o apenas ele. Todo o entorno foi indigitado e denunciado. Mas nunca um presidente da Rep\u00fablica desbaratou o patrim\u00f4nio nacional de forma t\u00e3o a\u00e7odada, irrespons\u00e1vel e suspeita, como essa Presid\u00eancia denunciada por corrup\u00e7\u00e3o.<\/p>\n<p>Vejam. S\u00f3 no \u00faltimo o leil\u00e3o do petr\u00f3leo, esse governo de denunciado como corrupto, abriu m\u00e3o de um trilh\u00e3o de reais de receitas.<\/p>\n<p>Um trilh\u00e3o, Moro!<br \/>\nUm trilh\u00e3o, Dallagnoll!<br \/>\nUm trilh\u00e3o, Pol\u00edcia Federal!<br \/>\nUm trilh\u00e3o, PGR!<br \/>\nUm trilh\u00e3o, Supremo, STJ, Tribunais Federais, Conselhos do Minist\u00e9rio P\u00fablico e da Justi\u00e7a.<br \/>\nUm trilh\u00e3o, brava gente da OAB!<\/p>\n<p>Um trilh\u00e3o de isen\u00e7\u00f5es graciosamente cedidas \u00e0s maiores e mais ricas empresas do planeta Terra. Injustificadamente. Sem qualquer amparo em dados econ\u00f4micos, em proje\u00e7\u00f5es de investimentos, em retorno de investimentos. Sem o apoio de estudos s\u00e9rios, confi\u00e1veis.<\/p>\n<p>Nada! Absolutamente nada!<\/p>\n<p>Foi um a doa\u00e7\u00e3o escandalosa. Uma negociata impudica.<\/p>\n<p>Abrimos m\u00e3o de dinheiro suficiente para cobrir todos os alegados d\u00e9ficits or\u00e7ament\u00e1rios, todos os rombos nas tais contas p\u00fablicas.<\/p>\n<p>Abrimos m\u00e3o do dinheiro essencial, vital para a previd\u00eancia, a sa\u00fade, a educa\u00e7\u00e3o, a seguran\u00e7a, a habita\u00e7\u00e3o e o saneamento, as estradas, ferrovias, aeroportos, portos e hidrovias, para os pr\u00f3ximos anos.<\/p>\n<p>Mas suas excelent\u00edssimas excel\u00eancias acima citadas n\u00e3o est\u00e3o nem a\u00ed. Por que, entendem, n\u00e3o vem ao caso\u2026<\/p>\n<p>Na d\u00e9cada de 80, quando as montadoras de autom\u00f3veis, depois de saturados os mercados do Ocidente desenvolvido, voltaram os olhos para o Sul do mundo, os governantes da Am\u00e9rica Latina, da \u00c1frica, da \u00c1sia entraram em guerra para ver quem fazia mais concess\u00f5es, quem dava mais vantagens para \u201catrair\u201d as f\u00e1bricas de autom\u00f3veis.<\/p>\n<p>Lester Turow, um dos papas da globaliza\u00e7\u00e3o, vendo aquele espet\u00e1culo deprimente de presidentes, governadores, prefeitos a oferecer at\u00e9 suas progenitoras para atrair uma montadora de autom\u00f3vel, censurou-os, chamando-os de ignorantes por desperdi\u00e7arem o suado dinheiro dos impostos de seus concidad\u00e3os para premiarem empresas biliard\u00e1rias.<\/p>\n<p>Turow dizia o seguinte: qualquer primeiroanista de economia, minimamente dotado, que examinasse um mapa do mundo, veria que a alternativa para as montadoras se expandirem e sobreviverem estava no Sul do Planeta Terra. Logo, elas n\u00e3o precisavam de qualquer incentivo para se instalarem na Am\u00e9rica Latina, \u00c1sia ou \u00c1frica. For\u00e7osamente viriam para c\u00e1.<\/p>\n<p>No entanto, governantes est\u00fapidos, boc\u00f3s, provincianos, al\u00e9m de corruptos e gananciosos deram \u00e0s montadoras mundos e fundos.<\/p>\n<p>Conto aqui uma experi\u00eancia pessoal: eu era governador do Paran\u00e1 e a f\u00e1brica de colheitadeiras New Holland, do Grupo Fiat, pretendia instalar-se no Brasil, que vivia \u00e0 \u00e9poca o boom da produ\u00e7\u00e3o de gr\u00e3os.<\/p>\n<p>A Fiat balan\u00e7ava entre se instalar no Paran\u00e1 ou Minas Gerais. Recebo no pal\u00e1cio um dirigente da f\u00e1brica italiana, que vai logo fazendo numerosas exig\u00eancias para montar a f\u00e1brica em meu estado. Queria tudo: isen\u00e7\u00f5es de impostos, terreno, infraestrutura, ber\u00e7o especial no porto de Paranagu\u00e1, e mais algumas benesses.<\/p>\n<p>Como resposta, pedi ao meu chefe de gabinete uma liga\u00e7\u00e3o para o ent\u00e3o governador de Minas Gerais, o H\u00e9lio Garcia. Feito o contanto, cumprimento o governador: \u201cParab\u00e9ns, H\u00e9lio, voc\u00ea acaba de ganhar a f\u00e1brica da New Holland\u201d. Ele fica intrigado e me pergunta o que havia acontecido.<\/p>\n<p>Explico a ele que o Paran\u00e1 n\u00e3o aceitava nenhuma das exig\u00eancias da Fiat para atrair a f\u00e1brica, e j\u00e1 que Minas aceitava, a f\u00e1brica iria para l\u00e1.<\/p>\n<p>O diretor da Fiat ficou pasmo e se retirou. Dias depois, ele reaparece e comunica que a New Holland iria se instalar no Paran\u00e1.<\/p>\n<p>Por que?<\/p>\n<p>Pela obviedade dos fatos: o Paran\u00e1 \u00e0 \u00e9poca, era o maior produtor de gr\u00e3os do Brasil e, logo, o maior consumidor de colheitadeiras do pa\u00eds; a f\u00e1brica ficaria a apenas cem quil\u00f4metros do porto de Paranagu\u00e1; t\u00ednhamos m\u00e3o-de-obra altamente especializada e assim por diante.<\/p>\n<p>Enfim, o grande incentivo que o Paran\u00e1 oferecia era o mercado.<\/p>\n<p>O que me inspirou trucar a Fiat? O conselho de Lester Turow e o exemplo de meu antecessor no governo, que atraiu a Renault, a Wolks e a Chrysler a peso de ouro e \u00e0s custas dos sal\u00e1rios dos metal\u00fargicos paranaenses, pois o governador de ent\u00e3o chegou at\u00e9 mesmo negociar os vencimentos dos oper\u00e1rios, fixando-os a uma fra\u00e7\u00e3o do que recebiam os trabalhadores paulistas.<\/p>\n<p>Mundos e fundos, e um retorno p\u00edfio.<\/p>\n<p>Pois bem, voltemos aos dias de hoje, retornemos \u00e0 hist\u00f3ria, que agora se reproduz como um pastel\u00e3o.<\/p>\n<p>O pr\u00e9-sal, pelos custos de sua extra\u00e7\u00e3o, coisa de sete d\u00f3lares o barril, \u00e9 moranguinho com nata,, uma mamata s\u00f3!<\/p>\n<p>A extra\u00e7\u00e3o do \u00f3leo xisto, nos Estados Unidos, o shale oil , chegou a custar at\u00e9 50 d\u00f3lares o barril;<br \/>\no petr\u00f3leo extra\u00eddo pelos canadenses das areias betuminosas sai por 20 a 30 d\u00f3lares o barril; as petrol\u00edferas, as mesmas que vieram aqui tomar o nosso pr\u00e9-sal, fecharam v\u00e1rios projetos de extra\u00e7\u00e3o de petr\u00f3leo no Alasca porque os custos ultrapassavam os 40 d\u00f3lares o barril.<\/p>\n<p>Quer dizer: como no caso das montadoras, era natural, favas contadas que as petrol\u00edferas enxameassem, como abelhas no mel, o pr\u00e9-sal. Com esse custo, quem n\u00e3o seria atra\u00eddo?<\/p>\n<p>Por que ent\u00e3o, imbecis, por que ent\u00e3o, entreguistas de uma figa, oferecer mais vantagens ainda que a j\u00e1 enorme, incompar\u00e1vel e indisput\u00e1vel vantagem do custo da extra\u00e7\u00e3o?<\/p>\n<p>Mais um dado, senhoras e senhores da Lava Jato, atrizes e atores daquele malfadado filme: voc\u00eas sabem quanto o governo arrecadou com o \u00faltimo leil\u00e3o? Arrecadou o correspondente a um centavo de real por litro leiloado.<\/p>\n<p>Um centavo, Moro!<br \/>\nUm centavo, Dallagnoll!<br \/>\nUm centavo, Carmem L\u00facia!<br \/>\nUm centavo, Raquel Dodge!<br \/>\nUm centavo, \u00ednclitos delegados da Policia Federal!<\/p>\n<p>Esse governo de meliantes faz isso e voc\u00eas fazem cara de paisagem, viram o rosto para o outro lado.<\/p>\n<p>J\u00e1 sei, uma das raz\u00f5es para essa omiss\u00e3o indecente certamente \u00e9, foi e haver\u00e1 de ser a opini\u00e3o da m\u00eddia.<\/p>\n<p>Com toda a m\u00eddia comercial, monopolizada por seis fam\u00edlias, todas a favor desse leil\u00e3o rapinante, como os senhores e as senhoras iriam falar qualquer coisa, n\u00e3o \u00e9?<\/p>\n<p>N\u00e3o pegava bem contrariar a imprensa amiga, n\u00e3o \u00e9, lavajatinos?<\/p>\n<p>Renovo a pergunta: desbaratar o suado dinheiro que \u00e9 esfolado dos brasileiros via impostos e dar isen\u00e7\u00e3o \u00e0s empresas mais ricas do planeta \u00e9 um ou n\u00e3o \u00e9 corrup\u00e7\u00e3o?<\/p>\n<p>Entregar o precios\u00edssimo pr\u00e9-sal, o nosso passaporte para romper com o subdesenvolvimento, \u00e9 ou n\u00e3o \u00e9 suprema, absoluta, imperdo\u00e1vel corrup\u00e7\u00e3o?<\/p>\n<p>\u00c9 ou n\u00e3o uma corrup\u00e7\u00e3o inomin\u00e1vel reduzir o sal\u00e1rio m\u00ednimo e isentar as petroleiras?<\/p>\n<p>Ser\u00e1, ju\u00edzes, procuradores, policiais federais, defensores p\u00fablicos, ser\u00e1 que as senhoras e os senhores s\u00e3o t\u00e3o limitados, t\u00e3o fronteiri\u00e7os, t\u00e3o pouco dotados de perspic\u00e1cia e patriotismo ao ponto de engolirem essa roubalheira toda sem piscar?<\/p>\n<p>Bom, eu n\u00e3o acredito, como alguns chegam a acusar, que os senhores e as senhoras s\u00e3o quintas-colunas, agentes estrangeiros, calabares, joaquins silv\u00e9rios ou, ent\u00e3o, cabos anselmos.<\/p>\n<p>N\u00e3o, n\u00e3o acredito.<\/p>\n<p>N\u00e3o acredito, mas a passividade das senhoras e dos senhores diante da destrui\u00e7\u00e3o da soberania nacional, diante da submiss\u00e3o do Brasil \u00e0s transnacionais, diante da liquida\u00e7\u00e3o dos direitos trabalhistas e sociais, diante da reintrodu\u00e7\u00e3o da escravatura no pa\u00eds\u2026. essa passividade incomoda e desperta desconfian\u00e7as, levanta suspeitas.<\/p>\n<p>Pergunto, renovo a pergunta: como pode um pa\u00eds ser comandado por uma quadrilha, clara e explicitamente uma quadrilha, e tudo continuar como se nada estivesse acontecendo?<\/p>\n<p>Responda, Moro.<br \/>\nResponda, Dallagnoll.<br \/>\nResponda, Carmem L\u00facia.<br \/>\nResponda, Raquel Dodge.<\/p>\n<p>Respondam, oh, \u00ednclitos e severos ministros do Tribunal de Contas da Uni\u00e3o que ajudaram a derrubar uma presidente honesta.<\/p>\n<p>Respondam, oh guardi\u00f5es da moral, da \u00e9tica, da honestidade, dos bons costumes, da fam\u00edlia, da propriedade e da civiliza\u00e7\u00e3o crist\u00e3 ocidental.<\/p>\n<p>Respondam porque denunciaram, mandaram prender, processaram e condenaram tantos lobistas, corruptores de parlamentares e de dirigentes de estatais, mas pouco se d\u00e3o se, por exemplo, lobistas da Shell, da Exxon e de outras petroleiras estrangeiras circulem pelo Congresso obscenamente, a pressionar, a constranger parlamentares em defesa da entrega do pr\u00e9-sal, e do desmantelamento ind\u00fastria nacional do \u00f3leo e do g\u00e1s?<\/p>\n<p>Eu vi, senhoras e senhores. Eu vi com que liberdade e desfa\u00e7atez o lobista da Shell, semanas atr\u00e1s, buscava angarias votos para aprovar a maldita, indecorosa MP franqueando todo o setor industrial nacional do petr\u00f3leo \u00e0 preda\u00e7\u00e3o das multinacionais.<\/p>\n<p>J\u00e1 sei, j\u00e1 sei\u2026. isso n\u00e3o vem, ao caso.<\/p>\n<p>Fico c\u00e1 pensando o que esses rapazes e essas mo\u00e7as, brilhant\u00edssimos campe\u00f5es de concursos p\u00fablicos, fico pensando\u2026..o que eles e elas conhecem de economia, da hist\u00f3ria e dos impasses hist\u00f3ricos do desenvolvimento brasileiro?<\/p>\n<p>Ser\u00e1 que eles s\u00e3o t\u00e3o tapados ao ponto de n\u00e3o saberem que sem energia, sem ind\u00fastria, sem mercado consumidor, sem sistema financeiro p\u00fablico, para alavancar a economia, sem infraestrutura n\u00e3o h\u00e1 futuro para qualquer pa\u00eds que seja? Esses s\u00e3o os ativos imprescind\u00edveis para o desenvolvimento, para a remiss\u00e3o do atraso, para o bem-estar social e para a paz social.<\/p>\n<p>Sem esses ativos, vamos nos escorar no qu\u00ea? Na produ\u00e7\u00e3o e exporta\u00e7\u00e3o de commodities? Ora\u2026<\/p>\n<p>Mas, os nossos bravos e bravas lavajatinos n\u00e3o consideram o desbaratamento dos ativos nacionais uma forma de corrup\u00e7\u00e3o.<\/p>\n<p>Senhoras, senhores, estamos falando da venda subfaturada \u2013ou melhor, da doa\u00e7\u00e3o- do pa\u00eds todo! Todo!<\/p>\n<p>E quem o vende?<\/p>\n<p>Um governo atolado, completamente submerso na corrup\u00e7\u00e3o.<\/p>\n<p>E para que vende?<\/p>\n<p>Para comprar parlamentares e assim escapar de ser julgado por corrup\u00e7\u00e3o.<\/p>\n<p>Depois de jogar o petr\u00f3leo pela janela, preparando assim o terreno para a nossa perpetua\u00e7\u00e3o no subdesenvolvimento, o governo aproveita a distra\u00e7\u00e3o de um feriado prolongado e coloca em hasta p\u00fablica o Banco do Brasil, a Caixa Econ\u00f4mica, a Eletrobr\u00e1s, a Petrobr\u00e1s e que mais seja de estatal.<\/p>\n<p>Ladr\u00f5es de dinheiro p\u00fablico vendendo o patrim\u00f4nio p\u00fablico.<\/p>\n<p>Pode isso, Moro?<br \/>\nPode isso, Dallagnoll?<br \/>\nPode isso, Carmem L\u00facia?<br \/>\nPode isso, Raquel Dodge?<br \/>\nOu devo perguntar para o Arnaldo?<\/p>\n<p>\u00c0 v\u00e9spera do leil\u00e3o do pr\u00e9-sal, semana passada, tive a esperan\u00e7a de que algum juiz intr\u00e9pido ou algum procurador audacioso, iluminados pelos fe\u00e9ricos, espetaculosos exemplos da Lava Jato, impedissem esse supremo ato de corrup\u00e7\u00e3o praticado por um governo corrupto.<\/p>\n<p>Mas, como isso n\u00e3o vinha ao caso, nada tinha com os pedalinhos, o tr\u00edplex, as palestras, o aluguel do apartamento, nenhum juiz, nenhum procurador, nenhum delegado da pol\u00edcia federal, e nem aquele rapaz do TCU, t\u00e3o rigoroso com a presidente Dilma, ningu\u00e9m enfim, se lixou para o esbulho.<\/p>\n<p>Ah, sim, n\u00e3o estava tamb\u00e9m no power point\u2026.<br \/>\n\u00c9 com desencanto e o mais profundo des\u00e2nimo que pergunto: por que Deus est\u00e1 sendo t\u00e3o duro assim com o Brasil.<\/p>\n<p>*Roberto Requi\u00e3o \u00e9 senador da Rep\u00fablica no segundo mandato. Foi governador de estado por 3 mandatos, 12 anos, prefeito de Curitiba, secret\u00e1rio de estado, deputado, industrial, agricultor, oficial do ex\u00e9rcito brasileiro e advogado de movimento sociais. \u00c9 graduado em direito e jornalismo com p\u00f3s gradua\u00e7\u00e3o em urbanismo e comunica\u00e7\u00e3o.<\/p>\n<p><\/strong><\/p>\n","protected":false},"excerpt":{"rendered":"<p>Requi\u00e3o cobra a Lava Jato: vender o Brasil pode? Vender o pa\u00eds n\u00e3o \u00e9 corrup\u00e7\u00e3o? Em pronunciamento no plen\u00e1rio, nesta segunda-feira (6), o senador Roberto Requi\u00e3o cobrou fortemente os operadores da Lava Jato que assistem passivamente a entrega do pa\u00eds e o desmantelamento do setor p\u00fablico sem qualquer rea\u00e7\u00e3o. O Senador perguntou diretamente a S\u00e9rgio [&hellip;]<\/p>\n","protected":false},"author":1,"featured_media":0,"comment_status":"open","ping_status":"open","sticky":false,"template":"","format":"standard","meta":{"footnotes":""},"categories":[9,1],"tags":[3293,3294,3292],"class_list":["post-5748","post","type-post","status-publish","format-standard","hentry","category-lance-de-dados","category-uncategorized","tag-discurso-no-plenario-do-senado-em-6112017","tag-golpe-de-estado-no-brasil","tag-roberto-requiao"],"_links":{"self":[{"href":"https:\/\/imediata.org\/index.php?rest_route=\/wp\/v2\/posts\/5748","targetHints":{"allow":["GET"]}}],"collection":[{"href":"https:\/\/imediata.org\/index.php?rest_route=\/wp\/v2\/posts"}],"about":[{"href":"https:\/\/imediata.org\/index.php?rest_route=\/wp\/v2\/types\/post"}],"author":[{"embeddable":true,"href":"https:\/\/imediata.org\/index.php?rest_route=\/wp\/v2\/users\/1"}],"replies":[{"embeddable":true,"href":"https:\/\/imediata.org\/index.php?rest_route=%2Fwp%2Fv2%2Fcomments&post=5748"}],"version-history":[{"count":1,"href":"https:\/\/imediata.org\/index.php?rest_route=\/wp\/v2\/posts\/5748\/revisions"}],"predecessor-version":[{"id":5750,"href":"https:\/\/imediata.org\/index.php?rest_route=\/wp\/v2\/posts\/5748\/revisions\/5750"}],"wp:attachment":[{"href":"https:\/\/imediata.org\/index.php?rest_route=%2Fwp%2Fv2%2Fmedia&parent=5748"}],"wp:term":[{"taxonomy":"category","embeddable":true,"href":"https:\/\/imediata.org\/index.php?rest_route=%2Fwp%2Fv2%2Fcategories&post=5748"},{"taxonomy":"post_tag","embeddable":true,"href":"https:\/\/imediata.org\/index.php?rest_route=%2Fwp%2Fv2%2Ftags&post=5748"}],"curies":[{"name":"wp","href":"https:\/\/api.w.org\/{rel}","templated":true}]}}