{"id":5732,"date":"2017-10-27T13:24:38","date_gmt":"2017-10-27T13:24:38","guid":{"rendered":"http:\/\/imediata.org\/?p=5732"},"modified":"2017-10-27T13:24:38","modified_gmt":"2017-10-27T13:24:38","slug":"galileu-roteiro-p-teatro-adaptado-por-p-n-lisboa-filho-e-f-c-lavarda","status":"publish","type":"post","link":"https:\/\/imediata.org\/?p=5732","title":{"rendered":"GALILEU &#8211; Roteiro p\/ teatro adaptado por P.N. Lisboa Filho e F.C. Lavarda"},"content":{"rendered":"<p><a href=\"http:\/\/imediata.org\/wp-content\/uploads\/2017\/10\/GALILEU__GALILEU_GALILEI_1471129417604951SK1471129417B.jpg\"><img loading=\"lazy\" decoding=\"async\" src=\"http:\/\/imediata.org\/wp-content\/uploads\/2017\/10\/GALILEU__GALILEU_GALILEI_1471129417604951SK1471129417B.jpg\" alt=\"GALILEU__GALILEU_GALILEI_1471129417604951SK1471129417B\" width=\"200\" height=\"259\" class=\"aligncenter size-full wp-image-5733\" srcset=\"https:\/\/imediata.org\/wp-content\/uploads\/2017\/10\/GALILEU__GALILEU_GALILEI_1471129417604951SK1471129417B.jpg 200w, https:\/\/imediata.org\/wp-content\/uploads\/2017\/10\/GALILEU__GALILEU_GALILEI_1471129417604951SK1471129417B-42x55.jpg 42w\" sizes=\"auto, (max-width: 200px) 100vw, 200px\" \/><\/a><\/p>\n<p><a href=\"http:\/\/imediata.org\/wp-content\/uploads\/2017\/10\/2C6.jpg\"><img loading=\"lazy\" decoding=\"async\" src=\"http:\/\/imediata.org\/wp-content\/uploads\/2017\/10\/2C6-300x200.jpg\" alt=\"2C6\" width=\"300\" height=\"200\" class=\"aligncenter size-medium wp-image-5734\" srcset=\"https:\/\/imediata.org\/wp-content\/uploads\/2017\/10\/2C6-300x200.jpg 300w, https:\/\/imediata.org\/wp-content\/uploads\/2017\/10\/2C6-82x55.jpg 82w, https:\/\/imediata.org\/wp-content\/uploads\/2017\/10\/2C6.jpg 760w\" sizes=\"auto, (max-width: 300px) 100vw, 300px\" \/><\/a><\/p>\n<p><strong><\/p>\n<p>\u201cGalileu\u201d por P.N. Lisboa Filho &#038; F.C. Lavarda<br \/>\nGALILEU<br \/>\nRoteiro para teatro adaptado por Paulo Noronha Lisboa Filho e Francisco Carlos Lavarda a partir da<br \/>\ntradu\u00e7\u00e3o para o portugu\u00eas por Roberto Schwarz da pe\u00e7a \u201cA Vida de Galileu\u201d (Leben des Galilei)<br \/>\nescrita em 1938-1939 por Bertolt Brecht e publicada no volume 06 (pp. 51-170) da obra \u201cTeatro<br \/>\nCompleto de Bertolt Brecht\u201d, Ed. Paz e Terra, 1991, Rio de Janeiro<\/p>\n<p>download gr\u00e1tis aqui:<\/p>\n<p><a href=\"http:\/\/wwwp.fc.unesp.br\/~lavarda\/galileu\/a_vida_de_galileu_2012_03_19.pdf\">http:\/\/wwwp.fc.unesp.br\/~lavarda\/galileu\/a_vida_de_galileu_2012_03_19.pdf<\/a><\/p>\n<p>Hanns Eisler sings and plays the Ballad Nr. 9 from &#8216;Galileo Galilei&#8217; <\/p>\n<p><iframe loading=\"lazy\" width=\"560\" height=\"315\" src=\"https:\/\/www.youtube.com\/embed\/69K4I6k5on8\" frameborder=\"0\" allowfullscreen><\/iframe><\/p>\n<p>Leben des Galilei von Bertolt Brecht \/ Deutsch \/ H\u00f6rbuch Komplett <\/p>\n<p><iframe loading=\"lazy\" width=\"560\" height=\"315\" src=\"https:\/\/www.youtube.com\/embed\/NqnfVTQlS4w\" frameborder=\"0\" allowfullscreen><\/iframe><\/p>\n<p><\/strong><\/p>\n<p><a href=\"http:\/\/imediata.org\/wp-content\/uploads\/2017\/10\/maxresdefault.jpg\"><img loading=\"lazy\" decoding=\"async\" src=\"http:\/\/imediata.org\/wp-content\/uploads\/2017\/10\/maxresdefault-300x168.jpg\" alt=\"maxresdefault\" width=\"300\" height=\"168\" class=\"aligncenter size-medium wp-image-5735\" srcset=\"https:\/\/imediata.org\/wp-content\/uploads\/2017\/10\/maxresdefault-300x168.jpg 300w, https:\/\/imediata.org\/wp-content\/uploads\/2017\/10\/maxresdefault-1024x576.jpg 1024w, https:\/\/imediata.org\/wp-content\/uploads\/2017\/10\/maxresdefault-97x55.jpg 97w, https:\/\/imediata.org\/wp-content\/uploads\/2017\/10\/maxresdefault.jpg 1280w\" sizes=\"auto, (max-width: 300px) 100vw, 300px\" \/><\/a><\/p>\n","protected":false},"excerpt":{"rendered":"<p>\u201cGalileu\u201d por P.N. Lisboa Filho &#038; F.C. Lavarda GALILEU Roteiro para teatro adaptado por Paulo Noronha Lisboa Filho e Francisco Carlos Lavarda a partir da tradu\u00e7\u00e3o para o portugu\u00eas por Roberto Schwarz da pe\u00e7a \u201cA Vida de Galileu\u201d (Leben des Galilei) escrita em 1938-1939 por Bertolt Brecht e publicada no volume 06 (pp. 51-170) da [&hellip;]<\/p>\n","protected":false},"author":1,"featured_media":0,"comment_status":"open","ping_status":"open","sticky":false,"template":"","format":"standard","meta":{"footnotes":""},"categories":[11,1],"tags":[3281,231,3285,3279,3286,124,3280,3284,3283,3282],"class_list":["post-5732","post","type-post","status-publish","format-standard","hentry","category-sambaqui","category-uncategorized","tag-ballad-nr-9-from-galileo-galilei","tag-bertolt-brecht","tag-francisco-carlos-lavarda","tag-galileo-galilei","tag-galileu","tag-hanns-eisler","tag-leben-des-galilei","tag-paulo-noronha-lisboa-filho","tag-roberto-schwarz","tag-a-vida-de-galileu"],"_links":{"self":[{"href":"https:\/\/imediata.org\/index.php?rest_route=\/wp\/v2\/posts\/5732","targetHints":{"allow":["GET"]}}],"collection":[{"href":"https:\/\/imediata.org\/index.php?rest_route=\/wp\/v2\/posts"}],"about":[{"href":"https:\/\/imediata.org\/index.php?rest_route=\/wp\/v2\/types\/post"}],"author":[{"embeddable":true,"href":"https:\/\/imediata.org\/index.php?rest_route=\/wp\/v2\/users\/1"}],"replies":[{"embeddable":true,"href":"https:\/\/imediata.org\/index.php?rest_route=%2Fwp%2Fv2%2Fcomments&post=5732"}],"version-history":[{"count":1,"href":"https:\/\/imediata.org\/index.php?rest_route=\/wp\/v2\/posts\/5732\/revisions"}],"predecessor-version":[{"id":5736,"href":"https:\/\/imediata.org\/index.php?rest_route=\/wp\/v2\/posts\/5732\/revisions\/5736"}],"wp:attachment":[{"href":"https:\/\/imediata.org\/index.php?rest_route=%2Fwp%2Fv2%2Fmedia&parent=5732"}],"wp:term":[{"taxonomy":"category","embeddable":true,"href":"https:\/\/imediata.org\/index.php?rest_route=%2Fwp%2Fv2%2Fcategories&post=5732"},{"taxonomy":"post_tag","embeddable":true,"href":"https:\/\/imediata.org\/index.php?rest_route=%2Fwp%2Fv2%2Ftags&post=5732"}],"curies":[{"name":"wp","href":"https:\/\/api.w.org\/{rel}","templated":true}]}}