{"id":5697,"date":"2017-10-04T19:05:06","date_gmt":"2017-10-04T19:05:06","guid":{"rendered":"http:\/\/imediata.org\/?p=5697"},"modified":"2017-10-04T19:05:06","modified_gmt":"2017-10-04T19:05:06","slug":"fattorelli-participa-da-comissao-divida-ativa-da-alerj","status":"publish","type":"post","link":"https:\/\/imediata.org\/?p=5697","title":{"rendered":"Fattorelli participa da Comiss\u00e3o D\u00edvida Ativa da ALERJ"},"content":{"rendered":"<p><a href=\"http:\/\/imediata.org\/wp-content\/uploads\/2017\/10\/tributos.jpg\"><img loading=\"lazy\" decoding=\"async\" src=\"http:\/\/imediata.org\/wp-content\/uploads\/2017\/10\/tributos.jpg\" alt=\"tributos\" width=\"234\" height=\"320\" class=\"aligncenter size-full wp-image-5700\" srcset=\"https:\/\/imediata.org\/wp-content\/uploads\/2017\/10\/tributos.jpg 234w, https:\/\/imediata.org\/wp-content\/uploads\/2017\/10\/tributos-219x300.jpg 219w, https:\/\/imediata.org\/wp-content\/uploads\/2017\/10\/tributos-40x55.jpg 40w\" sizes=\"auto, (max-width: 234px) 100vw, 234px\" \/><\/a><br \/>\n<strong><br \/>\nFattorelli participa da Comiss\u00e3o D\u00edvida Ativa da ALERJ<\/p>\n<p><iframe loading=\"lazy\" width=\"560\" height=\"315\" src=\"https:\/\/www.youtube.com\/embed\/OJLY0tArJ0w\" frameborder=\"0\" allowfullscreen><\/iframe><\/p>\n<p>Em reuni\u00e3o na ALERJ, a coordenadora nacional da Auditoria Cidad\u00e3 da D\u00edvida desvenda o que est\u00e1 por tr\u00e1s do PLS 204 e outras propostas que prometem recuperar cr\u00e9ditos da d\u00edvida ativa de dif\u00edcil recupera\u00e7\u00e3o.<\/strong><\/p>\n","protected":false},"excerpt":{"rendered":"<p>Fattorelli participa da Comiss\u00e3o D\u00edvida Ativa da ALERJ Em reuni\u00e3o na ALERJ, a coordenadora nacional da Auditoria Cidad\u00e3 da D\u00edvida desvenda o que est\u00e1 por tr\u00e1s do PLS 204 e outras propostas que prometem recuperar cr\u00e9ditos da d\u00edvida ativa de dif\u00edcil recupera\u00e7\u00e3o.<\/p>\n","protected":false},"author":1,"featured_media":0,"comment_status":"open","ping_status":"open","sticky":false,"template":"","format":"standard","meta":{"footnotes":""},"categories":[68,9],"tags":[3254,3253,3167,3003],"class_list":["post-5697","post","type-post","status-publish","format-standard","hentry","category-dossie-queda-da-rua-do-muro","category-lance-de-dados","tag-auditoria-cidada-da-divida","tag-divida-ativa","tag-divida-publica","tag-maria-lucia-fattorelli"],"_links":{"self":[{"href":"https:\/\/imediata.org\/index.php?rest_route=\/wp\/v2\/posts\/5697","targetHints":{"allow":["GET"]}}],"collection":[{"href":"https:\/\/imediata.org\/index.php?rest_route=\/wp\/v2\/posts"}],"about":[{"href":"https:\/\/imediata.org\/index.php?rest_route=\/wp\/v2\/types\/post"}],"author":[{"embeddable":true,"href":"https:\/\/imediata.org\/index.php?rest_route=\/wp\/v2\/users\/1"}],"replies":[{"embeddable":true,"href":"https:\/\/imediata.org\/index.php?rest_route=%2Fwp%2Fv2%2Fcomments&post=5697"}],"version-history":[{"count":1,"href":"https:\/\/imediata.org\/index.php?rest_route=\/wp\/v2\/posts\/5697\/revisions"}],"predecessor-version":[{"id":5701,"href":"https:\/\/imediata.org\/index.php?rest_route=\/wp\/v2\/posts\/5697\/revisions\/5701"}],"wp:attachment":[{"href":"https:\/\/imediata.org\/index.php?rest_route=%2Fwp%2Fv2%2Fmedia&parent=5697"}],"wp:term":[{"taxonomy":"category","embeddable":true,"href":"https:\/\/imediata.org\/index.php?rest_route=%2Fwp%2Fv2%2Fcategories&post=5697"},{"taxonomy":"post_tag","embeddable":true,"href":"https:\/\/imediata.org\/index.php?rest_route=%2Fwp%2Fv2%2Ftags&post=5697"}],"curies":[{"name":"wp","href":"https:\/\/api.w.org\/{rel}","templated":true}]}}