{"id":5686,"date":"2017-10-04T13:05:45","date_gmt":"2017-10-04T13:05:45","guid":{"rendered":"http:\/\/imediata.org\/?p=5686"},"modified":"2017-10-04T13:28:57","modified_gmt":"2017-10-04T13:28:57","slug":"poemario-vasculhado-5-cantico-das-criaturas-giovanni-di-pietro-bernardone-sao-francisco-de-assis","status":"publish","type":"post","link":"https:\/\/imediata.org\/?p=5686","title":{"rendered":"Poem\u00e1rio vasculhado 5: C\u00e2ntico das Criaturas \u2013 Giovanni di Pietro Bernardone (S\u00e3o Francisco de Assis)"},"content":{"rendered":"<p><strong><\/p>\n<p><a href=\"http:\/\/imediata.org\/wp-content\/uploads\/2017\/10\/images-21.jpg\"><img loading=\"lazy\" decoding=\"async\" src=\"http:\/\/imediata.org\/wp-content\/uploads\/2017\/10\/images-21.jpg\" alt=\"images-2\" width=\"310\" height=\"163\" class=\"aligncenter size-full wp-image-5687\" srcset=\"https:\/\/imediata.org\/wp-content\/uploads\/2017\/10\/images-21.jpg 310w, https:\/\/imediata.org\/wp-content\/uploads\/2017\/10\/images-21-300x157.jpg 300w, https:\/\/imediata.org\/wp-content\/uploads\/2017\/10\/images-21-104x55.jpg 104w\" sizes=\"auto, (max-width: 310px) 100vw, 310px\" \/><\/a><br \/>\n<strong>Poem\u00e1rio vasculhado 5: C\u00e2ntico das Criaturas \u2013 Giovanni di Pietro Bernardone (S\u00e3o Francisco de Assis)<\/p>\n<p>Sempre achei que S\u00e3o Francisco deve ter sido um homem de extremo e apurad\u00edssimo bom gosto. Dispensador da mais elegante das gra\u00e7as, que \u00e9 a pr\u00f3pria gra\u00e7a.<\/p>\n<p>N\u00e3o s\u00f3 por ser de fam\u00edlia burguesa abastada<\/p>\n<p>que comercializava tecidos finos h\u00e1 gera\u00e7\u00f5es.<\/p>\n<p>N\u00e3o s\u00f3 pelo pai italiano e m\u00e3e francesa (da\u00ed o nome que vingou, Francesco), de uma classe social habituada a conviver com o que a vida podia oferecer de melhor.<\/p>\n<p>N\u00e3o s\u00f3 por gostar de Santa Clara, decantada por sua beleza sem par.<\/p>\n<p>N\u00e3o s\u00f3 por ter nascido na pequena joia que \u00e9 Assisi, na \u00dambria etrusca, j\u00e1 cultura antiqu\u00edssima e par\u00e2metro de requinte at\u00e9 no recente&#8230; tempo dos romanos, regi\u00e3o onde a natureza concedeu-se a forma de se revelar mais simples, imprevista e menos polida e perfeita que a mais-que-perfeita Toscana, bem ao lado, mas sem esquecer de processar continuamente toda a heran\u00e7a art\u00edstica e cultural desse misterioso povo etrusco que a habitou. (A pr\u00f3pria loba esculpida, s\u00edmbolo de Roma \u00e9, na realidade, uma est\u00e1tua etrusca&#8230;)<\/p>\n<p>O bom gosto extremo e inevit\u00e1vel de Francisco<\/p>\n<p>deve ter sido, tamb\u00e9m, fruto de sua busca<\/p>\n<p>de s\u00edntese e ess\u00eancia,<\/p>\n<p>despojamento e desprendimento,<\/p>\n<p>inclus\u00e3o e celebra\u00e7\u00e3o do todo com o todo,<\/p>\n<p>da mais absoluta e elegante simplicidade.<\/p>\n<p>O primeiro texto em l\u00edngua italiana que se conhece<\/p>\n<p>\u00e9 justamente a poesia (ou fioretto \u2013 pequena flor) conhecida como<\/p>\n<p>C\u00e2ntico das Criaturas<\/p>\n<p>de Francisco de Assis \u2013 para muitos um dos mais belos poemas jamais escrito.<\/p>\n<p>Mas n\u00e3o foi s\u00f3 nas artes da escrita que Francisco pioneirou. Segundo Regina Vater, que de instala\u00e7\u00f5es entende imensamente mais que um pouco, foi Francisco o artista que inventou as instala\u00e7\u00f5es. Afinal de contas, o que mais seria o \u201cpres\u00e9pio\u201d, cria\u00e7\u00e3o dele, se n\u00e3o uma verdadeira e pr\u00f3pria instala\u00e7\u00e3o, um tableau vivant da inclus\u00e3o, onde humanos e animais, astros e elementos, pedras e reis magos protagonizam e celebram o milagre da vida? Sem perder a perspectiva, tantas atribui\u00e7\u00f5es de pioneirismo art\u00edstico certamente fariam Francisco balan\u00e7ar a cabe\u00e7a e sorrir. D\u00e1 para imaginar o santo cobrando copyrights?<\/p>\n<p>Quando tudo \u00e9 tratado e saudado como irm\u00e3o e irm\u00e3 de si pr\u00f3prio e de todo o g\u00eanero humano: o Sol, a Lua, as estrelas, a Vida, at\u00e9 a pr\u00f3pria Morte, al\u00e9m de todos os elementos \u2013 ar, fogo, \u00e1gua, terra, ao mesmo tempo em que traz para o n\u00edvel humano os elementos da cria\u00e7\u00e3o inteira, ele eleva o ser humano ao patamar de todos os astros mais poderosos e dos elementos mais fundamentais que os e nos constituem. O que \u00e9 isso sen\u00e3o o mais elevado Humanismo? E com que maestria e eleg\u00e2ncia ele executa este dif\u00edcil e complicado nivelamento. (Nisso me pergunto se n\u00e3o teria sido, poeticamente, um dos precursores do Renascimento \u2013 al\u00e9m da ecologia moderna, do respeito \u00e0 natureza e de todas as suas esp\u00e9cies, da mais radical mensagem po\u00e9tico-pol\u00edtica \u2013 a absoluta e imprescind\u00edvel necessidade de inclus\u00e3o.)<\/p>\n<p>Sempre imaginei  que este poema devia ter sido escrito por Francisco enquanto mirava a mais linda das paisagens ao redor de Assisi, al fresco, livre e solto, alegre e despreocupado, divertindo-se relaxado e contemplativo nos bel\u00edssimos campos da \u00dambria, dando cambalhotas e \u201cplantando bananeiras\u201d sobre a farta grama at\u00e9 alcan\u00e7ar a videira de uvas mais doces, num daqueles dias em que o Sol e a Lua nos d\u00e3o a gra\u00e7a de aparecerem juntos, no c\u00e9u.<\/p>\n<p>Qual n\u00e3o foi meu espanto ao fazer uma pesquisa, anos atr\u00e1s, e aprender que quando escreveu o poema, Francisco, ainda relativamente jovem, j\u00e1 n\u00e3o podia h\u00e1 muito, muito tempo (meses? anos?), sair de sua miser\u00e1vel, sombria e diminuta cela de monge em que esposou a pobreza material, e que se encontrava extremamente doente, debilitado e sofrendo das mais atrozes dores. <\/p>\n<p>Quando confirmei essas informa\u00e7\u00f5es, o C\u00e2ntico das Criaturas, que j\u00e1 era um dos escritos que mais jus fazia \u00e0 estatura de poesia, passou a ter um valor ainda mais especial. Talvez o milagre maior de Francisco foi o de ter consigo, no seu interior, o amor pela totalidade desses irm\u00e3os e irm\u00e3s, de respeitar e amar na plenitude essas maravilhas todas de que somos parte. Seu \u201cSenhor\u201d \u00e9 o criador que habita em todas as criaturas. E ele n\u00e3o negligenciou de celebr\u00e1-los e celebrar-nos, de EXULTAR, EXULTAR, EXULTAR, apesar do seu estado extremamente deplor\u00e1vel.  Desde ent\u00e3o, nunca parei de me perguntar:<\/p>\n<p>\u2013     Seriam os \u201csantos\u201d (de toda e qualquer cren\u00e7a, cultura ou misticismo) tamb\u00e9m os maiores profetas\/poetas que o g\u00eanero humano produziu? Afinal, n\u00e3o \u00e9 por meio deles que efetivamente se d\u00e1 a luz ao Logos? Ao verbo? E se o G\u00eanesis estiver certo, quando diz que no in\u00edcio era o Verbo&#8230; (n\u00e3o um substantivo, n\u00e3o um adjetivo, n\u00e3o um artigo ou preposi\u00e7\u00e3o&#8230;. era um Verbo)&#8230; n\u00e3o s\u00e3o os poetas, profetas e santos aqueles que, por causa de sua intensidade na loucura de amar, t\u00eam o dom e m\u00e1gico poder de sab\u00ea-lo conjugar&#8230; ?<\/p>\n<p>UM SUBLIME FIORETTO A TODOS, EM NOME DE FRANCISCO, CLARA E DAMI\u00c3O&#8230;<\/p>\n<p><a href=\"http:\/\/imediata.org\/wp-content\/uploads\/2017\/10\/2021683968.png\"><img loading=\"lazy\" decoding=\"async\" src=\"http:\/\/imediata.org\/wp-content\/uploads\/2017\/10\/2021683968.png\" alt=\"2021683968\" width=\"678\" height=\"1020\" class=\"aligncenter size-full wp-image-5688\" srcset=\"https:\/\/imediata.org\/wp-content\/uploads\/2017\/10\/2021683968.png 678w, https:\/\/imediata.org\/wp-content\/uploads\/2017\/10\/2021683968-199x300.png 199w, https:\/\/imediata.org\/wp-content\/uploads\/2017\/10\/2021683968-36x55.png 36w\" sizes=\"auto, (max-width: 678px) 100vw, 678px\" \/><\/a><\/p>\n<p>Segue o C\u00e2ntico das Criaturas em portugu\u00eas, no original italiano medieval, espanhol, franc\u00eas e ingl\u00eas. <\/p>\n<p>Em portugu\u00eas<\/p>\n<p>O C\u00e2ntico das Criaturas<\/p>\n<p>(ou C\u00e2ntico do Irm\u00e3o Sol)<\/p>\n<p>Alt\u00edssimo, onipotente, bom Senhor<\/p>\n<p>Teus s\u00e3o o louvor, a gl\u00f3ria, a honra<\/p>\n<p>E toda a ben\u00e7\u00e3o.<\/p>\n<p>S\u00f3 a ti, Alt\u00edssimo, s\u00e3o devidos;<\/p>\n<p>E homem algum \u00e9 digno<\/p>\n<p>De te mencionar<\/p>\n<p>Louvado sejas, meu Senhor<\/p>\n<p>Com todas as tuas criaturas,<\/p>\n<p>Especialmente o senhor irm\u00e3o Sol,<\/p>\n<p>Que clareia o dia<\/p>\n<p>E com sua luz nos alumia.<\/p>\n<p>E ele \u00e9 belo e radiante<\/p>\n<p>Com grande esplendor:<\/p>\n<p>De ti, Alt\u00edssimo, \u00e9 a imagem.<\/p>\n<p>Louvado sejas, meu Senhor,<\/p>\n<p>Pela irm\u00e3 Lua e as Estrelas,<\/p>\n<p>Que no c\u00e9u formaste-as claras<\/p>\n<p>E preciosas e belas.<\/p>\n<p>Louvado sejas, meu Senhor,<\/p>\n<p>Pelo irm\u00e3o Vento,<\/p>\n<p>Pelo ar, ou nublado<\/p>\n<p>Ou sereno, e todo o tempo,<\/p>\n<p>Pelo qual \u00e0s tuas criaturas d\u00e1s sustento.<\/p>\n<p>Louvado sejas, meu Senhor<\/p>\n<p>Pela irm\u00e3 \u00c1gua,<\/p>\n<p>Que \u00e9 muito \u00fatil e humilde<\/p>\n<p>E preciosa e casta.<\/p>\n<p>Louvado sejas, meu Senhor,<\/p>\n<p>Pelo irm\u00e3o Fogo<\/p>\n<p>Pelo qual iluminas a noite,<\/p>\n<p>E ele \u00e9 belo e jucundo<\/p>\n<p>E vigoroso e forte.<\/p>\n<p>Louvado sejas, meu Senhor,<\/p>\n<p>Por nossa irm\u00e3 a m\u00e3e Terra,<\/p>\n<p>Que nos sustenta e governa<\/p>\n<p>E produz frutos diversos<\/p>\n<p>E coloridas flores e ervas.<\/p>\n<p>Louvado sejas, meu Senhor,<\/p>\n<p>Pelos que perdoam por teu amor,<\/p>\n<p>E suportam enfermidades e tribula\u00e7\u00f5es.<\/p>\n<p>Bem-aventurados os que as sustentam em paz,<\/p>\n<p>Que por Ti, Alt\u00edssimo, ser\u00e3o coroados.<\/p>\n<p>Louvado sejas, meu Senhor,<\/p>\n<p>Por nossa irm\u00e3 a Morte corporal,<\/p>\n<p>Da qual homem algum pode escapar.<\/p>\n<p>Ai dos que morrerem em pecado mortal!<\/p>\n<p>Felizes os que ela achar<\/p>\n<p>Conformes \u00e0 tua sant\u00edssima vontade,<\/p>\n<p>Porque a morte segunda n\u00e3o lhes far\u00e1 mal!<\/p>\n<p>Louvai e bendizei ao meu Senhor,<\/p>\n<p>E dai-lhe gra\u00e7as,<\/p>\n<p>E servi-o com grande humildade.<\/p>\n<p><a href=\"http:\/\/imediata.org\/wp-content\/uploads\/2017\/10\/Tugurio_Cantico_Creature_DSC_7467.jpg\"><img loading=\"lazy\" decoding=\"async\" src=\"http:\/\/imediata.org\/wp-content\/uploads\/2017\/10\/Tugurio_Cantico_Creature_DSC_7467.jpg\" alt=\"Tugurio_Cantico_Creature_DSC_7467\" width=\"1000\" height=\"773\" class=\"aligncenter size-full wp-image-5689\" srcset=\"https:\/\/imediata.org\/wp-content\/uploads\/2017\/10\/Tugurio_Cantico_Creature_DSC_7467.jpg 1000w, https:\/\/imediata.org\/wp-content\/uploads\/2017\/10\/Tugurio_Cantico_Creature_DSC_7467-300x231.jpg 300w, https:\/\/imediata.org\/wp-content\/uploads\/2017\/10\/Tugurio_Cantico_Creature_DSC_7467-71x55.jpg 71w, https:\/\/imediata.org\/wp-content\/uploads\/2017\/10\/Tugurio_Cantico_Creature_DSC_7467-60x45.jpg 60w\" sizes=\"auto, (max-width: 1000px) 100vw, 1000px\" \/><\/a><\/p>\n<p>Italiano medievale \u2013 una delle prime poesie e scritti in lingua italiana \u2013 1225-1226<\/p>\n<p>Il Cantico delle Creature<\/p>\n<p>di San Francesco d&#8217;Assisi<\/p>\n<p>Altissimu, onnipotente bon Signore,<\/p>\n<p>Tue so&#8217; le laude, la gloria e l&#8217;honore et onne benedictione.<\/p>\n<p>Ad Te solo, Altissimo, se konfano,<\/p>\n<p>et nullu homo \u00e8ne dignu te mentovare.<\/p>\n<p>Laudato sie, mi&#8217; Signore cum tucte le Tue creature,<\/p>\n<p>spetialmente messor lo frate Sole,<\/p>\n<p>lo qual \u00e8 iorno, et allumini noi per lui.<\/p>\n<p>Et ellu \u00e8 bellu e radiante cum grande splendore:<\/p>\n<p>de Te, Altissimo, porta significatione.<\/p>\n<p>Laudato si&#8217;, mi Signore, per sora Luna e le stelle:<\/p>\n<p>in celu l&#8217;\u00e0i formate clarite et pretiose et belle.<\/p>\n<p>Laudato si&#8217;, mi&#8217; Signore, per frate Vento<\/p>\n<p>et per aere et nubilo et sereno et onne tempo,<\/p>\n<p>per lo quale, a le Tue creature d\u00e0i sustentamento.<\/p>\n<p>Laudato si&#8217;, mi Signore, per sor&#8217;Acqua.<\/p>\n<p>la quale \u00e8 multo utile et humile et pretiosa et casta.<\/p>\n<p>Laudato si&#8217;, mi Signore, per frate Focu,<\/p>\n<p>per lo quale ennallumini la nocte:<\/p>\n<p>ed ello \u00e8 bello et iocundo et robustoso et forte.<\/p>\n<p>Laudato si&#8217;, mi Signore, per sora nostra matre Terra,<\/p>\n<p>la quale ne sustenta et governa,<\/p>\n<p>et produce diversi fructi con coloriti fior et herba.<\/p>\n<p>Laudato si&#8217;, mi Signore, per quelli che perdonano per lo Tuo amore<\/p>\n<p>et sostengono infrmitate et tribulatione.<\/p>\n<p>Beati quelli ke &#8216;l sosterranno in pace,<\/p>\n<p>ka da Te, Altissimo, sirano incoronati.<\/p>\n<p>Laudato s&#8217; mi Signore, per sora nostra Morte corporale,<\/p>\n<p>da la quale nullu homo vivente p\u00f2 skappare:<\/p>\n<p>guai a quelli ke morrano ne le peccata mortali;<\/p>\n<p>beati quelli ke trovar\u00e0 ne le Tue sanctissime voluntati,<\/p>\n<p>ka la morte secunda no &#8216;l farr\u00e0 male.<\/p>\n<p>Laudate et benedicete mi Signore et rengratiate<\/p>\n<p>e serviateli cum grande humilitate.<\/p>\n<p><a href=\"http:\/\/imediata.org\/wp-content\/uploads\/2017\/10\/s-francesco.jpg\"><img loading=\"lazy\" decoding=\"async\" src=\"http:\/\/imediata.org\/wp-content\/uploads\/2017\/10\/s-francesco-620x1024.jpg\" alt=\"s-francesco\" width=\"600\" height=\"990\" class=\"aligncenter size-large wp-image-5691\" srcset=\"https:\/\/imediata.org\/wp-content\/uploads\/2017\/10\/s-francesco-620x1024.jpg 620w, https:\/\/imediata.org\/wp-content\/uploads\/2017\/10\/s-francesco-181x300.jpg 181w, https:\/\/imediata.org\/wp-content\/uploads\/2017\/10\/s-francesco-33x55.jpg 33w, https:\/\/imediata.org\/wp-content\/uploads\/2017\/10\/s-francesco.jpg 969w\" sizes=\"auto, (max-width: 600px) 100vw, 600px\" \/><\/a><\/p>\n<p>En espan\u00f5l:<\/p>\n<p>El c\u00e1ntico de las criaturas<\/p>\n<p>Autor: San Francisco de As\u00eds<\/p>\n<p>Alt\u00edsimo y omnipotente buen Se\u00f1or,<\/p>\n<p>tuyas son las alabanzas,<\/p>\n<p>la gloria y el honor y toda bendici\u00f3n.<\/p>\n<p>A ti solo, Alt\u00edsimo, te convienen<\/p>\n<p>y ning\u00fan hombre es digno de nombrarte.<\/p>\n<p>Alabado seas, mi Se\u00f1or,<\/p>\n<p>en todas tus criaturas,<\/p>\n<p>especialmente en el Se\u00f1or hermano sol,<\/p>\n<p>por quien nos das el d\u00eda y nos iluminas.<\/p>\n<p>Y es bello y radiante con gran esplendor,<\/p>\n<p>de ti, Alt\u00edsimo, lleva significaci\u00f3n.<\/p>\n<p>Alabado seas, mi Se\u00f1or,<\/p>\n<p>por la hermana luna y las estrellas,<\/p>\n<p>en el cielo las formaste claras y preciosas y bellas.<\/p>\n<p>Alabado seas, mi Se\u00f1or, por el hermano viento<\/p>\n<p>y por el aire y la nube y el cielo sereno y todo tiempo,<\/p>\n<p>por todos ellos a tus criaturas das sustento.<\/p>\n<p>Alabado seas, mi Se\u00f1or, por el hermano fuego,<\/p>\n<p>por el cual iluminas la noche,<\/p>\n<p>y es bello y alegre y vigoroso y fuerte.<\/p>\n<p>Alabado seas, mi Se\u00f1or,<\/p>\n<p>por la hermana nuestra madre tierra,<\/p>\n<p>la cual nos sostiene y gobierna<\/p>\n<p>y produce diversos frutos con coloridas flores y hierbas.<\/p>\n<p>Alabado seas, mi Se\u00f1or,<\/p>\n<p>por aquellos que perdonan por tu amor,<\/p>\n<p>y sufren enfermedad y tribulaci\u00f3n;<\/p>\n<p>bienaventurados los que las sufran en paz,<\/p>\n<p>porque de ti, Alt\u00edsimo, coronados ser\u00e1n.<\/p>\n<p>Alabado seas, mi Se\u00f1or,<\/p>\n<p>por nuestra hermana muerte corporal,<\/p>\n<p>de la cual ning\u00fan hombre viviente puede escapar.<\/p>\n<p>Ay de aquellos que mueran<\/p>\n<p>en pecado mortal.<\/p>\n<p>Bienaventurados a los que encontrar\u00e1<\/p>\n<p>en tu sant\u00edsima voluntad<\/p>\n<p>porque la muerte segunda no les har\u00e1 mal.<\/p>\n<p>Alaben y bendigan a mi Se\u00f1or<\/p>\n<p>y denle gracias y s\u00edrvanle con gran humildad.<\/p>\n<p><a href=\"http:\/\/imediata.org\/wp-content\/uploads\/2017\/10\/78533557.jpg\"><img loading=\"lazy\" decoding=\"async\" src=\"http:\/\/imediata.org\/wp-content\/uploads\/2017\/10\/78533557.jpg\" alt=\"78533557\" width=\"1024\" height=\"768\" class=\"aligncenter size-full wp-image-5690\" srcset=\"https:\/\/imediata.org\/wp-content\/uploads\/2017\/10\/78533557.jpg 1024w, https:\/\/imediata.org\/wp-content\/uploads\/2017\/10\/78533557-300x225.jpg 300w, https:\/\/imediata.org\/wp-content\/uploads\/2017\/10\/78533557-73x55.jpg 73w, https:\/\/imediata.org\/wp-content\/uploads\/2017\/10\/78533557-60x45.jpg 60w\" sizes=\"auto, (max-width: 1024px) 100vw, 1024px\" \/><\/a><\/p>\n<p>En fran\u00e7ais<\/p>\n<p>Cantique du fr\u00e8re Soleil ou des cr\u00e9atures<\/p>\n<p>Tr\u00e8s haut, tout puissant et bon Seigneur<\/p>\n<p>\u00e0 toi louange, gloire, honneur et toute b\u00e9n\u00e9diction<\/p>\n<p>\u00e0 toi seul ils conviennent \u00f4 Toi Tr\u00e8s haut<\/p>\n<p>et nul homme n&#8217;est digne de te nommer.<\/p>\n<p>Lou\u00e9 sois-tu, Seigneur, avec toutes tes cr\u00e9atures<\/p>\n<p>sp\u00e9cialement messire fr\u00e8re Soleil<\/p>\n<p>par qui tu nous donnes le jour, la lumi\u00e8re<\/p>\n<p>il est beau, rayonnant d&#8217;une grande splendeur<\/p>\n<p>et de toi, le Tr\u00e8s Haut, il nous offre le symbole.<\/p>\n<p>Lou\u00e9 sois-tu, mon Seigneur, pour soeur Lune et les Etoiles<\/p>\n<p>dans le ciel tu les as form\u00e9es claires,<\/p>\n<p>pr\u00e9cieuses et belles.<\/p>\n<p>Lou\u00e9 sois-tu, mon Seigneur, pour fr\u00e8re Vent,<\/p>\n<p>et pour l&#8217;air et pour les nuages<\/p>\n<p>pour l&#8217;azur calme et tous les temps<\/p>\n<p>gr\u00e2ce \u00e0 eux tu maintiens en vie toutes les cr\u00e9atures.<\/p>\n<p>Lou\u00e9 sois-tu, mon Seigneur, pour soeur Eau<\/p>\n<p>qui est tr\u00e8s utile et tr\u00e8s sage<\/p>\n<p>pr\u00e9cieuse et chaste.<\/p>\n<p>Lou\u00e9 sois-tu, mon Seigneur, pour fr\u00e8re Feu<\/p>\n<p>par qui tu \u00e9claires la nuit,<\/p>\n<p>il est beau et joyeux,<\/p>\n<p>indomptable et fort.<\/p>\n<p>Lou\u00e9 sois-tu, mon Seigneur, pour soeur notre m\u00e8re la Terre<\/p>\n<p>qui nous porte et nous nourrit,<\/p>\n<p>qui produit la diversit\u00e9 des fruits<\/p>\n<p>avec les fleurs diapr\u00e9es et les herbes.<\/p>\n<p>Lou\u00e9 sois-tu, mon Seigneur, pour ceux<\/p>\n<p>qui pardonnent par amour pour toi,<\/p>\n<p>qui supportent \u00e9preuves et maladies,<\/p>\n<p>heureux s&#8217;ils conservent la paix<\/p>\n<p>car par toi, le Tr\u00e8s Haut, ils seront couronn\u00e9s.<\/p>\n<p>Lou\u00e9 sois-tu, mon Seigneur, pour notre soeur la Mort corporelle,<\/p>\n<p>\u00e0 qui nul homme vivant ne peut \u00e9chapper,<\/p>\n<p>malheur \u00e0 ceux qui meurent en p\u00e9ch\u00e9 mortel,<\/p>\n<p>heureux ceux qu&#8217;elle surprendra faisant ta volont\u00e9<\/p>\n<p>car la seconde mort ne pourra leur nuire.<\/p>\n<p>Louez et b\u00e9nissez mon Seigneur,<\/p>\n<p>rendez-lui gr\u00e2ce et servez-le<\/p>\n<p>en toute humilit\u00e9.<\/p>\n<p> <a href=\"http:\/\/imediata.org\/wp-content\/uploads\/2017\/10\/images-6.jpg\"><img loading=\"lazy\" decoding=\"async\" src=\"http:\/\/imediata.org\/wp-content\/uploads\/2017\/10\/images-6.jpg\" alt=\"images-6\" width=\"319\" height=\"158\" class=\"aligncenter size-full wp-image-5692\" srcset=\"https:\/\/imediata.org\/wp-content\/uploads\/2017\/10\/images-6.jpg 319w, https:\/\/imediata.org\/wp-content\/uploads\/2017\/10\/images-6-300x148.jpg 300w, https:\/\/imediata.org\/wp-content\/uploads\/2017\/10\/images-6-111x55.jpg 111w\" sizes=\"auto, (max-width: 319px) 100vw, 319px\" \/><\/a><\/p>\n<p>In English<\/p>\n<p>The Canticle of the Creatures<br \/>\nSt. Francis of Assisi<\/p>\n<p>Most High, all-powerful, good Lord,<\/p>\n<p>all praise is yours, all glory, all honor,<\/p>\n<p>and all blessing.<\/p>\n<p>To you, alone, Most High, do they belong.<\/p>\n<p>No mortal lips are worthy to pronounce your name.<\/p>\n<p>All praise be yours, my Lord,<\/p>\n<p>through all you have made,<\/p>\n<p>and first my lord Brother Sun, who brings the day;<\/p>\n<p>and through whom you give us light.<\/p>\n<p>How beautiful is he, how radiant in all his splendor;<\/p>\n<p>Of you, Most High, he bears the likeness.<\/p>\n<p>All Praise be yours, my Lord, through Sister Moon<\/p>\n<p>and the stars; in the heavens you have made them,<\/p>\n<p>bright, and precious, and fair.<\/p>\n<p>All praise be yours, my Lord,<\/p>\n<p>through Brothers wind and air, and fair and stormy,<\/p>\n<p>all the weather&#8217;s moods,<\/p>\n<p>by which you cherish all that you have made.<\/p>\n<p>All praise be yours, my Lord, through Sister Water,<\/p>\n<p>so useful, humble, precious and pure.<\/p>\n<p>All praise be yours, my Lord, through Brother Fire,<\/p>\n<p>through whom you brighten up the night.<\/p>\n<p>How beautiful is he, how cheerful!<\/p>\n<p>Full of power and strength.<\/p>\n<p>All praise be yours, my Lord, through our Sister Mother Earth, who sustains us and governs us,<\/p>\n<p>and produces various fruits with colored flowers<\/p>\n<p>and herbs.<\/p>\n<p>All praise be yours, my Lord,<\/p>\n<p>through those who grant pardon for love of you;<\/p>\n<p>through those who endure sickness and trial.<\/p>\n<p>Happy are those who endure in peace,<\/p>\n<p>By You, Most High, they will be crowned.<\/p>\n<p>All praise be yours, my Lord, through Sister Death,<\/p>\n<p>From whose embrace no mortal can escape.<\/p>\n<p>Woe to those who die in mortal sin!<\/p>\n<p>Happy those she finds doing your will!<\/p>\n<p>The second death can do them no harm.<\/p>\n<p>Praise and bless my Lord, and give him thanks<\/p>\n<p>And serve him with great humility.<br \/>\n<\/strong><br \/>\n<\/strong><\/p>\n<p><a href=\"http:\/\/imediata.org\/wp-content\/uploads\/2017\/10\/images-3.jpg\"><img loading=\"lazy\" decoding=\"async\" src=\"http:\/\/imediata.org\/wp-content\/uploads\/2017\/10\/images-3.jpg\" alt=\"images-3\" width=\"214\" height=\"235\" class=\"aligncenter size-full wp-image-5693\" srcset=\"https:\/\/imediata.org\/wp-content\/uploads\/2017\/10\/images-3.jpg 214w, https:\/\/imediata.org\/wp-content\/uploads\/2017\/10\/images-3-50x55.jpg 50w\" sizes=\"auto, (max-width: 214px) 100vw, 214px\" \/><\/a><\/p>\n","protected":false},"excerpt":{"rendered":"<p>Poem\u00e1rio vasculhado 5: C\u00e2ntico das Criaturas \u2013 Giovanni di Pietro Bernardone (S\u00e3o Francisco de Assis) Sempre achei que S\u00e3o Francisco deve ter sido um homem de extremo e apurad\u00edssimo bom gosto. Dispensador da mais elegante das gra\u00e7as, que \u00e9 a pr\u00f3pria gra\u00e7a. N\u00e3o s\u00f3 por ser de fam\u00edlia burguesa abastada que comercializava tecidos finos h\u00e1 [&hellip;]<\/p>\n","protected":false},"author":1,"featured_media":0,"comment_status":"open","ping_status":"open","sticky":false,"template":"","format":"standard","meta":{"footnotes":""},"categories":[4,5,97],"tags":[3249,3251,3250,95,3248,3247,3252],"class_list":["post-5686","post","type-post","status-publish","format-standard","hentry","category-al-manakh","category-biodiversidade-imediata","category-poemario-vasculhado","tag-cantico-delle-creature","tag-cantique-du-frere-soleil-ou-des-creatures","tag-el-cantico-de-las-criaturas","tag-mario-s-mieli","tag-o-cantico-das-criaturas-ou-cantico-do-irmao-sol","tag-sao-franscisco-de-assis","tag-the-canticle-of-the-creatures"],"_links":{"self":[{"href":"https:\/\/imediata.org\/index.php?rest_route=\/wp\/v2\/posts\/5686","targetHints":{"allow":["GET"]}}],"collection":[{"href":"https:\/\/imediata.org\/index.php?rest_route=\/wp\/v2\/posts"}],"about":[{"href":"https:\/\/imediata.org\/index.php?rest_route=\/wp\/v2\/types\/post"}],"author":[{"embeddable":true,"href":"https:\/\/imediata.org\/index.php?rest_route=\/wp\/v2\/users\/1"}],"replies":[{"embeddable":true,"href":"https:\/\/imediata.org\/index.php?rest_route=%2Fwp%2Fv2%2Fcomments&post=5686"}],"version-history":[{"count":3,"href":"https:\/\/imediata.org\/index.php?rest_route=\/wp\/v2\/posts\/5686\/revisions"}],"predecessor-version":[{"id":5696,"href":"https:\/\/imediata.org\/index.php?rest_route=\/wp\/v2\/posts\/5686\/revisions\/5696"}],"wp:attachment":[{"href":"https:\/\/imediata.org\/index.php?rest_route=%2Fwp%2Fv2%2Fmedia&parent=5686"}],"wp:term":[{"taxonomy":"category","embeddable":true,"href":"https:\/\/imediata.org\/index.php?rest_route=%2Fwp%2Fv2%2Fcategories&post=5686"},{"taxonomy":"post_tag","embeddable":true,"href":"https:\/\/imediata.org\/index.php?rest_route=%2Fwp%2Fv2%2Ftags&post=5686"}],"curies":[{"name":"wp","href":"https:\/\/api.w.org\/{rel}","templated":true}]}}