{"id":5669,"date":"2017-09-29T14:56:04","date_gmt":"2017-09-29T14:56:04","guid":{"rendered":"http:\/\/imediata.org\/?p=5669"},"modified":"2017-09-29T14:56:04","modified_gmt":"2017-09-29T14:56:04","slug":"um-filme-falado-de-manoel-de-oliveira","status":"publish","type":"post","link":"https:\/\/imediata.org\/?p=5669","title":{"rendered":"Um Filme Falado, de Manoel de Oliveira"},"content":{"rendered":"<p><a href=\"http:\/\/imediata.org\/wp-content\/uploads\/2017\/09\/talking-picture.jpg\"><img loading=\"lazy\" decoding=\"async\" src=\"http:\/\/imediata.org\/wp-content\/uploads\/2017\/09\/talking-picture.jpg\" alt=\"talking+picture\" width=\"720\" height=\"400\" class=\"aligncenter size-full wp-image-5670\" srcset=\"https:\/\/imediata.org\/wp-content\/uploads\/2017\/09\/talking-picture.jpg 720w, https:\/\/imediata.org\/wp-content\/uploads\/2017\/09\/talking-picture-300x166.jpg 300w, https:\/\/imediata.org\/wp-content\/uploads\/2017\/09\/talking-picture-99x55.jpg 99w\" sizes=\"auto, (max-width: 720px) 100vw, 720px\" \/><\/a><\/p>\n<p><strong>Um Filme Falado, de Manoel de Oliveira<\/p>\n<p>Para quem bom cinema n\u00e3o \u00e9 imbecilizante entretenimento, mas enredo, hist\u00f3ria, questionamento, comunica\u00e7\u00f5es interlingu\u00edsticas e premoni\u00e7\u00e3o!<\/p>\n<p><iframe loading=\"lazy\" width=\"560\" height=\"315\" src=\"https:\/\/www.youtube.com\/embed\/MbnIOxqs-Uk\" frameborder=\"0\" allowfullscreen><\/iframe><\/p>\n<p><a href=\"http:\/\/imediata.org\/wp-content\/uploads\/2017\/09\/20421981.jpg\"><img loading=\"lazy\" decoding=\"async\" src=\"http:\/\/imediata.org\/wp-content\/uploads\/2017\/09\/20421981-717x1024.jpg\" alt=\"20421981\" width=\"600\" height=\"856\" class=\"aligncenter size-large wp-image-5671\" srcset=\"https:\/\/imediata.org\/wp-content\/uploads\/2017\/09\/20421981-717x1024.jpg 717w, https:\/\/imediata.org\/wp-content\/uploads\/2017\/09\/20421981-210x300.jpg 210w, https:\/\/imediata.org\/wp-content\/uploads\/2017\/09\/20421981-38x55.jpg 38w, https:\/\/imediata.org\/wp-content\/uploads\/2017\/09\/20421981.jpg 755w\" sizes=\"auto, (max-width: 600px) 100vw, 600px\" \/><\/a><\/strong><\/p>\n","protected":false},"excerpt":{"rendered":"<p>Um Filme Falado, de Manoel de Oliveira Para quem bom cinema n\u00e3o \u00e9 imbecilizante entretenimento, mas enredo, hist\u00f3ria, questionamento, comunica\u00e7\u00f5es interlingu\u00edsticas e premoni\u00e7\u00e3o!<\/p>\n","protected":false},"author":1,"featured_media":0,"comment_status":"open","ping_status":"open","sticky":false,"template":"","format":"standard","meta":{"footnotes":""},"categories":[80,91,78,11],"tags":[179,3226],"class_list":["post-5669","post","type-post","status-publish","format-standard","hentry","category-arte","category-imperio_poder_globalizacao","category-ovideo","category-sambaqui","tag-manoel-de-oliveira","tag-um-filme-falado"],"_links":{"self":[{"href":"https:\/\/imediata.org\/index.php?rest_route=\/wp\/v2\/posts\/5669","targetHints":{"allow":["GET"]}}],"collection":[{"href":"https:\/\/imediata.org\/index.php?rest_route=\/wp\/v2\/posts"}],"about":[{"href":"https:\/\/imediata.org\/index.php?rest_route=\/wp\/v2\/types\/post"}],"author":[{"embeddable":true,"href":"https:\/\/imediata.org\/index.php?rest_route=\/wp\/v2\/users\/1"}],"replies":[{"embeddable":true,"href":"https:\/\/imediata.org\/index.php?rest_route=%2Fwp%2Fv2%2Fcomments&post=5669"}],"version-history":[{"count":1,"href":"https:\/\/imediata.org\/index.php?rest_route=\/wp\/v2\/posts\/5669\/revisions"}],"predecessor-version":[{"id":5672,"href":"https:\/\/imediata.org\/index.php?rest_route=\/wp\/v2\/posts\/5669\/revisions\/5672"}],"wp:attachment":[{"href":"https:\/\/imediata.org\/index.php?rest_route=%2Fwp%2Fv2%2Fmedia&parent=5669"}],"wp:term":[{"taxonomy":"category","embeddable":true,"href":"https:\/\/imediata.org\/index.php?rest_route=%2Fwp%2Fv2%2Fcategories&post=5669"},{"taxonomy":"post_tag","embeddable":true,"href":"https:\/\/imediata.org\/index.php?rest_route=%2Fwp%2Fv2%2Ftags&post=5669"}],"curies":[{"name":"wp","href":"https:\/\/api.w.org\/{rel}","templated":true}]}}