{"id":5609,"date":"2017-08-26T00:20:03","date_gmt":"2017-08-26T00:20:03","guid":{"rendered":"http:\/\/imediata.org\/?p=5609"},"modified":"2017-08-26T00:20:03","modified_gmt":"2017-08-26T00:20:03","slug":"pedagogia-da-autonomia-saberes-necessarios-a-pratica-educativa-por-paulo-freire","status":"publish","type":"post","link":"https:\/\/imediata.org\/?p=5609","title":{"rendered":"PEDAGOGIA DA AUTONOMIA\u2013Saberes Necess\u00e1rios \u00e0 Pr\u00e1tica Educativa, por Paulo Freire"},"content":{"rendered":"<p><a href=\"http:\/\/imediata.org\/wp-content\/uploads\/2017\/08\/110211642SZ.jpg\"><img loading=\"lazy\" decoding=\"async\" src=\"http:\/\/imediata.org\/wp-content\/uploads\/2017\/08\/110211642SZ.jpg\" alt=\"110211642SZ\" width=\"1000\" height=\"1000\" class=\"aligncenter size-full wp-image-5610\" srcset=\"https:\/\/imediata.org\/wp-content\/uploads\/2017\/08\/110211642SZ.jpg 1000w, https:\/\/imediata.org\/wp-content\/uploads\/2017\/08\/110211642SZ-300x300.jpg 300w, https:\/\/imediata.org\/wp-content\/uploads\/2017\/08\/110211642SZ-55x55.jpg 55w\" sizes=\"auto, (max-width: 1000px) 100vw, 1000px\" \/><\/a><\/p>\n<p>PEDAGOGIA DA AUTONOMIA Saberes Necess\u00e1rios \u00e0 Pr\u00e1tica Educativa<\/p>\n<p>de Paulo Freire<\/p>\n<p>Acho que o que faz qualquer professor (principalmente os do ensino fundamental p\u00fablico) acordar de manh\u00e3 e ir ao trabalho \u00e9 uma frase desse livro:<\/p>\n<p>&#8220;Quando vivemos a autenticidade exigida pela pr\u00e1tica de ensinar-aprender participamos<br \/>\nde uma experi\u00eancia total, diretiva, pol\u00edtica, ideol\u00f3gica, gnosiol\u00f3gica, pedag\u00f3gica,<br \/>\nest\u00e9tica e \u00e9tica, em que a boniteza deve achar-se de m\u00e3os dadas com a dec\u00eancia e com a<br \/>\nserenidade.&#8221;<br \/>\nS\u00edlvio Mieli <\/p>\n<p>download gratuito aqui: <\/p>\n<p><a href=\"http:\/\/www.apeoesp.org.br\/sistema\/ck\/files\/4-%20Freire_P_%20Pedagogia%20da%20autonomia.pdf\">http:\/\/www.apeoesp.org.br\/sistema\/ck\/files\/4-%20Freire_P_%20Pedagogia%20da%20autonomia.pdf<\/a><\/p>\n<p>In English: Pedagogy of Freedom<\/p>\n<p><a href=\"http:\/\/imediata.org\/wp-content\/uploads\/2017\/08\/51LIpoI8oQL._UY250_.jpg\"><img loading=\"lazy\" decoding=\"async\" src=\"http:\/\/imediata.org\/wp-content\/uploads\/2017\/08\/51LIpoI8oQL._UY250_.jpg\" alt=\"51LIpoI8oQL._UY250_\" width=\"162\" height=\"250\" class=\"aligncenter size-full wp-image-5611\" srcset=\"https:\/\/imediata.org\/wp-content\/uploads\/2017\/08\/51LIpoI8oQL._UY250_.jpg 162w, https:\/\/imediata.org\/wp-content\/uploads\/2017\/08\/51LIpoI8oQL._UY250_-35x55.jpg 35w\" sizes=\"auto, (max-width: 162px) 100vw, 162px\" \/><\/a><\/p>\n<p><a href=\"http:\/\/abahlali.org\/wp-content\/uploads\/2012\/08\/Paulo-Freire-Pedagogy-of-Freedom-Ethics-Democracy-and-Civic-Courage-2000.pdf\">http:\/\/abahlali.org\/wp-content\/uploads\/2012\/08\/Paulo-Freire-Pedagogy-of-Freedom-Ethics-Democracy-and-Civic-Courage-2000.pdf<\/a><\/p>\n<p>In  Italiano: Pedagogia dell&#8217;autonomia<\/p>\n<p><a href=\"http:\/\/imediata.org\/wp-content\/uploads\/2017\/08\/ABAAAgil4AI-0.jpg\"><img loading=\"lazy\" decoding=\"async\" src=\"http:\/\/imediata.org\/wp-content\/uploads\/2017\/08\/ABAAAgil4AI-0.jpg\" alt=\"ABAAAgil4AI-0\" width=\"364\" height=\"544\" class=\"aligncenter size-full wp-image-5612\" srcset=\"https:\/\/imediata.org\/wp-content\/uploads\/2017\/08\/ABAAAgil4AI-0.jpg 364w, https:\/\/imediata.org\/wp-content\/uploads\/2017\/08\/ABAAAgil4AI-0-200x300.jpg 200w, https:\/\/imediata.org\/wp-content\/uploads\/2017\/08\/ABAAAgil4AI-0-36x55.jpg 36w\" sizes=\"auto, (max-width: 364px) 100vw, 364px\" \/><\/a><\/p>\n<p><a href=\"https:\/\/wynnedeersigibert.firebaseapp.com\/pedagogia-dell-autonomia-saperi-necessari-per-la-pratica-educativa-8865790245.pdf\">https:\/\/wynnedeersigibert.firebaseapp.com\/pedagogia-dell-autonomia-saperi-necessari-per-la-pratica-educativa-8865790245.pdf<\/a><\/p>\n","protected":false},"excerpt":{"rendered":"<p>PEDAGOGIA DA AUTONOMIA Saberes Necess\u00e1rios \u00e0 Pr\u00e1tica Educativa de Paulo Freire Acho que o que faz qualquer professor (principalmente os do ensino fundamental p\u00fablico) acordar de manh\u00e3 e ir ao trabalho \u00e9 uma frase desse livro: &#8220;Quando vivemos a autenticidade exigida pela pr\u00e1tica de ensinar-aprender participamos de uma experi\u00eancia total, diretiva, pol\u00edtica, ideol\u00f3gica, gnosiol\u00f3gica, pedag\u00f3gica, [&hellip;]<\/p>\n","protected":false},"author":1,"featured_media":0,"comment_status":"open","ping_status":"open","sticky":false,"template":"","format":"standard","meta":{"footnotes":""},"categories":[4,7,1],"tags":[289,3185,3187,3186,410],"class_list":["post-5609","post","type-post","status-publish","format-standard","hentry","category-al-manakh","category-devir","category-uncategorized","tag-paulo-freire","tag-pedagogia-da-autonomia","tag-pedagogia-dellautonomia","tag-pedagogy-of-freedom","tag-silvio-mieli"],"_links":{"self":[{"href":"https:\/\/imediata.org\/index.php?rest_route=\/wp\/v2\/posts\/5609","targetHints":{"allow":["GET"]}}],"collection":[{"href":"https:\/\/imediata.org\/index.php?rest_route=\/wp\/v2\/posts"}],"about":[{"href":"https:\/\/imediata.org\/index.php?rest_route=\/wp\/v2\/types\/post"}],"author":[{"embeddable":true,"href":"https:\/\/imediata.org\/index.php?rest_route=\/wp\/v2\/users\/1"}],"replies":[{"embeddable":true,"href":"https:\/\/imediata.org\/index.php?rest_route=%2Fwp%2Fv2%2Fcomments&post=5609"}],"version-history":[{"count":1,"href":"https:\/\/imediata.org\/index.php?rest_route=\/wp\/v2\/posts\/5609\/revisions"}],"predecessor-version":[{"id":5613,"href":"https:\/\/imediata.org\/index.php?rest_route=\/wp\/v2\/posts\/5609\/revisions\/5613"}],"wp:attachment":[{"href":"https:\/\/imediata.org\/index.php?rest_route=%2Fwp%2Fv2%2Fmedia&parent=5609"}],"wp:term":[{"taxonomy":"category","embeddable":true,"href":"https:\/\/imediata.org\/index.php?rest_route=%2Fwp%2Fv2%2Fcategories&post=5609"},{"taxonomy":"post_tag","embeddable":true,"href":"https:\/\/imediata.org\/index.php?rest_route=%2Fwp%2Fv2%2Ftags&post=5609"}],"curies":[{"name":"wp","href":"https:\/\/api.w.org\/{rel}","templated":true}]}}