{"id":5605,"date":"2017-08-25T14:19:45","date_gmt":"2017-08-25T14:19:45","guid":{"rendered":"http:\/\/imediata.org\/?p=5605"},"modified":"2017-08-25T14:19:45","modified_gmt":"2017-08-25T14:19:45","slug":"neofascismos-segundo-deleuze-e-saramago","status":"publish","type":"post","link":"https:\/\/imediata.org\/?p=5605","title":{"rendered":"Neofascismos, segundo Deleuze e Saramago"},"content":{"rendered":"<p><a href=\"http:\/\/imediata.org\/wp-content\/uploads\/2017\/08\/11.jpg\"><img loading=\"lazy\" decoding=\"async\" src=\"http:\/\/imediata.org\/wp-content\/uploads\/2017\/08\/11.jpg\" alt=\"-1\" width=\"551\" height=\"404\" class=\"aligncenter size-full wp-image-5606\" srcset=\"https:\/\/imediata.org\/wp-content\/uploads\/2017\/08\/11.jpg 551w, https:\/\/imediata.org\/wp-content\/uploads\/2017\/08\/11-300x219.jpg 300w, https:\/\/imediata.org\/wp-content\/uploads\/2017\/08\/11-75x55.jpg 75w, https:\/\/imediata.org\/wp-content\/uploads\/2017\/08\/11-135x98.jpg 135w, https:\/\/imediata.org\/wp-content\/uploads\/2017\/08\/11-60x45.jpg 60w\" sizes=\"auto, (max-width: 551px) 100vw, 551px\" \/><\/a><\/p>\n<p><strong>O velho fascismo, por mais atual e poderoso que seja<br \/>\nem muitos pa\u00edses, n\u00e3o \u00e9 o novo problema atual.<br \/>\nEst\u00e3o nos preparando outras formas de fascismo.<br \/>\nTodo um neo-fascismo em rela\u00e7\u00e3o ao qual o antigo fascismo faz figura de folclore [&#8230;]<br \/>\nEm vez de ser uma pol\u00edtica e uma economia de guerra, o novo fascismo \u00e9 um &#8216;acordo&#8217; mundial em prol da seguran\u00e7a, para a &#8216;gest\u00e3o&#8217; de uma paz n\u00e3o menos terr\u00edvel, com a organiza\u00e7\u00e3o arranjada de todos os pequenos medos, de todas as pequenas ang\u00fastias que fazem com que sejamos microfascistas, encarrecados de sufocar cada pequena coisa, cada rosto, cada palavra um pouco mais forte, em sua rua, em seu bairro, em sua sala de cinema.<\/p>\n<p>tradu\u00e7\u00e3o: Mario S. Mieli<\/strong><\/p>\n<p><a href=\"http:\/\/imediata.org\/wp-content\/uploads\/2017\/08\/frase-a-globalizacao-e-um-totalitarismo-totalitarismo-que-nao-precisa-nem-de-camisas-verdes-nem-jose-saramago-160026.jpg\"><img loading=\"lazy\" decoding=\"async\" src=\"http:\/\/imediata.org\/wp-content\/uploads\/2017\/08\/frase-a-globalizacao-e-um-totalitarismo-totalitarismo-que-nao-precisa-nem-de-camisas-verdes-nem-jose-saramago-160026.jpg\" alt=\"frase-a-globalizacao-e-um-totalitarismo-totalitarismo-que-nao-precisa-nem-de-camisas-verdes-nem-jose-saramago-160026\" width=\"850\" height=\"400\" class=\"aligncenter size-full wp-image-5607\" srcset=\"https:\/\/imediata.org\/wp-content\/uploads\/2017\/08\/frase-a-globalizacao-e-um-totalitarismo-totalitarismo-que-nao-precisa-nem-de-camisas-verdes-nem-jose-saramago-160026.jpg 850w, https:\/\/imediata.org\/wp-content\/uploads\/2017\/08\/frase-a-globalizacao-e-um-totalitarismo-totalitarismo-que-nao-precisa-nem-de-camisas-verdes-nem-jose-saramago-160026-300x141.jpg 300w, https:\/\/imediata.org\/wp-content\/uploads\/2017\/08\/frase-a-globalizacao-e-um-totalitarismo-totalitarismo-que-nao-precisa-nem-de-camisas-verdes-nem-jose-saramago-160026-116x55.jpg 116w\" sizes=\"auto, (max-width: 850px) 100vw, 850px\" \/><\/a><\/p>\n","protected":false},"excerpt":{"rendered":"<p>O velho fascismo, por mais atual e poderoso que seja em muitos pa\u00edses, n\u00e3o \u00e9 o novo problema atual. Est\u00e3o nos preparando outras formas de fascismo. Todo um neo-fascismo em rela\u00e7\u00e3o ao qual o antigo fascismo faz figura de folclore [&#8230;] Em vez de ser uma pol\u00edtica e uma economia de guerra, o novo fascismo [&hellip;]<\/p>\n","protected":false},"author":1,"featured_media":0,"comment_status":"open","ping_status":"open","sticky":false,"template":"","format":"standard","meta":{"footnotes":""},"categories":[68,7,2256,9],"tags":[546,2956,95,3183,3182,3184],"class_list":["post-5605","post","type-post","status-publish","format-standard","hentry","category-dossie-queda-da-rua-do-muro","category-devir","category-imundo","category-lance-de-dados","tag-gilles-deleuze","tag-jose-saramago","tag-mario-s-mieli","tag-microfascismo","tag-neofascismo","tag-novas-formas-de-fascismo"],"_links":{"self":[{"href":"https:\/\/imediata.org\/index.php?rest_route=\/wp\/v2\/posts\/5605","targetHints":{"allow":["GET"]}}],"collection":[{"href":"https:\/\/imediata.org\/index.php?rest_route=\/wp\/v2\/posts"}],"about":[{"href":"https:\/\/imediata.org\/index.php?rest_route=\/wp\/v2\/types\/post"}],"author":[{"embeddable":true,"href":"https:\/\/imediata.org\/index.php?rest_route=\/wp\/v2\/users\/1"}],"replies":[{"embeddable":true,"href":"https:\/\/imediata.org\/index.php?rest_route=%2Fwp%2Fv2%2Fcomments&post=5605"}],"version-history":[{"count":1,"href":"https:\/\/imediata.org\/index.php?rest_route=\/wp\/v2\/posts\/5605\/revisions"}],"predecessor-version":[{"id":5608,"href":"https:\/\/imediata.org\/index.php?rest_route=\/wp\/v2\/posts\/5605\/revisions\/5608"}],"wp:attachment":[{"href":"https:\/\/imediata.org\/index.php?rest_route=%2Fwp%2Fv2%2Fmedia&parent=5605"}],"wp:term":[{"taxonomy":"category","embeddable":true,"href":"https:\/\/imediata.org\/index.php?rest_route=%2Fwp%2Fv2%2Fcategories&post=5605"},{"taxonomy":"post_tag","embeddable":true,"href":"https:\/\/imediata.org\/index.php?rest_route=%2Fwp%2Fv2%2Ftags&post=5605"}],"curies":[{"name":"wp","href":"https:\/\/api.w.org\/{rel}","templated":true}]}}