{"id":5602,"date":"2017-08-25T13:52:23","date_gmt":"2017-08-25T13:52:23","guid":{"rendered":"http:\/\/imediata.org\/?p=5602"},"modified":"2017-08-25T13:52:23","modified_gmt":"2017-08-25T13:52:23","slug":"nao-a-chamem-de-globalizacao-e-um-nivelamento-planetario-por-diego-fusaro","status":"publish","type":"post","link":"https:\/\/imediata.org\/?p=5602","title":{"rendered":"N\u00e3o a chamem de globaliza\u00e7\u00e3o: \u00e9 um nivelamento planet\u00e1rio , por Diego Fusaro"},"content":{"rendered":"<p><a href=\"http:\/\/imediata.org\/wp-content\/uploads\/2017\/08\/desigualdade-social.jpg\"><img loading=\"lazy\" decoding=\"async\" src=\"http:\/\/imediata.org\/wp-content\/uploads\/2017\/08\/desigualdade-social-300x200.jpg\" alt=\"desigualdade-social\" width=\"300\" height=\"200\" class=\"aligncenter size-medium wp-image-5603\" srcset=\"https:\/\/imediata.org\/wp-content\/uploads\/2017\/08\/desigualdade-social-300x200.jpg 300w, https:\/\/imediata.org\/wp-content\/uploads\/2017\/08\/desigualdade-social-82x55.jpg 82w, https:\/\/imediata.org\/wp-content\/uploads\/2017\/08\/desigualdade-social.jpg 630w\" sizes=\"auto, (max-width: 300px) 100vw, 300px\" \/><\/a><\/p>\n<p><strong>N\u00e3o a chamem de globaliza\u00e7\u00e3o: \u00e9 um nivelamento planet\u00e1rio<\/p>\n<p>Por Diego Fusaro<\/p>\n<p>Tradu\u00e7\u00e3o: Mario S. Mieli<\/p>\n<p>Fonte: <a href=\"http:\/\/www.interessenazionale.net\/blog\/non-chiamatela-globalizzazione-livellamento-planetario#.WaAgO9UIQYM.twitter\">http:\/\/www.interessenazionale.net\/blog\/non-chiamatela-globalizzazione-livellamento-planetario#.WaAgO9UIQYM.twitter<\/a><\/p>\n<p>A globaliza\u00e7\u00e3o \u00e9, em sua ess\u00eancia, a ideologia do mesmo, express\u00e3o de um capitalismo especulativo e auto-reflexivo que quer se ver refletido e reproduzido em todos os lugares e sempre apenas a si mesmo.<\/p>\n<p>Em vista desta abordagem teleol\u00f3gica, ele visa a supress\u00e3o das diferen\u00e7as e, com elas, das alternativas, de maneira que triunfem sempre aquelas que, segundo Marcuse e Heidegger, poder\u00edamos qualificar de a &#8221;unidimensionalidade&#8221; e a &#8220;uniformiza\u00e7\u00e3o&#8221; (Einf\u00f6rmigkeit ).<\/p>\n<p>O globalitarismo aspira a ser refletido em cada c\u00e9lula da realidade, aniquilando todas as maneiras de ser, de pensar, de falar e de trocar que n\u00e3o sejam aquelas modeladas conforme a axiom\u00e1tica \u2018do ut des\u2019 (ou quid pro quo) do livre com\u00e9rcio.<\/p>\n<p>Por tr\u00e1s da aparente prolifera\u00e7\u00e3o de rachaduras, das cores e dos plurais esconde-se o que, com Hegel, poder\u00edamos provavelmente chamar de &#8220;monocromatismo absoluto&#8221; (einfarbige absolute Malerei) da sociedade de mercado; monocromatismo absoluto que \u00e9, ent\u00e3o, a cifra da globaliza\u00e7\u00e3o como universaliza\u00e7\u00e3o da sociedade de mercado ao qual est\u00e1 associada a neutraliza\u00e7\u00e3o de todas as formas de produ\u00e7\u00e3o, da exist\u00eancia e do pensamento que n\u00e3o coincidam com ele.<\/p>\n<p>Como apontado por Marx, o dinheiro, &#8220;nivelador radical, dissolve todas as distin\u00e7\u00f5es&#8221; e imp\u00f5e uma padroniza\u00e7\u00e3o do real e do imagin\u00e1rio que aspira a tornar-se planet\u00e1ria e abrangente.<\/p>\n<p>\u00c9 a\u00ed que reside a ess\u00eancia da globaliza\u00e7\u00e3o como  colonialismo glamouroso e \u00e0 altura dos tempos, inclui neutralizando e uniformiza nivelando.<\/p>\n<p>Da globaliza\u00e7\u00e3o como um novo tipo de imperialismo, um dia se poder\u00e1 dizer o que Marx no &#8220;Capital&#8221; afirmou em rela\u00e7\u00e3o ao colonialismo em voga na \u00e9poca dele, &#8220;foi o &#8216;deus estrangeiro&#8217; que se p\u00f4s em cima do altar ao lado dos antigos \u00eddolos da Europa e que, um belo dia, com um s\u00fabito empurr\u00e3o, derrubou-os a todos juntos, proclamando que produzir mais-valia era a \u00faltima e a \u00fanica finalidade da humanidade&#8221;.<\/p>\n<p>Nesta perspectiva, a acumula\u00e7\u00e3o planet\u00e1ria entrela\u00e7a nivelamento e desigualdade. Uniformiza o planeta e, em conjunto, d\u00e1 origem a um desenvolvimento cada vez mais desigual, porque mais e mais fortemente fundado sobre o contraste classista entre Servo e Senhor, anexado ao conflito unilateralmente determinado como massacre de classe do segundo em detrimento do primeiro.<br \/>\n<\/strong><\/p>\n","protected":false},"excerpt":{"rendered":"<p>N\u00e3o a chamem de globaliza\u00e7\u00e3o: \u00e9 um nivelamento planet\u00e1rio Por Diego Fusaro Tradu\u00e7\u00e3o: Mario S. Mieli Fonte: http:\/\/www.interessenazionale.net\/blog\/non-chiamatela-globalizzazione-livellamento-planetario#.WaAgO9UIQYM.twitter A globaliza\u00e7\u00e3o \u00e9, em sua ess\u00eancia, a ideologia do mesmo, express\u00e3o de um capitalismo especulativo e auto-reflexivo que quer se ver refletido e reproduzido em todos os lugares e sempre apenas a si mesmo. Em vista desta [&hellip;]<\/p>\n","protected":false},"author":1,"featured_media":0,"comment_status":"open","ping_status":"open","sticky":false,"template":"","format":"standard","meta":{"footnotes":""},"categories":[68,7,9],"tags":[3077,2880,30,3173,3174,3176,3178,650,3181,3175,95,74,3177,3180,3179,3122],"class_list":["post-5602","post","type-post","status-publish","format-standard","hentry","category-dossie-queda-da-rua-do-muro","category-devir","category-lance-de-dados","tag-capitalismo-financeiro-especulativo-internacional","tag-diego-fusaro","tag-globalizacao","tag-globaritarismo","tag-globototalitarismo","tag-hegel","tag-imperialimo","tag-luta-de-classes","tag-mais-valia","tag-marcuse","tag-mario-s-mieli","tag-marx","tag-neocolonialimo","tag-padronizacao","tag-totalitarismo","tag-uniformizacao"],"_links":{"self":[{"href":"https:\/\/imediata.org\/index.php?rest_route=\/wp\/v2\/posts\/5602","targetHints":{"allow":["GET"]}}],"collection":[{"href":"https:\/\/imediata.org\/index.php?rest_route=\/wp\/v2\/posts"}],"about":[{"href":"https:\/\/imediata.org\/index.php?rest_route=\/wp\/v2\/types\/post"}],"author":[{"embeddable":true,"href":"https:\/\/imediata.org\/index.php?rest_route=\/wp\/v2\/users\/1"}],"replies":[{"embeddable":true,"href":"https:\/\/imediata.org\/index.php?rest_route=%2Fwp%2Fv2%2Fcomments&post=5602"}],"version-history":[{"count":1,"href":"https:\/\/imediata.org\/index.php?rest_route=\/wp\/v2\/posts\/5602\/revisions"}],"predecessor-version":[{"id":5604,"href":"https:\/\/imediata.org\/index.php?rest_route=\/wp\/v2\/posts\/5602\/revisions\/5604"}],"wp:attachment":[{"href":"https:\/\/imediata.org\/index.php?rest_route=%2Fwp%2Fv2%2Fmedia&parent=5602"}],"wp:term":[{"taxonomy":"category","embeddable":true,"href":"https:\/\/imediata.org\/index.php?rest_route=%2Fwp%2Fv2%2Fcategories&post=5602"},{"taxonomy":"post_tag","embeddable":true,"href":"https:\/\/imediata.org\/index.php?rest_route=%2Fwp%2Fv2%2Ftags&post=5602"}],"curies":[{"name":"wp","href":"https:\/\/api.w.org\/{rel}","templated":true}]}}