{"id":5578,"date":"2017-08-21T12:59:51","date_gmt":"2017-08-21T12:59:51","guid":{"rendered":"http:\/\/imediata.org\/?p=5578"},"modified":"2017-08-21T12:59:51","modified_gmt":"2017-08-21T12:59:51","slug":"a-vida-passa-a-vida-escoa-por-raoul-vaneigem","status":"publish","type":"post","link":"https:\/\/imediata.org\/?p=5578","title":{"rendered":"A vida passa, a vida escoa &#8211; por Raoul Vaneigem"},"content":{"rendered":"<p><a href=\"http:\/\/imediata.org\/wp-content\/uploads\/2017\/08\/hqdefault.jpg\"><img loading=\"lazy\" decoding=\"async\" src=\"http:\/\/imediata.org\/wp-content\/uploads\/2017\/08\/hqdefault.jpg\" alt=\"hqdefault\" width=\"168\" height=\"94\" class=\"aligncenter size-full wp-image-5579\" srcset=\"https:\/\/imediata.org\/wp-content\/uploads\/2017\/08\/hqdefault.jpg 168w, https:\/\/imediata.org\/wp-content\/uploads\/2017\/08\/hqdefault-98x55.jpg 98w\" sizes=\"auto, (max-width: 168px) 100vw, 168px\" \/><\/a><br \/>\n<strong><br \/>\nRaoul Vaneigem &#8211; La vie s&#8217;\u00e9coule (SUBTITULADO en espa\u00f1ol)<\/p>\n<p>Can\u00e7\u00e3o escrita por Raoul Vaneigem antes de fazer parte da Internacional Situacionista<\/p>\n<p><iframe loading=\"lazy\" width=\"560\" height=\"315\" src=\"https:\/\/www.youtube.com\/embed\/utNyayqDzpQ\" frameborder=\"0\" allowfullscreen><\/iframe><\/p>\n<p><\/strong><\/p>\n","protected":false},"excerpt":{"rendered":"<p>Raoul Vaneigem &#8211; La vie s&#8217;\u00e9coule (SUBTITULADO en espa\u00f1ol) Can\u00e7\u00e3o escrita por Raoul Vaneigem antes de fazer parte da Internacional Situacionista<\/p>\n","protected":false},"author":1,"featured_media":0,"comment_status":"open","ping_status":"open","sticky":false,"template":"","format":"standard","meta":{"footnotes":""},"categories":[4,2256,9],"tags":[3152,2484,3151,369,367,2369],"class_list":["post-5578","post","type-post","status-publish","format-standard","hentry","category-al-manakh","category-imundo","category-lance-de-dados","tag-desperdicio-de-vida","tag-exploracao-capitalista","tag-falta-de-sentido-no-trabalho","tag-internacional-situacionista","tag-raoul-vaneigem","tag-trabalho"],"_links":{"self":[{"href":"https:\/\/imediata.org\/index.php?rest_route=\/wp\/v2\/posts\/5578","targetHints":{"allow":["GET"]}}],"collection":[{"href":"https:\/\/imediata.org\/index.php?rest_route=\/wp\/v2\/posts"}],"about":[{"href":"https:\/\/imediata.org\/index.php?rest_route=\/wp\/v2\/types\/post"}],"author":[{"embeddable":true,"href":"https:\/\/imediata.org\/index.php?rest_route=\/wp\/v2\/users\/1"}],"replies":[{"embeddable":true,"href":"https:\/\/imediata.org\/index.php?rest_route=%2Fwp%2Fv2%2Fcomments&post=5578"}],"version-history":[{"count":1,"href":"https:\/\/imediata.org\/index.php?rest_route=\/wp\/v2\/posts\/5578\/revisions"}],"predecessor-version":[{"id":5580,"href":"https:\/\/imediata.org\/index.php?rest_route=\/wp\/v2\/posts\/5578\/revisions\/5580"}],"wp:attachment":[{"href":"https:\/\/imediata.org\/index.php?rest_route=%2Fwp%2Fv2%2Fmedia&parent=5578"}],"wp:term":[{"taxonomy":"category","embeddable":true,"href":"https:\/\/imediata.org\/index.php?rest_route=%2Fwp%2Fv2%2Fcategories&post=5578"},{"taxonomy":"post_tag","embeddable":true,"href":"https:\/\/imediata.org\/index.php?rest_route=%2Fwp%2Fv2%2Ftags&post=5578"}],"curies":[{"name":"wp","href":"https:\/\/api.w.org\/{rel}","templated":true}]}}