{"id":5562,"date":"2017-08-16T20:38:41","date_gmt":"2017-08-16T20:38:41","guid":{"rendered":"http:\/\/imediata.org\/?p=5562"},"modified":"2017-08-16T20:41:42","modified_gmt":"2017-08-16T20:41:42","slug":"a-biblioteca-de-babel-jorge-luis-borges","status":"publish","type":"post","link":"https:\/\/imediata.org\/?p=5562","title":{"rendered":"A Biblioteca de Babel \u2013 Jorge Luis Borges"},"content":{"rendered":"<p><a href=\"http:\/\/imediata.org\/wp-content\/uploads\/2017\/08\/4.jpg\"><img loading=\"lazy\" decoding=\"async\" src=\"http:\/\/imediata.org\/wp-content\/uploads\/2017\/08\/4.jpg\" alt=\"-4\" width=\"192\" height=\"300\" class=\"aligncenter size-full wp-image-5563\" srcset=\"https:\/\/imediata.org\/wp-content\/uploads\/2017\/08\/4.jpg 192w, https:\/\/imediata.org\/wp-content\/uploads\/2017\/08\/4-35x55.jpg 35w\" sizes=\"auto, (max-width: 192px) 100vw, 192px\" \/><\/a><\/p>\n<p>A Biblioteca de Babel \u2013 Jorge Luis Borges<\/p>\n<p>pode ser lido aqui: <a href=\"http:\/\/site.ufvjm.edu.br\/cafeliterario\/?s=A+Biblioteca+de+Babel\">http:\/\/site.ufvjm.edu.br\/cafeliterario\/?s=A+Biblioteca+de+Babel<\/a><\/p>\n<p>download gratuito aqui: <a href=\"https:\/\/teoriadoespacourbano.files.wordpress.com\/2013\/02\/borges-ficc3a7c3b5es.pdf\">https:\/\/teoriadoespacourbano.files.wordpress.com\/2013\/02\/borges-ficc3a7c3b5es.pdf<\/a><\/p>\n<p>escrito em 1941-cinquenta anos antes de Internet, DNA, fractais \u2013 que Borges j\u00e1 tinha pressentido <\/p>\n<p>reflex\u00e3o de James Corbett (em ingl\u00eas) \u00e0 luz de google, da Nova Ordem Mundial, e da sociedade da gest\u00e3o de percep\u00e7\u00f5es, puni\u00e7\u00e3o e controle<\/p>\n<p>The Library of Babel &#8211; Film, Literature and the New World Order<\/p>\n<p><iframe loading=\"lazy\" width=\"560\" height=\"315\" src=\"https:\/\/www.youtube.com\/embed\/f_It0ow4Iuw\" frameborder=\"0\" allowfullscreen><\/iframe><\/p>\n","protected":false},"excerpt":{"rendered":"<p>A Biblioteca de Babel \u2013 Jorge Luis Borges pode ser lido aqui: http:\/\/site.ufvjm.edu.br\/cafeliterario\/?s=A+Biblioteca+de+Babel download gratuito aqui: https:\/\/teoriadoespacourbano.files.wordpress.com\/2013\/02\/borges-ficc3a7c3b5es.pdf escrito em 1941-cinquenta anos antes de Internet, DNA, fractais \u2013 que Borges j\u00e1 tinha pressentido reflex\u00e3o de James Corbett (em ingl\u00eas) \u00e0 luz de google, da Nova Ordem Mundial, e da sociedade da gest\u00e3o de percep\u00e7\u00f5es, puni\u00e7\u00e3o e [&hellip;]<\/p>\n","protected":false},"author":1,"featured_media":0,"comment_status":"open","ping_status":"open","sticky":false,"template":"","format":"standard","meta":{"footnotes":""},"categories":[4,7,9],"tags":[3135,3139,3138,794,3136,2530,3140,3137,551],"class_list":["post-5562","post","type-post","status-publish","format-standard","hentry","category-al-manakh","category-devir","category-lance-de-dados","tag-a-biblioteca-de-babel","tag-dna","tag-fractais","tag-google","tag-james-corbett","tag-jorge-luis-borges","tag-registros-akashicos","tag-sociedade-de-gestao-das-percepcoes-e-do-conhecimento","tag-sociedade-do-controle"],"_links":{"self":[{"href":"https:\/\/imediata.org\/index.php?rest_route=\/wp\/v2\/posts\/5562","targetHints":{"allow":["GET"]}}],"collection":[{"href":"https:\/\/imediata.org\/index.php?rest_route=\/wp\/v2\/posts"}],"about":[{"href":"https:\/\/imediata.org\/index.php?rest_route=\/wp\/v2\/types\/post"}],"author":[{"embeddable":true,"href":"https:\/\/imediata.org\/index.php?rest_route=\/wp\/v2\/users\/1"}],"replies":[{"embeddable":true,"href":"https:\/\/imediata.org\/index.php?rest_route=%2Fwp%2Fv2%2Fcomments&post=5562"}],"version-history":[{"count":3,"href":"https:\/\/imediata.org\/index.php?rest_route=\/wp\/v2\/posts\/5562\/revisions"}],"predecessor-version":[{"id":5566,"href":"https:\/\/imediata.org\/index.php?rest_route=\/wp\/v2\/posts\/5562\/revisions\/5566"}],"wp:attachment":[{"href":"https:\/\/imediata.org\/index.php?rest_route=%2Fwp%2Fv2%2Fmedia&parent=5562"}],"wp:term":[{"taxonomy":"category","embeddable":true,"href":"https:\/\/imediata.org\/index.php?rest_route=%2Fwp%2Fv2%2Fcategories&post=5562"},{"taxonomy":"post_tag","embeddable":true,"href":"https:\/\/imediata.org\/index.php?rest_route=%2Fwp%2Fv2%2Ftags&post=5562"}],"curies":[{"name":"wp","href":"https:\/\/api.w.org\/{rel}","templated":true}]}}