{"id":5553,"date":"2017-08-16T17:07:25","date_gmt":"2017-08-16T17:07:25","guid":{"rendered":"http:\/\/imediata.org\/?p=5553"},"modified":"2017-08-16T17:12:00","modified_gmt":"2017-08-16T17:12:00","slug":"escola-secundaria-em-quatro-anos-a-barbarie-capitalista-avanca-por-diego-fusaro","status":"publish","type":"post","link":"https:\/\/imediata.org\/?p=5553","title":{"rendered":"Escola secund\u00e1ria em quatro anos: a barb\u00e1rie capitalista avan\u00e7a, por Diego Fusaro"},"content":{"rendered":"<p><a href=\"http:\/\/imediata.org\/wp-content\/uploads\/2017\/08\/images-71.jpg\"><img loading=\"lazy\" decoding=\"async\" src=\"http:\/\/imediata.org\/wp-content\/uploads\/2017\/08\/images-71.jpg\" alt=\"images-7\" width=\"292\" height=\"172\" class=\"aligncenter size-full wp-image-5554\" srcset=\"https:\/\/imediata.org\/wp-content\/uploads\/2017\/08\/images-71.jpg 292w, https:\/\/imediata.org\/wp-content\/uploads\/2017\/08\/images-71-93x55.jpg 93w\" sizes=\"auto, (max-width: 292px) 100vw, 292px\" \/><\/a><\/p>\n<p><strong><\/p>\n<p>Escola secund\u00e1ria em quatro anos: a barb\u00e1rie capitalista avan\u00e7a<\/p>\n<p>Por: Diego Fusaro<\/p>\n<p>Tradu\u00e7\u00e3o: Mario S. Mieli<\/p>\n<p>Fonte:<br \/>\n<a href=\"http:\/\/www.lettera43.it\/it\/articoli\/economia\/2017\/08\/15\/liceo-in-quattro-anni-la-barbarie-capitalistica-procede\/212932\/\">http:\/\/www.lettera43.it\/it\/articoli\/economia\/2017\/08\/15\/liceo-in-quattro-anni-la-barbarie-capitalistica-procede\/212932\/<\/a><\/p>\n<p>Destruir a escola atende \u00e0 classe dominante global para governar escravos destitu\u00eddos de cultura e consci\u00eancia hist\u00f3rica, incapazes de pensar por\u00e9m id\u00f4neos ao mercado de trabalho flex\u00edvel e prec\u00e1rio.<\/p>\n<p>N\u00e3o me canso de repetir. Na destrui\u00e7\u00e3o programada do ensino m\u00e9dio est\u00e1 expressa n\u00e3o apenas a barb\u00e1rie do tempo unificado sob o signo da forma-mercadoria, mas tamb\u00e9m um projeto pol\u00edtico claro. Para se afirmar integralmente, o sistema-mercado do fundamentalismo da mercadoria e do fanatismo da finan\u00e7a deve abater os basti\u00f5es residuais da \u00e9tica hegeliana, incluindo-se: da fam\u00edlia como sua c\u00e9lula ao Estado soberano como seu cumprimento, descendendo &#8220;pelos ramos&#8221; dos sindicatos e da escola.<\/p>\n<p>A EDUCA\u00c7\u00c3O SE FAZ EMPRESA. Destruir a escola (do ensino m\u00e9dio at\u00e9 a faculdade) serve \u00e0 classe dominante global n\u00e3o s\u00f3 porque, \u2018\u00e7a va sans dire\u2019, \u00e9 mais f\u00e1cil governar escravos destitu\u00eddos de cultura e consci\u00eancia hist\u00f3rica: a cultura \u00e9 sempre o espa\u00e7o de aquisi\u00e7\u00e3o da consci\u00eancia da pr\u00f3pria posi\u00e7\u00e3o no cosmos e na sociedade. Al\u00e9m deste motivo (e sin\u00e9rgico em rela\u00e7\u00e3o a ele), h\u00e1 um outro: de instituto de forma\u00e7\u00e3o de seres humanos pensantes e conscientes de si mesmos e de sua pr\u00f3pria hist\u00f3ria \u2013 tal era o ensino m\u00e9dio no tempo da civiliza\u00e7\u00e3o burguesa \u2013, a escola est\u00e1 hoje se redefinindo em termos p\u00f3s-burgueses e ultra-capitalistas como uma  &#8220;empresa&#8221; entre tantas outras. Mais precisamente, como empresa entregadora de d\u00e9bitos e de cr\u00e9ditos, pronta para \u201centregar\u201d em s\u00e9rie indiv\u00edduos n\u00e3o-pensantes, mas eficientes, adequados para o mercado de trabalho flex\u00edvel e prec\u00e1rio.<\/p>\n<p>Sem contar que, como nos lembra o jornal \u201cIl Sole 24 Ore\u201d \u2013 o Osservatore Romano da globaliza\u00e7\u00e3o capitalista \u2013 como segue: &#8216;a maturidade em 4 anos: onde est\u00e1 em vigor na Europa, na It\u00e1lia faria economizar 1,4 bilh\u00e3o&#8221;. Apenas dois argumentos a favor da nova barb\u00e1rie, ent\u00e3o: 1) na Europa j\u00e1 \u00e9 assim (e quando Bruxelas chama, Roma n\u00e3o pode deixar de responder); 2) a nova barb\u00e1rie faria &#8220;poupar&#8221; (sic!). Tudo o resto n\u00e3o importa, nem \u00e9 mencionado. Cultura, consci\u00eancia cr\u00edtica, conhecimento, educa\u00e7\u00e3o: n\u00e3o se fala sobre isso. A &#8220;raz\u00e3o calculadora&#8221; da g\u00e9lida geometria do capital n\u00e3o conhece outras raz\u00f5es. A desescolariza\u00e7\u00e3o como uma parte fundamental da destrui\u00e7\u00e3o da \u00e9tica para o benef\u00edcio da redefini\u00e7\u00e3o do mundo todo como mercado sem fronteiras para \u00e1tomos consumidores e \u2013 podemos dizer \u2013 ignorantes, j\u00e1 come\u00e7ou.<\/strong><\/p>\n<p><a href=\"http:\/\/imediata.org\/wp-content\/uploads\/2017\/08\/images-6.jpg\"><img loading=\"lazy\" decoding=\"async\" src=\"http:\/\/imediata.org\/wp-content\/uploads\/2017\/08\/images-6.jpg\" alt=\"images-6\" width=\"339\" height=\"149\" class=\"aligncenter size-full wp-image-5556\" srcset=\"https:\/\/imediata.org\/wp-content\/uploads\/2017\/08\/images-6.jpg 339w, https:\/\/imediata.org\/wp-content\/uploads\/2017\/08\/images-6-300x131.jpg 300w, https:\/\/imediata.org\/wp-content\/uploads\/2017\/08\/images-6-125x55.jpg 125w\" sizes=\"auto, (max-width: 339px) 100vw, 339px\" \/><\/a><\/p>\n","protected":false},"excerpt":{"rendered":"<p>Escola secund\u00e1ria em quatro anos: a barb\u00e1rie capitalista avan\u00e7a Por: Diego Fusaro Tradu\u00e7\u00e3o: Mario S. Mieli Fonte: http:\/\/www.lettera43.it\/it\/articoli\/economia\/2017\/08\/15\/liceo-in-quattro-anni-la-barbarie-capitalistica-procede\/212932\/ Destruir a escola atende \u00e0 classe dominante global para governar escravos destitu\u00eddos de cultura e consci\u00eancia hist\u00f3rica, incapazes de pensar por\u00e9m id\u00f4neos ao mercado de trabalho flex\u00edvel e prec\u00e1rio. N\u00e3o me canso de repetir. Na destrui\u00e7\u00e3o programada [&hellip;]<\/p>\n","protected":false},"author":1,"featured_media":0,"comment_status":"open","ping_status":"open","sticky":false,"template":"","format":"standard","meta":{"footnotes":""},"categories":[9],"tags":[3131,2880,3134,3130,3132,3129,3133,95],"class_list":["post-5553","post","type-post","status-publish","format-standard","hentry","category-lance-de-dados","tag-destruicao-do-sistema-de-ensino","tag-diego-fusaro","tag-doutrinacao-neoliberal-capitalista","tag-educacao-capitalista-neoliberal","tag-educacao-e-globalizacao","tag-educacao-ou-barbarie","tag-escola-sem-partido","tag-mario-s-mieli"],"_links":{"self":[{"href":"https:\/\/imediata.org\/index.php?rest_route=\/wp\/v2\/posts\/5553","targetHints":{"allow":["GET"]}}],"collection":[{"href":"https:\/\/imediata.org\/index.php?rest_route=\/wp\/v2\/posts"}],"about":[{"href":"https:\/\/imediata.org\/index.php?rest_route=\/wp\/v2\/types\/post"}],"author":[{"embeddable":true,"href":"https:\/\/imediata.org\/index.php?rest_route=\/wp\/v2\/users\/1"}],"replies":[{"embeddable":true,"href":"https:\/\/imediata.org\/index.php?rest_route=%2Fwp%2Fv2%2Fcomments&post=5553"}],"version-history":[{"count":5,"href":"https:\/\/imediata.org\/index.php?rest_route=\/wp\/v2\/posts\/5553\/revisions"}],"predecessor-version":[{"id":5561,"href":"https:\/\/imediata.org\/index.php?rest_route=\/wp\/v2\/posts\/5553\/revisions\/5561"}],"wp:attachment":[{"href":"https:\/\/imediata.org\/index.php?rest_route=%2Fwp%2Fv2%2Fmedia&parent=5553"}],"wp:term":[{"taxonomy":"category","embeddable":true,"href":"https:\/\/imediata.org\/index.php?rest_route=%2Fwp%2Fv2%2Fcategories&post=5553"},{"taxonomy":"post_tag","embeddable":true,"href":"https:\/\/imediata.org\/index.php?rest_route=%2Fwp%2Fv2%2Ftags&post=5553"}],"curies":[{"name":"wp","href":"https:\/\/api.w.org\/{rel}","templated":true}]}}