{"id":5528,"date":"2017-08-10T15:10:05","date_gmt":"2017-08-10T15:10:05","guid":{"rendered":"http:\/\/imediata.org\/?p=5528"},"modified":"2017-08-10T15:17:37","modified_gmt":"2017-08-10T15:17:37","slug":"consumismo-ninguem-e-si-mesmo-e-a-padronizacao-de-massas-por-diego-fusaro","status":"publish","type":"post","link":"https:\/\/imediata.org\/?p=5528","title":{"rendered":"Consumismo, ningu\u00e9m \u00e9 si mesmo &#8211; \u00e9 a padroniza\u00e7\u00e3o de massas, por Diego Fusaro"},"content":{"rendered":"<p><a href=\"http:\/\/imediata.org\/wp-content\/uploads\/2017\/08\/iStock_76384371_SMALL.jpg\"><img loading=\"lazy\" decoding=\"async\" src=\"http:\/\/imediata.org\/wp-content\/uploads\/2017\/08\/iStock_76384371_SMALL-300x199.jpg\" alt=\"iStock_76384371_SMALL\" width=\"300\" height=\"199\" class=\"aligncenter size-medium wp-image-5529\" srcset=\"https:\/\/imediata.org\/wp-content\/uploads\/2017\/08\/iStock_76384371_SMALL-300x199.jpg 300w, https:\/\/imediata.org\/wp-content\/uploads\/2017\/08\/iStock_76384371_SMALL-82x55.jpg 82w, https:\/\/imediata.org\/wp-content\/uploads\/2017\/08\/iStock_76384371_SMALL.jpg 800w\" sizes=\"auto, (max-width: 300px) 100vw, 300px\" \/><\/a><\/p>\n<p><strong>Consumismo, ningu\u00e9m \u00e9 si mesmo \u2013 \u00e9 a padroniza\u00e7\u00e3o de massas<\/p>\n<p>por Diego Fusaro<\/p>\n<p>Tradu\u00e7\u00e3o: Mario S. Mieli<\/p>\n<p>Fonte: <a href=\"http:\/\/www.ilfattoquotidiano.it\/2017\/08\/08\/consumismo-nessuno-e-se-stesso-e-lomologazione-di-massa\/3781366\/\">http:\/\/www.ilfattoquotidiano.it\/2017\/08\/08\/consumismo-nessuno-e-se-stesso-e-lomologazione-di-massa\/3781366\/<\/a><\/p>\n<p>Estranho momento o nosso. Al\u00e9m disso, \u00e9 o tempo em que o elogio, sempre reiterado, do indiv\u00edduo permeia sem solu\u00e7\u00e3o de continuidade na anula\u00e7\u00e3o do indiv\u00edduo, atrav\u00e9s de sua integra\u00e7\u00e3o ao mundo totalmente administrado pela tecnologia e pelo consumo. Temos, assim, o triunfo de uma realidade irreal e inaut\u00eantica na qual \u2013 com as gram\u00e1ticas do Ser e Tempo de Heidegger (\u00a7 27) \u2013 &#8220;cada um \u00e9 os outros e ningu\u00e9m \u00e9 si mesmo&#8221;. A nossa \u00e9, de fato, a primeira sociedade de consenso de massas e da padroniza\u00e7\u00e3o de massas: cada um pensa como se pensa, vive como se vive, deseja como se deseja e, n\u00e3o menos importante, discorda como se discorda.<\/p>\n<p><a href=\"http:\/\/imediata.org\/wp-content\/uploads\/2017\/08\/Moda-para-Adolescente-1.jpg\"><img loading=\"lazy\" decoding=\"async\" src=\"http:\/\/imediata.org\/wp-content\/uploads\/2017\/08\/Moda-para-Adolescente-1-300x222.jpg\" alt=\"Moda-para-Adolescente-1\" width=\"300\" height=\"222\" class=\"aligncenter size-medium wp-image-5530\" srcset=\"https:\/\/imediata.org\/wp-content\/uploads\/2017\/08\/Moda-para-Adolescente-1-300x222.jpg 300w, https:\/\/imediata.org\/wp-content\/uploads\/2017\/08\/Moda-para-Adolescente-1-74x55.jpg 74w, https:\/\/imediata.org\/wp-content\/uploads\/2017\/08\/Moda-para-Adolescente-1-60x45.jpg 60w, https:\/\/imediata.org\/wp-content\/uploads\/2017\/08\/Moda-para-Adolescente-1.jpg 425w\" sizes=\"auto, (max-width: 300px) 100vw, 300px\" \/><\/a><\/p>\n<p>Com a gram\u00e1tica dos Minima Moralia (\u00a7 97) de Adorno, a potencializa\u00e7\u00e3o desmedida do indiv\u00edduo nas m\u00e3os do discurso capitalista determina, por isso mesmo, a morte da subjetividade. A imposi\u00e7\u00e3o for\u00e7ada de padr\u00f5es de comportamento e estilos de vida fruto da moda e da publicidade, n\u00e3o s\u00f3 permite que seja sempre relan\u00e7ado o movimento da valoriza\u00e7\u00e3o do valor, mas tamb\u00e9m de controlar os indiv\u00edduos de modo capilar, deixando-os viver na ilus\u00e3o de serem livres e autodeterminados. Quando, na realidade \u00ac\u2013 como bem sabemos \u2013 s\u00e3o controlados, supervisionados e dirigidos milimetricamente pelas estrat\u00e9gias pan\u00f3pticas de consumo.<\/p>\n<p><strong><\/strong><a href=\"http:\/\/imediata.org\/wp-content\/uploads\/2017\/08\/breveon5502-e6703.jpg\"><img loading=\"lazy\" decoding=\"async\" src=\"http:\/\/imediata.org\/wp-content\/uploads\/2017\/08\/breveon5502-e6703.jpg\" alt=\"breveon5502-e6703\" width=\"250\" height=\"154\" class=\"aligncenter size-full wp-image-5531\" srcset=\"https:\/\/imediata.org\/wp-content\/uploads\/2017\/08\/breveon5502-e6703.jpg 250w, https:\/\/imediata.org\/wp-content\/uploads\/2017\/08\/breveon5502-e6703-89x55.jpg 89w\" sizes=\"auto, (max-width: 250px) 100vw, 250px\" \/><\/a><\/p>\n<p>O trabalho da vigil\u00e2ncia se torna infinitamente mais f\u00e1cil se realizado em corpos e mentes domesticados que n\u00e3o sejam livres para seguir o caminho da dissid\u00eancia raciocinada. Este aspecto revela, mais uma vez, como a ast\u00facia de produ\u00e7\u00e3o utiliza hoje os seres humanos, tendo em vista o seu insensato objetivo, a autovaloriza\u00e7\u00e3o ilimitada, iludindo-os de serem livres justamente quando est\u00e3o vivendo em sua pr\u00f3pria carne a forma mais totalit\u00e1ria de poder de toda a hist\u00f3ria humana.<\/p>\n<p><a href=\"http:\/\/imediata.org\/wp-content\/uploads\/2017\/08\/images-10.jpg\"><img loading=\"lazy\" decoding=\"async\" src=\"http:\/\/imediata.org\/wp-content\/uploads\/2017\/08\/images-10.jpg\" alt=\"images-10\" width=\"269\" height=\"187\" class=\"aligncenter size-full wp-image-5532\" srcset=\"https:\/\/imediata.org\/wp-content\/uploads\/2017\/08\/images-10.jpg 269w, https:\/\/imediata.org\/wp-content\/uploads\/2017\/08\/images-10-79x55.jpg 79w\" sizes=\"auto, (max-width: 269px) 100vw, 269px\" \/><\/a><\/p>\n<p>O exemplo mais significativo desta din\u00e2mica heterog\u00eanea \u00e9 oferecido pelo fen\u00f4meno da moda. A moda, fazendo valer o que Simmel j\u00e1 conotava como uma verdadeira &#8220;tirania&#8221;, promete a cada um a remodelagem de um si mesmo \u00fanico e irrepet\u00edvel  e contemporaneamente, para todos, em s\u00e9rie, o mesmo modelo a seguir e com o qual se conformar, em uma real e verdadeira identifica\u00e7\u00e3o por tr\u00e1s da diversifica\u00e7\u00e3o aparente. A moda \u00e9 a maneira pela qual, em um n\u00edvel est\u00e9tico, o fundamentalismo econ\u00f4mico atual da civiliza\u00e7\u00e3o de consumo imp\u00f5e de forma sinistra e flex\u00edvel a adapta\u00e7\u00e3o e a padroniza\u00e7\u00e3o segundo arqu\u00e9tipos pr\u00e9-ordenados.<\/strong><\/p>\n<p><a href=\"http:\/\/imediata.org\/wp-content\/uploads\/2017\/08\/omologazione2.jpg\"><img loading=\"lazy\" decoding=\"async\" src=\"http:\/\/imediata.org\/wp-content\/uploads\/2017\/08\/omologazione2.jpg\" alt=\"omologazione2\" width=\"283\" height=\"178\" class=\"aligncenter size-full wp-image-5533\" srcset=\"https:\/\/imediata.org\/wp-content\/uploads\/2017\/08\/omologazione2.jpg 283w, https:\/\/imediata.org\/wp-content\/uploads\/2017\/08\/omologazione2-87x55.jpg 87w\" sizes=\"auto, (max-width: 283px) 100vw, 283px\" \/><\/a><\/p>\n","protected":false},"excerpt":{"rendered":"<p>Consumismo, ningu\u00e9m \u00e9 si mesmo \u2013 \u00e9 a padroniza\u00e7\u00e3o de massas por Diego Fusaro Tradu\u00e7\u00e3o: Mario S. Mieli Fonte: http:\/\/www.ilfattoquotidiano.it\/2017\/08\/08\/consumismo-nessuno-e-se-stesso-e-lomologazione-di-massa\/3781366\/ Estranho momento o nosso. Al\u00e9m disso, \u00e9 o tempo em que o elogio, sempre reiterado, do indiv\u00edduo permeia sem solu\u00e7\u00e3o de continuidade na anula\u00e7\u00e3o do indiv\u00edduo, atrav\u00e9s de sua integra\u00e7\u00e3o ao mundo totalmente administrado pela [&hellip;]<\/p>\n","protected":false},"author":1,"featured_media":0,"comment_status":"open","ping_status":"open","sticky":false,"template":"","format":"standard","meta":{"footnotes":""},"categories":[5,2781,9,10],"tags":[3119,146,2880,95,3120,3123,3121,3118,3124,3122],"class_list":["post-5528","post","type-post","status-publish","format-standard","hentry","category-biodiversidade-imediata","category-direitos-iguais-e-isso","category-lance-de-dados","category-pubblicare","tag-adorno","tag-consumismo","tag-diego-fusaro","tag-mario-s-mieli","tag-minima-moralia","tag-moda-pasteurizante","tag-o-falso-elogio-da-individualidade","tag-padronizacao-de-massas","tag-poder-totalitario","tag-uniformizacao"],"_links":{"self":[{"href":"https:\/\/imediata.org\/index.php?rest_route=\/wp\/v2\/posts\/5528","targetHints":{"allow":["GET"]}}],"collection":[{"href":"https:\/\/imediata.org\/index.php?rest_route=\/wp\/v2\/posts"}],"about":[{"href":"https:\/\/imediata.org\/index.php?rest_route=\/wp\/v2\/types\/post"}],"author":[{"embeddable":true,"href":"https:\/\/imediata.org\/index.php?rest_route=\/wp\/v2\/users\/1"}],"replies":[{"embeddable":true,"href":"https:\/\/imediata.org\/index.php?rest_route=%2Fwp%2Fv2%2Fcomments&post=5528"}],"version-history":[{"count":2,"href":"https:\/\/imediata.org\/index.php?rest_route=\/wp\/v2\/posts\/5528\/revisions"}],"predecessor-version":[{"id":5535,"href":"https:\/\/imediata.org\/index.php?rest_route=\/wp\/v2\/posts\/5528\/revisions\/5535"}],"wp:attachment":[{"href":"https:\/\/imediata.org\/index.php?rest_route=%2Fwp%2Fv2%2Fmedia&parent=5528"}],"wp:term":[{"taxonomy":"category","embeddable":true,"href":"https:\/\/imediata.org\/index.php?rest_route=%2Fwp%2Fv2%2Fcategories&post=5528"},{"taxonomy":"post_tag","embeddable":true,"href":"https:\/\/imediata.org\/index.php?rest_route=%2Fwp%2Fv2%2Ftags&post=5528"}],"curies":[{"name":"wp","href":"https:\/\/api.w.org\/{rel}","templated":true}]}}