{"id":5523,"date":"2017-08-09T03:43:13","date_gmt":"2017-08-09T03:43:13","guid":{"rendered":"http:\/\/imediata.org\/?p=5523"},"modified":"2017-08-09T03:43:13","modified_gmt":"2017-08-09T03:43:13","slug":"uma-revolucao-etica-por-gianni-tirelli","status":"publish","type":"post","link":"https:\/\/imediata.org\/?p=5523","title":{"rendered":"Uma revolu\u00e7\u00e3o \u00e9tica, por Gianni Tirelli"},"content":{"rendered":"<p><a href=\"http:\/\/imediata.org\/wp-content\/uploads\/2017\/08\/images-7.jpg\"><img loading=\"lazy\" decoding=\"async\" src=\"http:\/\/imediata.org\/wp-content\/uploads\/2017\/08\/images-7.jpg\" alt=\"images-7\" width=\"259\" height=\"195\" class=\"aligncenter size-full wp-image-5524\" srcset=\"https:\/\/imediata.org\/wp-content\/uploads\/2017\/08\/images-7.jpg 259w, https:\/\/imediata.org\/wp-content\/uploads\/2017\/08\/images-7-73x55.jpg 73w, https:\/\/imediata.org\/wp-content\/uploads\/2017\/08\/images-7-60x45.jpg 60w\" sizes=\"auto, (max-width: 259px) 100vw, 259px\" \/><\/a><\/p>\n<p><strong>Uma revolu\u00e7\u00e3o \u00e9tica<\/p>\n<p>Por: Gianni Tirelli<\/p>\n<p>Tradu\u00e7\u00e3o: Mario S. Mieli<\/p>\n<p>Fonte: <a href=\"https:\/\/crepanelmuro.blogspot.com.br\/2017\/08\/una-rivoluzione-etica.html\">https:\/\/crepanelmuro.blogspot.com.br\/2017\/08\/una-rivoluzione-etica.html<\/a><\/p>\n<p>Os princ\u00edpios \u00e9ticos s\u00e3o funcionais ao nosso esp\u00edrito\/instinto de autopreserva\u00e7\u00e3o, sem o qual tudo est\u00e1 destinado a l\u00f3gica extin\u00e7\u00e3o.<\/p>\n<p>E esta n\u00e3o \u00e9 uma filosofia de bolso, mas um dado real matem\u00e1tico, irrefut\u00e1vel e indiscut\u00edvel.<\/p>\n<p>Por maior que seja o nosso esfor\u00e7o no sentido de fazer as pessoas entenderem um conceito b\u00e1sico, todos persistem e perseveram confirmando seus maus h\u00e1bitos e depend\u00eancias, \u00e0 espera de um milagre celestial que ir\u00e1 libert\u00e1-los do peso da pr\u00f3pria responsabilidade pessoal e in\u00e9pcia moral.<\/p>\n<p>Este \u00e9 o ponto, o cora\u00e7\u00e3o do problema, a condi\u00e7\u00e3o sem a qual nada daquilo que hoje mina a nossa exist\u00eancia e a sobreviv\u00eancia do planeta, pode ser contrastado, combatido e reconvertido. A menos que possamos restaurar o sistema original de \u00e9tica que desde o in\u00edcio dos tempos articulava e regulava a arbitrariedade de nossos comportamentos e nossas escolhas \u2013 em virtude de par\u00e2metros de refer\u00eancia imperec\u00edveis \u2013 nenhuma outra op\u00e7\u00e3o que n\u00e3o seja essa poder\u00e1 reverter tal situa\u00e7\u00e3o.<\/p>\n<p>E n\u00e3o ser\u00e3o certamente as leis, as manobras financeiras ou as novas descobertas tecnol\u00f3gicas (absurdos!!) que poder\u00e3o nos restituir a dignidade mercantilizada, a sa\u00fade e a felicidade! Ao contr\u00e1rio, eles piorar\u00e3o o estado das coisas, enfurecendo-se ulteriormente contra as raz\u00f5es aut\u00eanticas da nossa exist\u00eancia &#8230;<\/p>\n<p>Se n\u00e3o formos capazes de ouvir as necessidades essenciais dos nossos cora\u00e7\u00f5es, cada outro exerc\u00edcio mental, estrat\u00e9gia e hipot\u00e9tica revolu\u00e7\u00e3o, ser\u00e1 em v\u00e3o, e os sinos tocar\u00e3o no vazio sobre nosso esp\u00edrito defunto.<\/p>\n<p>Bombas inteligentes, bacteriol\u00f3gicas, ao f\u00f3sforo e todo esse circo de atrocidades e de armas de destrui\u00e7\u00e3o em massa apontadas em dire\u00e7\u00e3o \u00e0s t\u00eamporas da humanidade, n\u00e3o s\u00e3o mais que o resultado inevit\u00e1vel de uma ci\u00eancia prostituta, divorciada de qualquer princ\u00edpio \u00e9tico. E assim, a polui\u00e7\u00e3o, o desperd\u00edcio e os res\u00edduos t\u00f3xicos espalhados por toda parte, e a devasta\u00e7\u00e3o ambiental em geral, n\u00e3o s\u00e3o mais que os efeitos nefastos produzidos pela aus\u00eancia de \u00e9tica. \u00c9 a licen\u00e7a que se fez liberdade,  verdade a mistifica\u00e7\u00e3o, e pesquisa a profana\u00e7\u00e3o.<\/p>\n<p>Os princ\u00edpios \u00e9ticos, reguladores e sentinelas do comportamento humano, foram removidos para sempre, e o v\u00edcio e o medo os substitu\u00edram. O mal, antigamente reconhec\u00edvel e identific\u00e1vel, tomou a forma de normalidade, expropriando o esp\u00edrito do homem, privando-o, assim, da consci\u00eancia, do discernimento e da dignidade.<br \/>\nCom a sua remo\u00e7\u00e3o, transtorna-se o projeto origin\u00e1rio que, de par\u00e2metro absoluto, degrada-se no caos e no relativismo. As atenuantes que o homem moderno alega, destinam-se a justificar suas ilus\u00f5es, fazendo-o cair em uma esp\u00e9cie de doentio e hist\u00e9rico narcisismo desresponsabilizante, com o objetivo ilus\u00f3rio de aplacar o medo angustiante e a ansiedade existencial.<\/p>\n<p><a href=\"http:\/\/imediata.org\/wp-content\/uploads\/2017\/08\/R3l0PgoKCtAAAGfCe881.jpg\"><img loading=\"lazy\" decoding=\"async\" src=\"http:\/\/imediata.org\/wp-content\/uploads\/2017\/08\/R3l0PgoKCtAAAGfCe881.jpg\" alt=\"R3l0PgoKCtAAAGfCe881\" width=\"297\" height=\"295\" class=\"aligncenter size-full wp-image-5526\" srcset=\"https:\/\/imediata.org\/wp-content\/uploads\/2017\/08\/R3l0PgoKCtAAAGfCe881.jpg 297w, https:\/\/imediata.org\/wp-content\/uploads\/2017\/08\/R3l0PgoKCtAAAGfCe881-55x55.jpg 55w\" sizes=\"auto, (max-width: 297px) 100vw, 297px\" \/><\/a><\/p>\n<p>Valores morais e princ\u00edpios \u00e9ticos, vividos como verdadeiros obst\u00e1culos, impedimentos \u00e0 comercializa\u00e7\u00e3o de bens ef\u00eameros, foram removidos e eliminados, para dar efeito e eco aos convites sedutores das sereias do Sistema Poder.<\/p>\n<p>A for\u00e7a de vontade, ent\u00e3o, que tinha a fun\u00e7\u00e3o, o prop\u00f3sito e a pot\u00eancia de produzir diversidade e m\u00e9rito, falhou, para se transfigurar em aprova\u00e7\u00e3o e supina  aceita\u00e7\u00e3o; causando, por sua vez, um mart\u00edrio mal compreendido, resultado extremo de uma auto-danifica\u00e7\u00e3o induzida.<\/p>\n<p>Hoje, derrotar o mal \u00e9 pura utopia. O Sistema Liberal Relativista o adotou como ponta de diamante de sua estrat\u00e9gia para, em seguida, comercializ\u00e1-lo em escala global. Por esta raz\u00e3o, qualquer tentativa de localiz\u00e1-lo e codific\u00e1-lo, \u00e9 v\u00e3.<\/p>\n<p>Portanto, antes de indigna\u00e7\u00e3o, de palavras gritadas, e de uma hipot\u00e9tica revolta popular, devemos saber que a verdadeira mudan\u00e7a deve nascer e crescer dentro de n\u00f3s. E somente se formos capazes de restabelecer o sistema original de \u00e9tica e todas aquelas escalas de valores que foram comercializados pelo Sistema, em troca de meras promessas de liberdade, poderemos esperar por um novo e luminoso renascimento e afastar do horizonte aquela imensa e amea\u00e7adora nuvem negra que est\u00e1 escurecendo o futuro dos nossos filhos.<\/strong><\/p>\n","protected":false},"excerpt":{"rendered":"<p>Uma revolu\u00e7\u00e3o \u00e9tica Por: Gianni Tirelli Tradu\u00e7\u00e3o: Mario S. Mieli Fonte: https:\/\/crepanelmuro.blogspot.com.br\/2017\/08\/una-rivoluzione-etica.html Os princ\u00edpios \u00e9ticos s\u00e3o funcionais ao nosso esp\u00edrito\/instinto de autopreserva\u00e7\u00e3o, sem o qual tudo est\u00e1 destinado a l\u00f3gica extin\u00e7\u00e3o. E esta n\u00e3o \u00e9 uma filosofia de bolso, mas um dado real matem\u00e1tico, irrefut\u00e1vel e indiscut\u00edvel. Por maior que seja o nosso esfor\u00e7o no [&hellip;]<\/p>\n","protected":false},"author":1,"featured_media":0,"comment_status":"open","ping_status":"open","sticky":false,"template":"","format":"standard","meta":{"footnotes":""},"categories":[9],"tags":[2986,1307,95,3117,3072,3116],"class_list":["post-5523","post","type-post","status-publish","format-standard","hentry","category-lance-de-dados","tag-etica","tag-gianni-tirelli","tag-mario-s-mieli","tag-principios-eticos","tag-sistema","tag-sistema-liberal"],"_links":{"self":[{"href":"https:\/\/imediata.org\/index.php?rest_route=\/wp\/v2\/posts\/5523","targetHints":{"allow":["GET"]}}],"collection":[{"href":"https:\/\/imediata.org\/index.php?rest_route=\/wp\/v2\/posts"}],"about":[{"href":"https:\/\/imediata.org\/index.php?rest_route=\/wp\/v2\/types\/post"}],"author":[{"embeddable":true,"href":"https:\/\/imediata.org\/index.php?rest_route=\/wp\/v2\/users\/1"}],"replies":[{"embeddable":true,"href":"https:\/\/imediata.org\/index.php?rest_route=%2Fwp%2Fv2%2Fcomments&post=5523"}],"version-history":[{"count":1,"href":"https:\/\/imediata.org\/index.php?rest_route=\/wp\/v2\/posts\/5523\/revisions"}],"predecessor-version":[{"id":5527,"href":"https:\/\/imediata.org\/index.php?rest_route=\/wp\/v2\/posts\/5523\/revisions\/5527"}],"wp:attachment":[{"href":"https:\/\/imediata.org\/index.php?rest_route=%2Fwp%2Fv2%2Fmedia&parent=5523"}],"wp:term":[{"taxonomy":"category","embeddable":true,"href":"https:\/\/imediata.org\/index.php?rest_route=%2Fwp%2Fv2%2Fcategories&post=5523"},{"taxonomy":"post_tag","embeddable":true,"href":"https:\/\/imediata.org\/index.php?rest_route=%2Fwp%2Fv2%2Ftags&post=5523"}],"curies":[{"name":"wp","href":"https:\/\/api.w.org\/{rel}","templated":true}]}}