{"id":5513,"date":"2017-08-08T12:56:20","date_gmt":"2017-08-08T12:56:20","guid":{"rendered":"http:\/\/imediata.org\/?p=5513"},"modified":"2017-08-08T12:56:20","modified_gmt":"2017-08-08T12:56:20","slug":"elogio-de-maduro-e-do-patriotismo-anti-eua-por-diego-fusaro","status":"publish","type":"post","link":"https:\/\/imediata.org\/?p=5513","title":{"rendered":"Elogio de Maduro e do patriotismo anti-EUA, por Diego Fusaro"},"content":{"rendered":"<p><a href=\"http:\/\/imediata.org\/wp-content\/uploads\/2017\/08\/latinoamerica.jpg\"><img loading=\"lazy\" decoding=\"async\" src=\"http:\/\/imediata.org\/wp-content\/uploads\/2017\/08\/latinoamerica-300x225.jpg\" alt=\"latinoamerica\" width=\"300\" height=\"225\" class=\"aligncenter size-medium wp-image-5514\" srcset=\"https:\/\/imediata.org\/wp-content\/uploads\/2017\/08\/latinoamerica-300x225.jpg 300w, https:\/\/imediata.org\/wp-content\/uploads\/2017\/08\/latinoamerica-73x55.jpg 73w, https:\/\/imediata.org\/wp-content\/uploads\/2017\/08\/latinoamerica-60x45.jpg 60w, https:\/\/imediata.org\/wp-content\/uploads\/2017\/08\/latinoamerica.jpg 590w\" sizes=\"auto, (max-width: 300px) 100vw, 300px\" \/><\/a><\/p>\n<p><strong>Elogio de Maduro e do patriotismo anti-EUA<\/p>\n<p>Por Diego Fusaro<\/p>\n<p>Tradu\u00e7\u00e3o: Mario S. Mieli<\/p>\n<p>Fonte: <a href=\"http:\/\/www.ilfattoquotidiano.it\/2017\/08\/01\/venezuela-elogio-di-maduro-e-del-patriottismo-anti-usa\/3769460\/\">http:\/\/www.ilfattoquotidiano.it\/2017\/08\/01\/venezuela-elogio-di-maduro-e-del-patriottismo-anti-usa\/3769460\/<\/a><\/p>\n<p><a href=\"http:\/\/imediata.org\/wp-content\/uploads\/2017\/08\/maduro-675.jpg\"><img loading=\"lazy\" decoding=\"async\" src=\"http:\/\/imediata.org\/wp-content\/uploads\/2017\/08\/maduro-675-300x122.jpg\" alt=\"maduro-675\" width=\"300\" height=\"122\" class=\"aligncenter size-medium wp-image-5515\" srcset=\"https:\/\/imediata.org\/wp-content\/uploads\/2017\/08\/maduro-675-300x122.jpg 300w, https:\/\/imediata.org\/wp-content\/uploads\/2017\/08\/maduro-675-135x55.jpg 135w, https:\/\/imediata.org\/wp-content\/uploads\/2017\/08\/maduro-675.jpg 675w\" sizes=\"auto, (max-width: 300px) 100vw, 300px\" \/><\/a><\/p>\n<p>Agora estamos acostumados. \u00c9 uma hist\u00f3ria cuja dura\u00e7\u00e3o \u00e9 igualada apenas pela mis\u00e9ria. Um roteiro que, em retrospectiva, repete-se sempre igual a si mesmo. \u00c9 a triste hist\u00f3ria de como, ainda mais depois de 1989, a monarquia do d\u00f3lar \u2013 o novo Leviat\u00e3 atl\u00e2ntico \u2013 deslegitima, desestabiliza, difama, derruba e at\u00e9 mesmo bombardeia todos os governos e povos n\u00e3o-alinhadas cadavericamente com o consenso de Washington e a nova ordem mundial ultra classista.<\/p>\n<p>Para fazer isso, recorre ao poder soft das revolu\u00e7\u00f5es coloridas ou ao poder duro do imperialismo \u00e9tico propriamente dito (bombas humanit\u00e1rias, m\u00edsseis democr\u00e1ticos, granadas inteligentes, minas pac\u00edficas, etc.). Para fazer isso, mais uma vez, doma as opini\u00f5es p\u00fablicas gra\u00e7as ao trabalho diligente do clero jornal\u00edstico, cuja simb\u00f3lica &#8220;miss\u00e3o especial&#8221; \u00e9 a glorifica\u00e7\u00e3o eterna da miss\u00e3o especial neocolonialista da talassocracia de estrelas e listras. Para que as massas manipuladas estejam sempre prontas para jubilar em face de golpes de Estado, massacres humanit\u00e1rios, bombardeios implac\u00e1veis: atrav\u00e9s da midiatiza\u00e7\u00e3o do real da &#8220;logotomiza\u00e7\u00e3o&#8221; das massas defraudadas do logos como capacidade do livre pensar raciocinante, esses crimes s\u00e3o recebidos com alegria e como os criminosos s\u00e3o condenados ao ostracismo os que resistem. Os opressores s\u00e3o amados, e os advers\u00e1rios s\u00e3o os oprimidos.<\/p>\n<p>O que est\u00e1 acontecendo na Venezuela de Maduro, um dos heroicos Estados de socialismo patri\u00f3tico que constelam a Am\u00e9rica Latina, da Cuba do falecido Fidel Morales \u00e0 Bol\u00edvia do heroico Morales. A monarquia do d\u00f3lar p\u00f4s em cena sua pat\u00e9tica com\u00e9dia destinada a deslegitimar a Venezuela para, em seguida, poder atac\u00e1-la militarmente. A temporada de chavismo tamb\u00e9m pode ser lida sob essa luz: um governo socialista submetido \u00e0s tentativas vis e sempre repetidas de desestabiliza\u00e7\u00e3o, sob a for\u00e7a do d\u00f3lar.<\/p>\n<p>A It\u00e1lia, de col\u00f4nia do Imp\u00e9rio, como sempre, com um \u00edmpeto de apoio servil, posta a servi\u00e7o dos EUA: &#8220;Na Venezuela h\u00e1 uma situa\u00e7\u00e3o que beira a guerra civil e um regime ditatorial. Uma realidade que n\u00e3o reconheceremos: n\u00e3o reconheceremos a Assembleia Constituinte desejada por Maduro.&#8221; Palavra de Paolo Gentiloni (31.7.2017). Em nome de um pluriverso multipolar, resistente \u00e0 sombria l\u00f3gica da globaliza\u00e7\u00e3o listas-e-estrelas, \u00e9 correto apoiar os Estados que resistem e que mant\u00eam vivo o sentido da resist\u00eancia e da luta contra os crimes do imperialismo made in USA. Nas palavras de Che Guevara: &#8220;P\u00e1tria ou Morte&#8221;.<\/strong><\/p>\n<p><a href=\"http:\/\/imediata.org\/wp-content\/uploads\/2017\/08\/tio-sam.jpg\"><img loading=\"lazy\" decoding=\"async\" src=\"http:\/\/imediata.org\/wp-content\/uploads\/2017\/08\/tio-sam-300x211.jpg\" alt=\"tio-sam\" width=\"300\" height=\"211\" class=\"aligncenter size-medium wp-image-5516\" srcset=\"https:\/\/imediata.org\/wp-content\/uploads\/2017\/08\/tio-sam-300x211.jpg 300w, https:\/\/imediata.org\/wp-content\/uploads\/2017\/08\/tio-sam-228x160.jpg 228w, https:\/\/imediata.org\/wp-content\/uploads\/2017\/08\/tio-sam-78x55.jpg 78w, https:\/\/imediata.org\/wp-content\/uploads\/2017\/08\/tio-sam.jpg 400w\" sizes=\"auto, (max-width: 300px) 100vw, 300px\" \/><\/a><\/p>\n","protected":false},"excerpt":{"rendered":"<p>Elogio de Maduro e do patriotismo anti-EUA Por Diego Fusaro Tradu\u00e7\u00e3o: Mario S. Mieli Fonte: http:\/\/www.ilfattoquotidiano.it\/2017\/08\/01\/venezuela-elogio-di-maduro-e-del-patriottismo-anti-usa\/3769460\/ Agora estamos acostumados. \u00c9 uma hist\u00f3ria cuja dura\u00e7\u00e3o \u00e9 igualada apenas pela mis\u00e9ria. Um roteiro que, em retrospectiva, repete-se sempre igual a si mesmo. \u00c9 a triste hist\u00f3ria de como, ainda mais depois de 1989, a monarquia do d\u00f3lar [&hellip;]<\/p>\n","protected":false},"author":1,"featured_media":0,"comment_status":"open","ping_status":"open","sticky":false,"template":"","format":"standard","meta":{"footnotes":""},"categories":[9],"tags":[2880,809,452,1144,76,3109,95,3111,3110,28,472],"class_list":["post-5513","post","type-post","status-publish","format-standard","hentry","category-lance-de-dados","tag-diego-fusaro","tag-evo-morales","tag-hugo-chavez","tag-imperialismo","tag-imperio","tag-maduro","tag-mario-s-mieli","tag-midia-hegemonica","tag-patriotismo","tag-petroleo","tag-venezuela"],"_links":{"self":[{"href":"https:\/\/imediata.org\/index.php?rest_route=\/wp\/v2\/posts\/5513","targetHints":{"allow":["GET"]}}],"collection":[{"href":"https:\/\/imediata.org\/index.php?rest_route=\/wp\/v2\/posts"}],"about":[{"href":"https:\/\/imediata.org\/index.php?rest_route=\/wp\/v2\/types\/post"}],"author":[{"embeddable":true,"href":"https:\/\/imediata.org\/index.php?rest_route=\/wp\/v2\/users\/1"}],"replies":[{"embeddable":true,"href":"https:\/\/imediata.org\/index.php?rest_route=%2Fwp%2Fv2%2Fcomments&post=5513"}],"version-history":[{"count":1,"href":"https:\/\/imediata.org\/index.php?rest_route=\/wp\/v2\/posts\/5513\/revisions"}],"predecessor-version":[{"id":5517,"href":"https:\/\/imediata.org\/index.php?rest_route=\/wp\/v2\/posts\/5513\/revisions\/5517"}],"wp:attachment":[{"href":"https:\/\/imediata.org\/index.php?rest_route=%2Fwp%2Fv2%2Fmedia&parent=5513"}],"wp:term":[{"taxonomy":"category","embeddable":true,"href":"https:\/\/imediata.org\/index.php?rest_route=%2Fwp%2Fv2%2Fcategories&post=5513"},{"taxonomy":"post_tag","embeddable":true,"href":"https:\/\/imediata.org\/index.php?rest_route=%2Fwp%2Fv2%2Ftags&post=5513"}],"curies":[{"name":"wp","href":"https:\/\/api.w.org\/{rel}","templated":true}]}}