{"id":5471,"date":"2017-05-03T19:46:26","date_gmt":"2017-05-03T19:46:26","guid":{"rendered":"http:\/\/imediata.org\/?p=5471"},"modified":"2017-05-03T19:47:46","modified_gmt":"2017-05-03T19:47:46","slug":"arregacando-as-mangas-9-ii-feira-nacional-da-reforma-agraria-agua-branca-sp","status":"publish","type":"post","link":"https:\/\/imediata.org\/?p=5471","title":{"rendered":"Arrega\u00e7ando as Mangas 9 &#8211; II Feira Nacional da Reforma Agr\u00e1ria &#8211; \u00c1gua Branca &#8211; SP"},"content":{"rendered":"<p><a href=\"http:\/\/imediata.org\/wp-content\/uploads\/2017\/05\/girlanda-central.png\"><img loading=\"lazy\" decoding=\"async\" src=\"http:\/\/imediata.org\/wp-content\/uploads\/2017\/05\/girlanda-central-300x295.png\" alt=\"girlanda-central\" width=\"300\" height=\"295\" class=\"aligncenter size-medium wp-image-5472\" srcset=\"https:\/\/imediata.org\/wp-content\/uploads\/2017\/05\/girlanda-central-300x295.png 300w, https:\/\/imediata.org\/wp-content\/uploads\/2017\/05\/girlanda-central-55x55.png 55w, https:\/\/imediata.org\/wp-content\/uploads\/2017\/05\/girlanda-central.png 600w\" sizes=\"auto, (max-width: 300px) 100vw, 300px\" \/><\/a><\/p>\n<p><strong>Vem a\u00ed a II Feira Nacional da Reforma Agr\u00e1ria! <\/strong><\/p>\n<p><iframe loading=\"lazy\" width=\"560\" height=\"315\" src=\"https:\/\/www.youtube.com\/embed\/IigYTFS9FeE\" frameborder=\"0\" allowfullscreen><\/iframe><\/p>\n<p><strong>Companheirada, \u00e9 com imensa alegria que convocamos toda a nossa milit\u00e2ncia para participar da II Feira Nacional da Reforma Agr\u00e1ria que ocorrer\u00e1 no Parque da \u00c1gua Branca em S\u00e3o Paulo, entre os dias 04 e 07 de maio. Assim como nos afirma D\u00e9bora Nunes, \u201cas feiras s\u00e3o resultado de um processo organizativo do MST e um tra\u00e7o muito forte da cultura do nosso povo\u201d, avante!<\/p>\n<p>Prepara\u00e7\u00e3o para a II Feira Nacional da Reforma Agr\u00e1ria<\/strong><\/p>\n<p><iframe loading=\"lazy\" width=\"560\" height=\"315\" src=\"https:\/\/www.youtube.com\/embed\/aSs97eK0ius\" frameborder=\"0\" allowfullscreen><\/iframe><\/p>\n<p><strong><br \/>\nA prepara\u00e7\u00e3o da produ\u00e7\u00e3o para a II Feira Nacional da Reforma Agr\u00e1ria est\u00e1 a todo vapor no Assentamento Dom Tom\u00e1s Baldu\u00edno, em S\u00e3o Paulo. Segundo Jorge, assentado, as feiras s\u00e3o sempre um espa\u00e7o muito importante, &#8220;a grande m\u00eddia n\u00e3o mostra como que \u00e9, de verdade, o que acontece nos assentamentos. E \u00e9 muito bom que as pessoas da cidade vejam esse trabalho porque elas precisam saber como a gente trabalha&#8221;. #vemprafeira<\/strong><\/p>\n<p><a href=\"http:\/\/imediata.org\/wp-content\/uploads\/2017\/05\/conferencia.jpg\"><img loading=\"lazy\" decoding=\"async\" src=\"http:\/\/imediata.org\/wp-content\/uploads\/2017\/05\/conferencia-300x300.jpg\" alt=\"conferencia\" width=\"300\" height=\"300\" class=\"aligncenter size-medium wp-image-5473\" srcset=\"https:\/\/imediata.org\/wp-content\/uploads\/2017\/05\/conferencia-300x300.jpg 300w, https:\/\/imediata.org\/wp-content\/uploads\/2017\/05\/conferencia-55x55.jpg 55w, https:\/\/imediata.org\/wp-content\/uploads\/2017\/05\/conferencia.jpg 800w\" sizes=\"auto, (max-width: 300px) 100vw, 300px\" \/><\/a><\/p>\n","protected":false},"excerpt":{"rendered":"<p>Vem a\u00ed a II Feira Nacional da Reforma Agr\u00e1ria! Companheirada, \u00e9 com imensa alegria que convocamos toda a nossa milit\u00e2ncia para participar da II Feira Nacional da Reforma Agr\u00e1ria que ocorrer\u00e1 no Parque da \u00c1gua Branca em S\u00e3o Paulo, entre os dias 04 e 07 de maio. Assim como nos afirma D\u00e9bora Nunes, \u201cas feiras [&hellip;]<\/p>\n","protected":false},"author":1,"featured_media":0,"comment_status":"open","ping_status":"open","sticky":false,"template":"","format":"standard","meta":{"footnotes":""},"categories":[2182,5],"tags":[3083,3085,292,3086,3084],"class_list":["post-5471","post","type-post","status-publish","format-standard","hentry","category-arregacando-as-mangas","category-biodiversidade-imediata","tag-vemprafeira","tag-ii-feira-da-reforma-agraria","tag-mst","tag-parque-da-agua-branca","tag-reforma-agraria"],"_links":{"self":[{"href":"https:\/\/imediata.org\/index.php?rest_route=\/wp\/v2\/posts\/5471","targetHints":{"allow":["GET"]}}],"collection":[{"href":"https:\/\/imediata.org\/index.php?rest_route=\/wp\/v2\/posts"}],"about":[{"href":"https:\/\/imediata.org\/index.php?rest_route=\/wp\/v2\/types\/post"}],"author":[{"embeddable":true,"href":"https:\/\/imediata.org\/index.php?rest_route=\/wp\/v2\/users\/1"}],"replies":[{"embeddable":true,"href":"https:\/\/imediata.org\/index.php?rest_route=%2Fwp%2Fv2%2Fcomments&post=5471"}],"version-history":[{"count":2,"href":"https:\/\/imediata.org\/index.php?rest_route=\/wp\/v2\/posts\/5471\/revisions"}],"predecessor-version":[{"id":5475,"href":"https:\/\/imediata.org\/index.php?rest_route=\/wp\/v2\/posts\/5471\/revisions\/5475"}],"wp:attachment":[{"href":"https:\/\/imediata.org\/index.php?rest_route=%2Fwp%2Fv2%2Fmedia&parent=5471"}],"wp:term":[{"taxonomy":"category","embeddable":true,"href":"https:\/\/imediata.org\/index.php?rest_route=%2Fwp%2Fv2%2Fcategories&post=5471"},{"taxonomy":"post_tag","embeddable":true,"href":"https:\/\/imediata.org\/index.php?rest_route=%2Fwp%2Fv2%2Ftags&post=5471"}],"curies":[{"name":"wp","href":"https:\/\/api.w.org\/{rel}","templated":true}]}}