{"id":5467,"date":"2017-04-24T22:14:45","date_gmt":"2017-04-24T22:14:45","guid":{"rendered":"http:\/\/imediata.org\/?p=5467"},"modified":"2017-04-24T22:14:45","modified_gmt":"2017-04-24T22:14:45","slug":"demarcacao-ja","status":"publish","type":"post","link":"https:\/\/imediata.org\/?p=5467","title":{"rendered":"DEMARCA\u00c7\u00c3O J\u00c1 !!!"},"content":{"rendered":"<p><a href=\"http:\/\/imediata.org\/wp-content\/uploads\/2017\/04\/C9y5xdDWAAA-boT.jpg\"><img loading=\"lazy\" decoding=\"async\" src=\"http:\/\/imediata.org\/wp-content\/uploads\/2017\/04\/C9y5xdDWAAA-boT-237x300.jpg\" alt=\"C9y5xdDWAAA-boT\" width=\"237\" height=\"300\" class=\"aligncenter size-medium wp-image-5468\" srcset=\"https:\/\/imediata.org\/wp-content\/uploads\/2017\/04\/C9y5xdDWAAA-boT-237x300.jpg 237w, https:\/\/imediata.org\/wp-content\/uploads\/2017\/04\/C9y5xdDWAAA-boT-43x55.jpg 43w, https:\/\/imediata.org\/wp-content\/uploads\/2017\/04\/C9y5xdDWAAA-boT.jpg 245w\" sizes=\"auto, (max-width: 237px) 100vw, 237px\" \/><\/a><\/p>\n<p>Demarca\u00e7\u00e3o J\u00e1! <\/p>\n<p><iframe loading=\"lazy\" width=\"560\" height=\"315\" src=\"https:\/\/www.youtube.com\/embed\/wbMzdkaMsd0\" frameborder=\"0\" allowfullscreen><\/iframe><\/p>\n<p>Confira a m\u00fasica &#8220;Demarca\u00e7\u00e3o J\u00e1!&#8221;, uma homenagem de mais de 25 artistas aos povos ind\u00edgenas do Brasil. Pelo direito \u00e0 terra, pelo direito \u00e0 vida! #Demarca\u00e7\u00e3oJ\u00e1<\/p>\n<p>Letra: Carlos Renn\u00f3<br \/>\nM\u00fasica: Chico C\u00e9sar<br \/>\nDire\u00e7\u00e3o: Andr\u00e9 Vilela D&#8217;Elia<br \/>\nProdu\u00e7\u00e3o: Cinedelia<br \/>\nAssista tamb\u00e9m em: cinedelia.com<\/p>\n<p>Artistas:<br \/>\nNey Matogrosso<br \/>\nMaria Beth\u00e2nia<br \/>\nGilberto Gil<br \/>\nDjuena Tikuna<br \/>\nZeca Pagodinho<br \/>\nZeca Baleiro<br \/>\nArnaldo Antunes<br \/>\nNando Reis<br \/>\nLenine<br \/>\nElza Soares<br \/>\nLirinha &#8211; Jos\u00e9 Paes de Lira<br \/>\nLeticia Sabatella<br \/>\nJos\u00e9 Celso Martinez Corr\u00eaa<br \/>\nTet\u00ea Esp\u00edndola<br \/>\nEdgard Scandurra<br \/>\nZ\u00e9lia Duncan<br \/>\nJaques Morelenbaum<br \/>\nDona Onete<br \/>\nFelipe Cordeiro<br \/>\nCriolo<br \/>\nMarlui Miranda<br \/>\nBaianaSystem<br \/>\nMargareth Menezes<br \/>\nC\u00e9u<\/p>\n<p>Com participa\u00e7\u00e3o de:<br \/>\nEduardo Viveiros de Castro<br \/>\nAndr\u00e9 Vallias<br \/>\nAilton Krenak<\/p>\n","protected":false},"excerpt":{"rendered":"<p>Demarca\u00e7\u00e3o J\u00e1! Confira a m\u00fasica &#8220;Demarca\u00e7\u00e3o J\u00e1!&#8221;, uma homenagem de mais de 25 artistas aos povos ind\u00edgenas do Brasil. Pelo direito \u00e0 terra, pelo direito \u00e0 vida! #Demarca\u00e7\u00e3oJ\u00e1 Letra: Carlos Renn\u00f3 M\u00fasica: Chico C\u00e9sar Dire\u00e7\u00e3o: Andr\u00e9 Vilela D&#8217;Elia Produ\u00e7\u00e3o: Cinedelia Assista tamb\u00e9m em: cinedelia.com Artistas: Ney Matogrosso Maria Beth\u00e2nia Gilberto Gil Djuena Tikuna Zeca Pagodinho [&hellip;]<\/p>\n","protected":false},"author":1,"featured_media":0,"comment_status":"open","ping_status":"open","sticky":false,"template":"","format":"standard","meta":{"footnotes":""},"categories":[2182,9,86],"tags":[3081,3082],"class_list":["post-5467","post","type-post","status-publish","format-standard","hentry","category-arregacando-as-mangas","category-lance-de-dados","category-meio_ambiente","tag-demarcacao-ja","tag-mobilizacao-nacional-indigena"],"_links":{"self":[{"href":"https:\/\/imediata.org\/index.php?rest_route=\/wp\/v2\/posts\/5467","targetHints":{"allow":["GET"]}}],"collection":[{"href":"https:\/\/imediata.org\/index.php?rest_route=\/wp\/v2\/posts"}],"about":[{"href":"https:\/\/imediata.org\/index.php?rest_route=\/wp\/v2\/types\/post"}],"author":[{"embeddable":true,"href":"https:\/\/imediata.org\/index.php?rest_route=\/wp\/v2\/users\/1"}],"replies":[{"embeddable":true,"href":"https:\/\/imediata.org\/index.php?rest_route=%2Fwp%2Fv2%2Fcomments&post=5467"}],"version-history":[{"count":1,"href":"https:\/\/imediata.org\/index.php?rest_route=\/wp\/v2\/posts\/5467\/revisions"}],"predecessor-version":[{"id":5469,"href":"https:\/\/imediata.org\/index.php?rest_route=\/wp\/v2\/posts\/5467\/revisions\/5469"}],"wp:attachment":[{"href":"https:\/\/imediata.org\/index.php?rest_route=%2Fwp%2Fv2%2Fmedia&parent=5467"}],"wp:term":[{"taxonomy":"category","embeddable":true,"href":"https:\/\/imediata.org\/index.php?rest_route=%2Fwp%2Fv2%2Fcategories&post=5467"},{"taxonomy":"post_tag","embeddable":true,"href":"https:\/\/imediata.org\/index.php?rest_route=%2Fwp%2Fv2%2Ftags&post=5467"}],"curies":[{"name":"wp","href":"https:\/\/api.w.org\/{rel}","templated":true}]}}