{"id":5454,"date":"2017-03-11T00:04:54","date_gmt":"2017-03-11T00:04:54","guid":{"rendered":"http:\/\/imediata.org\/?p=5454"},"modified":"2017-03-11T00:04:54","modified_gmt":"2017-03-11T00:04:54","slug":"imundo-25-imigracao-ou-deportacao-de-massas-por-diego-fusaro","status":"publish","type":"post","link":"https:\/\/imediata.org\/?p=5454","title":{"rendered":">>iMundo 25: Imigra\u00e7\u00e3o ou Deporta\u00e7\u00e3o de Massas? Por Diego Fusaro"},"content":{"rendered":"<p><a href=\"http:\/\/imediata.org\/wp-content\/uploads\/2017\/03\/refugee-migrant-crisis.jpg\"><img loading=\"lazy\" decoding=\"async\" src=\"http:\/\/imediata.org\/wp-content\/uploads\/2017\/03\/refugee-migrant-crisis-287x300.jpg\" alt=\"refugee-migrant-crisis\" width=\"287\" height=\"300\" class=\"aligncenter size-medium wp-image-5455\" srcset=\"https:\/\/imediata.org\/wp-content\/uploads\/2017\/03\/refugee-migrant-crisis-287x300.jpg 287w, https:\/\/imediata.org\/wp-content\/uploads\/2017\/03\/refugee-migrant-crisis-52x55.jpg 52w, https:\/\/imediata.org\/wp-content\/uploads\/2017\/03\/refugee-migrant-crisis.jpg 560w\" sizes=\"auto, (max-width: 287px) 100vw, 287px\" \/><\/a><\/p>\n<p><strong><br \/>\nImigra\u00e7\u00e3o ou Deporta\u00e7\u00e3o de Massas para substituir o povo europeu? Por Diego Fusaro<\/p>\n<p>Tradu\u00e7\u00e3o: Mario S. Mieli<br \/>\n<\/strong><\/p>\n<p><iframe loading=\"lazy\" width=\"560\" height=\"315\" src=\"https:\/\/www.youtube.com\/embed\/q_rBoJ2fUDM\" frameborder=\"0\" allowfullscreen><\/iframe><\/p>\n<p><strong>O que \u00e9 a imigra\u00e7\u00e3o de massas \u00e0 qual estamos assistindo nesta fase hist\u00f3rica?<br \/>\nTr\u00eas coisas, fundamentalmente:<\/p>\n<p>Em primeiro lugar, beneficia o poder e os senhores da globaliza\u00e7\u00e3o capital\u00edstica, porque garante um abaixamento dos custos da m\u00e3o-de-obra.  Se o imigrante faz por 5 euros a hora o que o italiano faz por 10, \u00e9 evidente que constringir\u00e1 o italiano a fazer tamb\u00e9m por 5 o que antes fazia por 10. Marx diria \u201co ex\u00e9rcito industrial de reserva nas m\u00e3os do capitalismo, na luta de classes\u201d.<\/p>\n<p>Em segundo lugar, a imigra\u00e7\u00e3o faz com que o conflito permane\u00e7a na horizontalidade do conflito entre servos, entre desempregados italianos e desempregados imigrantes, e que nunca suba para o alto, ou seja, em dire\u00e7\u00e3o aos \u201csenhores\u201d mesmos da globaliza\u00e7\u00e3o e das finan\u00e7as.<\/p>\n<p>Em terceiro lugar, a imigra\u00e7\u00e3o como deporta\u00e7\u00e3o de massas de hoje em dia serve para impor um novo perfil antropologico. Aquele do \u201chomo migrans\u201d, do DES-empregado. Imigrantes, exatamente como nossos jovens, s\u00e3o prec\u00e1rios, n\u00e3o t\u00eam um lugar fixo. S\u00e3o for\u00e7ados a serem deslocalizados e deslocados, conforme os fluxos do capital e seus movimentos desenraizadores. <\/p>\n<p>\u00c9 nesse sentido que podemos dizer que a imigra\u00e7\u00e3o de massas \u00e9 hoje uma deporta\u00e7\u00e3o de massas. E permitam-me dizer que o inimigo n\u00e3o \u00e9 o migrante. Pelo contr\u00e1rio, ele \u00e9 um amigo com o qual devemos procurar estreitar rela\u00e7\u00f5es de solidariedade conflituais contra o poder. O inimigo n\u00e3o \u00e9 quem escapa, mas quem obriga a fugir. O inimigo n\u00e3o \u00e9 quem est\u00e1 desesperado, mas quem lan\u00e7a ao desespero as pessoas.<br \/>\n<\/strong><\/p>\n<p><a href=\"http:\/\/imediata.org\/wp-content\/uploads\/2017\/03\/This-is-why-theyre-not-migrants.jpg\"><img loading=\"lazy\" decoding=\"async\" src=\"http:\/\/imediata.org\/wp-content\/uploads\/2017\/03\/This-is-why-theyre-not-migrants-300x300.jpg\" alt=\"This-is-why-theyre-not-migrants\" width=\"300\" height=\"300\" class=\"aligncenter size-medium wp-image-5456\" srcset=\"https:\/\/imediata.org\/wp-content\/uploads\/2017\/03\/This-is-why-theyre-not-migrants-300x300.jpg 300w, https:\/\/imediata.org\/wp-content\/uploads\/2017\/03\/This-is-why-theyre-not-migrants-55x55.jpg 55w, https:\/\/imediata.org\/wp-content\/uploads\/2017\/03\/This-is-why-theyre-not-migrants.jpg 700w\" sizes=\"auto, (max-width: 300px) 100vw, 300px\" \/><\/a><\/p>\n","protected":false},"excerpt":{"rendered":"<p>Imigra\u00e7\u00e3o ou Deporta\u00e7\u00e3o de Massas para substituir o povo europeu? Por Diego Fusaro Tradu\u00e7\u00e3o: Mario S. Mieli O que \u00e9 a imigra\u00e7\u00e3o de massas \u00e0 qual estamos assistindo nesta fase hist\u00f3rica? Tr\u00eas coisas, fundamentalmente: Em primeiro lugar, beneficia o poder e os senhores da globaliza\u00e7\u00e3o capital\u00edstica, porque garante um abaixamento dos custos da m\u00e3o-de-obra. Se [&hellip;]<\/p>\n","protected":false},"author":1,"featured_media":0,"comment_status":"open","ping_status":"open","sticky":false,"template":"","format":"standard","meta":{"footnotes":""},"categories":[2256,9],"tags":[3077,3075,2880,30,13,3076,3074,95,3078],"class_list":["post-5454","post","type-post","status-publish","format-standard","hentry","category-imundo","category-lance-de-dados","tag-capitalismo-financeiro-especulativo-internacional","tag-deportacao-de-massas","tag-diego-fusaro","tag-globalizacao","tag-imigracao","tag-imigracao-a-europa","tag-imigracao-de-massas","tag-mario-s-mieli","tag-servidao"],"_links":{"self":[{"href":"https:\/\/imediata.org\/index.php?rest_route=\/wp\/v2\/posts\/5454","targetHints":{"allow":["GET"]}}],"collection":[{"href":"https:\/\/imediata.org\/index.php?rest_route=\/wp\/v2\/posts"}],"about":[{"href":"https:\/\/imediata.org\/index.php?rest_route=\/wp\/v2\/types\/post"}],"author":[{"embeddable":true,"href":"https:\/\/imediata.org\/index.php?rest_route=\/wp\/v2\/users\/1"}],"replies":[{"embeddable":true,"href":"https:\/\/imediata.org\/index.php?rest_route=%2Fwp%2Fv2%2Fcomments&post=5454"}],"version-history":[{"count":1,"href":"https:\/\/imediata.org\/index.php?rest_route=\/wp\/v2\/posts\/5454\/revisions"}],"predecessor-version":[{"id":5457,"href":"https:\/\/imediata.org\/index.php?rest_route=\/wp\/v2\/posts\/5454\/revisions\/5457"}],"wp:attachment":[{"href":"https:\/\/imediata.org\/index.php?rest_route=%2Fwp%2Fv2%2Fmedia&parent=5454"}],"wp:term":[{"taxonomy":"category","embeddable":true,"href":"https:\/\/imediata.org\/index.php?rest_route=%2Fwp%2Fv2%2Fcategories&post=5454"},{"taxonomy":"post_tag","embeddable":true,"href":"https:\/\/imediata.org\/index.php?rest_route=%2Fwp%2Fv2%2Ftags&post=5454"}],"curies":[{"name":"wp","href":"https:\/\/api.w.org\/{rel}","templated":true}]}}