{"id":5405,"date":"2017-03-03T03:37:10","date_gmt":"2017-03-03T03:37:10","guid":{"rendered":"http:\/\/imediata.org\/?p=5405"},"modified":"2017-03-03T03:37:10","modified_gmt":"2017-03-03T03:37:10","slug":"poemario-vasculhado-18-so-respiracao-rumi","status":"publish","type":"post","link":"https:\/\/imediata.org\/?p=5405","title":{"rendered":">> PoeM\u00e1rio Vasculhado 18 &#8211; S\u00d3 RESPIRA\u00c7\u00c3O &#8211; RUMI"},"content":{"rendered":"<p><a href=\"http:\/\/imediata.org\/wp-content\/uploads\/2017\/03\/hqdefault.jpg\"><img loading=\"lazy\" decoding=\"async\" src=\"http:\/\/imediata.org\/wp-content\/uploads\/2017\/03\/hqdefault.jpg\" alt=\"hqdefault\" width=\"246\" height=\"138\" class=\"aligncenter size-full wp-image-5406\" srcset=\"https:\/\/imediata.org\/wp-content\/uploads\/2017\/03\/hqdefault.jpg 246w, https:\/\/imediata.org\/wp-content\/uploads\/2017\/03\/hqdefault-98x55.jpg 98w\" sizes=\"auto, (max-width: 246px) 100vw, 246px\" \/><\/a><\/p>\n<p>Poetry by RUMI &#8212; Only Breath<\/p>\n<p><iframe loading=\"lazy\" width=\"560\" height=\"315\" src=\"https:\/\/www.youtube.com\/embed\/IZqAnIp5dMQ\" frameborder=\"0\" allowfullscreen><\/iframe><\/p>\n<p><strong>S\u00d3 RESPIRA\u00c7\u00c3O \u2013 Rumi<\/p>\n<p>Tradu\u00e7\u00e3o da vers\u00e3o em ingl\u00eas de Coleman Barks: Mario S. Mieli<\/p>\n<p>N\u00e3o crist\u00e3o ou judeu ou mu\u00e7ulmano. N\u00e3o hindu,<br \/>\nbudista, sufi ou zen. Nenhuma religi\u00e3o <\/p>\n<p>ou sistema cultural. N\u00e3o sou do Oriente<br \/>\nou do Ocidente. N\u00e3o sa\u00ed do oceano nem <\/p>\n<p>brotei da terra. N\u00e3o sou natural ou et\u00e9reo. N\u00e3o<br \/>\nsou composto de elementos de forma alguma. N\u00e3o existo,<\/p>\n<p>n\u00e3o sou uma entidade neste mundo ou no outro,<br \/>\nn\u00e3o descendi de Ad\u00e3o e Eva ou de qualquer <\/p>\n<p>hist\u00f3ria da cria\u00e7\u00e3o. O meu lugar \u00e9 o sem lugar, um tra\u00e7o<br \/>\ndo sem tra\u00e7os. Nem corpo ou alma.<\/p>\n<p>Eu perten\u00e7o ao amado, j\u00e1 vi os dois<br \/>\nmundos como um e que chamamos e conhecemos,<\/p>\n<p>primeiro, \u00faltimo, exterior, interior,  s\u00f3 essa<br \/>\nrespira\u00e7\u00e3o respirando ser humano.<\/strong><\/p>\n","protected":false},"excerpt":{"rendered":"<p>Poetry by RUMI &#8212; Only Breath S\u00d3 RESPIRA\u00c7\u00c3O \u2013 Rumi Tradu\u00e7\u00e3o da vers\u00e3o em ingl\u00eas de Coleman Barks: Mario S. Mieli N\u00e3o crist\u00e3o ou judeu ou mu\u00e7ulmano. N\u00e3o hindu, budista, sufi ou zen. Nenhuma religi\u00e3o ou sistema cultural. N\u00e3o sou do Oriente ou do Ocidente. N\u00e3o sa\u00ed do oceano nem brotei da terra. N\u00e3o sou [&hellip;]<\/p>\n","protected":false},"author":1,"featured_media":0,"comment_status":"open","ping_status":"open","sticky":false,"template":"","format":"standard","meta":{"footnotes":""},"categories":[97],"tags":[95,556,3037],"class_list":["post-5405","post","type-post","status-publish","format-standard","hentry","category-poemario-vasculhado","tag-mario-s-mieli","tag-rumi","tag-so-respiracao"],"_links":{"self":[{"href":"https:\/\/imediata.org\/index.php?rest_route=\/wp\/v2\/posts\/5405","targetHints":{"allow":["GET"]}}],"collection":[{"href":"https:\/\/imediata.org\/index.php?rest_route=\/wp\/v2\/posts"}],"about":[{"href":"https:\/\/imediata.org\/index.php?rest_route=\/wp\/v2\/types\/post"}],"author":[{"embeddable":true,"href":"https:\/\/imediata.org\/index.php?rest_route=\/wp\/v2\/users\/1"}],"replies":[{"embeddable":true,"href":"https:\/\/imediata.org\/index.php?rest_route=%2Fwp%2Fv2%2Fcomments&post=5405"}],"version-history":[{"count":1,"href":"https:\/\/imediata.org\/index.php?rest_route=\/wp\/v2\/posts\/5405\/revisions"}],"predecessor-version":[{"id":5407,"href":"https:\/\/imediata.org\/index.php?rest_route=\/wp\/v2\/posts\/5405\/revisions\/5407"}],"wp:attachment":[{"href":"https:\/\/imediata.org\/index.php?rest_route=%2Fwp%2Fv2%2Fmedia&parent=5405"}],"wp:term":[{"taxonomy":"category","embeddable":true,"href":"https:\/\/imediata.org\/index.php?rest_route=%2Fwp%2Fv2%2Fcategories&post=5405"},{"taxonomy":"post_tag","embeddable":true,"href":"https:\/\/imediata.org\/index.php?rest_route=%2Fwp%2Fv2%2Ftags&post=5405"}],"curies":[{"name":"wp","href":"https:\/\/api.w.org\/{rel}","templated":true}]}}