{"id":5368,"date":"2015-06-22T15:29:54","date_gmt":"2015-06-22T15:29:54","guid":{"rendered":"http:\/\/imediata.org\/?p=5368"},"modified":"2015-06-22T15:31:14","modified_gmt":"2015-06-22T15:31:14","slug":"arregacando-as-mangas-no-brasil-como-na-grecia-maria-lucia-fatorelli-explica-a-fraude-da-divida-publica","status":"publish","type":"post","link":"https:\/\/imediata.org\/?p=5368","title":{"rendered":">> Arrega\u00e7ando as mangas 8 &#8211; no Brasil como na Gr\u00e9cia, Maria L\u00facia Fatorelli  explica a fraude da D\u00edvida P\u00fablica"},"content":{"rendered":"<p><a href=\"http:\/\/imediata.org\/wp-content\/uploads\/2015\/06\/arton28831-aa509.jpg\"><img loading=\"lazy\" decoding=\"async\" src=\"http:\/\/imediata.org\/wp-content\/uploads\/2015\/06\/arton28831-aa509.jpg\" alt=\"arton28831-aa509\" width=\"250\" height=\"151\" class=\"aligncenter size-full wp-image-5370\" srcset=\"https:\/\/imediata.org\/wp-content\/uploads\/2015\/06\/arton28831-aa509.jpg 250w, https:\/\/imediata.org\/wp-content\/uploads\/2015\/06\/arton28831-aa509-91x55.jpg 91w\" sizes=\"auto, (max-width: 250px) 100vw, 250px\" \/><\/a><\/p>\n<p><strong>Como metade ou mais do dinheiro arrecadado pelos governos \u00e9 utilizada para pagar JUROS da D\u00edvida P\u00fablica!<\/p>\n<p>Site recomendado: <a href=\"http:\/\/www.auditoriacidada.org.br\/\">http:\/\/www.auditoriacidada.org.br\/<\/a><\/p>\n<p>Maria Lucia Fattorelli \u00e9 auditora fiscal e coordenadora da organiza\u00e7\u00e3o brasileira Auditoria Cidad\u00e3 da D\u00edvida. Foi membro da Comiss\u00e3o de Auditoria Integral da D\u00edvida P\u00fablica \u2013 CAIC no Equador em 2007-2008. Participou ativamente nos trabalhos da Comiss\u00e3o Parlamentar de Inqu\u00e9rito sobre a d\u00edvida realizada no Brasil. \u00c9 autora de Auditoria Da Divida Externa. Quest\u00e3o De Soberania (Contraponto Editora, 2003).<\/p>\n<p>Maria Lucia Fatorelli fala sobre a d\u00edvida brasileira?<\/p>\n<p><iframe loading=\"lazy\" width=\"420\" height=\"315\" src=\"https:\/\/www.youtube.com\/embed\/-tsFTdx2CAM\" frameborder=\"0\" allowfullscreen><\/iframe><br \/>\nDe toda a receita nacional, cerca de 44% &#8211; mais de R$ 600 bilh\u00f5es &#8211; foi usada para pagar a d\u00edvida p\u00fablica no ano de 2010.??Hoje, se somada a d\u00edvida externa com a d\u00edvida interna, a d\u00edvida p\u00fablica chega a 3R$ trilh\u00f5es.<\/p>\n<p>Maria Lucia Fattorelli discursa na abertura da Comiss\u00e3o de Auditoria da D\u00edvida Grega no Parlamento Hel\u00eanico, em 4\/4\/2015<br \/>\nFonte: <a href=\"http:\/\/redecastorphoto.blogspot.com\/2015\/06\/maria-lucia-fattorelli-discursa-na.html\">http:\/\/redecastorphoto.blogspot.com\/2015\/06\/maria-lucia-fattorelli-discursa-na.html<\/a><\/p>\n<p>Maria Lucia Fattorelli discursa na abertura da Comiss\u00e3o de Auditoria da D\u00edvida Grega<\/p>\n<p><iframe loading=\"lazy\" width=\"560\" height=\"315\" src=\"https:\/\/www.youtube.com\/embed\/LpY_U6TCWrU\" frameborder=\"0\" allowfullscreen><\/iframe><\/p>\n<p>Tradu\u00e7\u00e3o para o portugu\u00eas (Rafael Machado):<\/p>\n<p>Boa Tarde a todos!<br \/>\nPara mim, \u00e9 uma grande honra poder participar desse momento hist\u00f3rico. Agrade\u00e7o \u00e0 Presidenta do Parlamento Grego, Zoe Konstantopoulou, por me convidar para integrar a Comiss\u00e3o de Auditoria da D\u00edvida Grega.<\/p>\n<p>Minhas origens s\u00e3o populares. Venho da sociedade civil da Am\u00e9rica do Sul (Brasil), e por 15 anos coordeno o movimento pela Auditoria Cidad\u00e3 da D\u00edvida, lutando pela auditoria da d\u00edvida p\u00fablica do meu pa\u00eds: um dos pa\u00edses mais ricos (s\u00e9tima maior economia mundial), mas que tamb\u00e9m convive com desigualdade social das mais tristes. Nas \u00faltimas d\u00e9cadas, a principal respons\u00e1vel por isso tem sido a d\u00edvida; e \u00e9 por isso que temos que lutar por que a d\u00edvida seja auditada.<\/p>\n<p>Ent\u00e3o, em primeiro lugar, quero parabenizar o povo grego \u2013 nas pessoas de Zoe Konstantopoulou e Sofia Sakorafa \u2013, por estarmos aqui, come\u00e7ando esse trabalho. Hoje est\u00e1 sendo instalada uma Comiss\u00e3o para Auditoria da d\u00edvida p\u00fablica pelo Parlamento (que s\u00e3o representantes do povo), com o apoio declarado das principais autoridades do Poder Executivo, e com a participa\u00e7\u00e3o da sociedade civil local e internacional. Meus parab\u00e9ns!<\/p>\n<p>Ao longo desses 15 anos trabalhando em iniciativas cidad\u00e3s pela auditoria de d\u00edvidas p\u00fablicas, e tamb\u00e9m na iniciativa oficial no Equador e de uma Comiss\u00e3o Parlamentar de Inqu\u00e9rito em meu pa\u00eds, podemos concluir que a d\u00edvida do povo grego n\u00e3o \u00e9 caso isolado.<\/p>\n<p>Essa d\u00edvida faz parte de um sistema muito bem articulado que serve para transferir recursos p\u00fablicos ao setor financeiro. A isso chamamos de SISTEMA DA D\u00cdVIDA. <\/p>\n<p>Esse sistema opera ap\u00f3s a contra\u00e7\u00e3o de d\u00edvidas que n\u00e3o s\u00e3o seguidas, como quer acreditar o bom-senso comum, de qualquer entrada de dinheiro no pa\u00eds que se endivida. <\/p>\n<p>Na verdade, o SISTEMA DA D\u00cdVIDA opera mediante v\u00e1rios mecanismos financeiros, planos ou programas econ\u00f4micos e outras medidas impostas por organiza\u00e7\u00f5es financeiras internacionais.<\/p>\n<p>Ou seja, os pa\u00edses contraem d\u00edvidas, que contudo n\u00e3o se convertem em bens, servi\u00e7os ou benef\u00edcios p\u00fablicos, como contrapartida. <\/p>\n<p>Para piorar, tais d\u00edvidas crescem como consequ\u00eancia de custos excessivos, cl\u00e1usulas abusivas e refinanciamentos sucessivos \u2013 sem falar em outras estrat\u00e9gias que levam a uma acumula\u00e7\u00e3o cont\u00ednua e retroalimentada de novas d\u00edvidas. Em fun\u00e7\u00e3o disso, como contrapartida, torna-se necess\u00e1rio alocar repetidamente recursos or\u00e7ament\u00e1rio para pagar d\u00edvidas geradas por altas taxas de juros, comiss\u00f5es e demais custos. E apesar desses pagamentos, o estoque da d\u00edvida n\u00e3o para de crescer. <\/p>\n<p>Al\u00e9m do mais, tudo isso acontece num momento hist\u00f3rico em que est\u00e1 em curso a financeiriza\u00e7\u00e3o da economia, fato evidenciado pelo enorme poder do setor financeiro global, conforme acabou de dizer o ministro das Finan\u00e7as. <\/p>\n<p>Esse poder veio sendo constru\u00eddo pelo uso excessivo e inescrupuloso de instrumentos financeiros (derivativos, que equivalem a 11 vezes o PIB mundial, como tamb\u00e9m disse aqui, antes de mim, o ministro das Finan\u00e7as). Tais derivativos baseiam-se em uma diversidade de produtos financeiros: &#8220;ativos da d\u00edvida&#8221;, emiss\u00f5es de obriga\u00e7\u00f5es, moeda, e at\u00e9 mesmo os chamados &#8220;ativos t\u00f3xicos&#8221;.<\/p>\n<p>O ministro das Finan\u00e7as tamb\u00e9m mencionou os problemas decorrentes das transa\u00e7\u00f5es an\u00f4nimas. No caso da d\u00edvida p\u00fablica, algu\u00e9m sabe quem possui os documentos? Em outras palavras: para quem estamos pagando os juros?<\/p>\n<p>Os pap\u00e9is da d\u00edvida tornaram-se grande neg\u00f3cio para o setor financeiro privado. As complexas f\u00f3rmulas para dar-lhes sustentabilidade s\u00e3o estudadas por estudantes das melhores universidades de economia ao redor do mundo. Estudos t\u00e9cnicos t\u00e3o intensos, que impedem que alunos e professores reflitam sobre um elemento b\u00e1sico: que d\u00edvida \u00e9 essa?<\/p>\n<p>Assim chegamos a um ponto em que n\u00f3s, cidad\u00e3os comuns, pagamos por diferentes meios uma mesma d\u00edvida da qual n\u00e3o se conhece o respons\u00e1vel: pagamos a d\u00edvida, por exemplo, tamb\u00e9m, cada vez que nos s\u00e3o negados servi\u00e7os sociais que dever\u00edamos receber. E ningu\u00e9m jamais sabe de que d\u00edvida se trata. Claro que s\u00f3 discursos n\u00e3o bastam. Os cidad\u00e3os e os estados t\u00eam de agir. E a  ferramenta para documentar e provar as fraudes inerentes ao Sistema da D\u00edvida \u00e9 a Auditoria. <\/p>\n<p>A instala\u00e7\u00e3o dessa iniciativa, hoje, na Gr\u00e9cia, \u00e9 avan\u00e7o real para que se estabele\u00e7a a verdade e se d\u00ea conhecimento dela aos cidad\u00e3os, oferecendo as respostas aos questionamentos daqueles que pagam essa d\u00edvida com sacrif\u00edcio e, em diversos momentos, at\u00e9 com a pr\u00f3prias vidas, como o Sr. Christoulas (que cometeu suic\u00eddio h\u00e1 exatos tr\u00eas anos), e outros milhares de gregos e cidad\u00e3os em completo desespero, que morrem todos os dias, devido ao Sistema da D\u00edvida. <\/p>\n<p>\u00c9 por voc\u00eas que estamos aqui. Faremos nosso melhor para escrever um relat\u00f3rio que possa ser \u00fatil para o Governo e para o Parlamento, mas sobretudo para a Sociedade. Muito obrigada.<\/p>\n<p>Para ler em portugu\u00eas o Relat\u00f3rio Preliminar do Comit\u00ea da D\u00edvida Grega, aqui:<\/p>\n<p><a href=\"http:\/\/redecastorphoto.blogspot.com.br\/2015\/06\/relatorio-preliminar-do-comite-da.html\">http:\/\/redecastorphoto.blogspot.com.br\/2015\/06\/relatorio-preliminar-do-comite-da.html<\/a><\/p>\n<p>em ingl\u00eas:<\/p>\n<p>Greek Debt Committee Just Declared All Debt To The Troika &#8220;Illegal, Illegitimate, And Odious&#8221;, aqui:<\/p>\n<p><a href=\"http:\/\/www.zerohedge.com\/news\/2015-06-17\/greek-debt-committee-just-declared-all-debt-illegal-illegitimate-and-odious\">http:\/\/www.zerohedge.com\/news\/2015-06-17\/greek-debt-committee-just-declared-all-debt-illegal-illegitimate-and-odious<\/a><br \/>\n<\/strong><\/p>\n<p><a href=\"http:\/\/imediata.org\/wp-content\/uploads\/2015\/06\/bankders.jpg\"><img loading=\"lazy\" decoding=\"async\" src=\"http:\/\/imediata.org\/wp-content\/uploads\/2015\/06\/bankders.jpg\" alt=\"bankders\" width=\"750\" height=\"410\" class=\"aligncenter size-full wp-image-5371\" srcset=\"https:\/\/imediata.org\/wp-content\/uploads\/2015\/06\/bankders.jpg 750w, https:\/\/imediata.org\/wp-content\/uploads\/2015\/06\/bankders-300x164.jpg 300w, https:\/\/imediata.org\/wp-content\/uploads\/2015\/06\/bankders-100x55.jpg 100w\" sizes=\"auto, (max-width: 750px) 100vw, 750px\" \/><\/a><\/p>\n","protected":false},"excerpt":{"rendered":"<p>Como metade ou mais do dinheiro arrecadado pelos governos \u00e9 utilizada para pagar JUROS da D\u00edvida P\u00fablica! Site recomendado: http:\/\/www.auditoriacidada.org.br\/ Maria Lucia Fattorelli \u00e9 auditora fiscal e coordenadora da organiza\u00e7\u00e3o brasileira Auditoria Cidad\u00e3 da D\u00edvida. Foi membro da Comiss\u00e3o de Auditoria Integral da D\u00edvida P\u00fablica \u2013 CAIC no Equador em 2007-2008. Participou ativamente nos trabalhos [&hellip;]<\/p>\n","protected":false},"author":1,"featured_media":0,"comment_status":"open","ping_status":"open","sticky":false,"template":"","format":"standard","meta":{"footnotes":""},"categories":[2182,68,9],"tags":[3026,3025,969,1180,1136,69,3023,3018,3019,1422,561,3024,3022,3020,3021],"class_list":["post-5368","post","type-post","status-publish","format-standard","hentry","category-arregacando-as-mangas","category-dossie-queda-da-rua-do-muro","category-lance-de-dados","tag-auditoria-cidada","tag-auditoria-da-divida-publica","tag-bancos","tag-banksters","tag-brasil","tag-crise-financeira","tag-divida-ilegitima","tag-divida-publica-brasileira","tag-divida-publica-grega","tag-equador","tag-grecia","tag-ilegal-e-odiosa","tag-juros","tag-maria-lucia-fatorelli","tag-pagamento-dos-juros-da-divida"],"_links":{"self":[{"href":"https:\/\/imediata.org\/index.php?rest_route=\/wp\/v2\/posts\/5368","targetHints":{"allow":["GET"]}}],"collection":[{"href":"https:\/\/imediata.org\/index.php?rest_route=\/wp\/v2\/posts"}],"about":[{"href":"https:\/\/imediata.org\/index.php?rest_route=\/wp\/v2\/types\/post"}],"author":[{"embeddable":true,"href":"https:\/\/imediata.org\/index.php?rest_route=\/wp\/v2\/users\/1"}],"replies":[{"embeddable":true,"href":"https:\/\/imediata.org\/index.php?rest_route=%2Fwp%2Fv2%2Fcomments&post=5368"}],"version-history":[{"count":2,"href":"https:\/\/imediata.org\/index.php?rest_route=\/wp\/v2\/posts\/5368\/revisions"}],"predecessor-version":[{"id":5373,"href":"https:\/\/imediata.org\/index.php?rest_route=\/wp\/v2\/posts\/5368\/revisions\/5373"}],"wp:attachment":[{"href":"https:\/\/imediata.org\/index.php?rest_route=%2Fwp%2Fv2%2Fmedia&parent=5368"}],"wp:term":[{"taxonomy":"category","embeddable":true,"href":"https:\/\/imediata.org\/index.php?rest_route=%2Fwp%2Fv2%2Fcategories&post=5368"},{"taxonomy":"post_tag","embeddable":true,"href":"https:\/\/imediata.org\/index.php?rest_route=%2Fwp%2Fv2%2Ftags&post=5368"}],"curies":[{"name":"wp","href":"https:\/\/api.w.org\/{rel}","templated":true}]}}