{"id":5331,"date":"2015-06-18T23:15:41","date_gmt":"2015-06-18T23:15:41","guid":{"rendered":"http:\/\/imediata.org\/?p=5331"},"modified":"2015-06-18T23:38:06","modified_gmt":"2015-06-18T23:38:06","slug":"imundo23-bilderberg-encerrado-mais-um-convescote-dos-malevolos-cade-a-novica-rebelde","status":"publish","type":"post","link":"https:\/\/imediata.org\/?p=5331","title":{"rendered":">>iMundo23 -Bilderberg-encerrado mais um convescote dos mal\u00e9volos. Cad\u00ea a Novi\u00e7a Rebelde?"},"content":{"rendered":"<p><a href=\"http:\/\/imediata.org\/wp-content\/uploads\/2015\/06\/Contra-Nova-Ordem-Mundial-Against-New-World-Order-Novus-Ordo-Seclorum-Illuminati-Bilderberg-1984-290x300.jpg\"><img loading=\"lazy\" decoding=\"async\" src=\"http:\/\/imediata.org\/wp-content\/uploads\/2015\/06\/Contra-Nova-Ordem-Mundial-Against-New-World-Order-Novus-Ordo-Seclorum-Illuminati-Bilderberg-1984-290x300.jpg\" alt=\"Contra-Nova-Ordem-Mundial-Against-New-World-Order-Novus-Ordo-Seclorum-Illuminati-Bilderberg-1984-290x300\" width=\"290\" height=\"300\" class=\"aligncenter size-full wp-image-5333\" srcset=\"https:\/\/imediata.org\/wp-content\/uploads\/2015\/06\/Contra-Nova-Ordem-Mundial-Against-New-World-Order-Novus-Ordo-Seclorum-Illuminati-Bilderberg-1984-290x300.jpg 290w, https:\/\/imediata.org\/wp-content\/uploads\/2015\/06\/Contra-Nova-Ordem-Mundial-Against-New-World-Order-Novus-Ordo-Seclorum-Illuminati-Bilderberg-1984-290x300-53x55.jpg 53w\" sizes=\"auto, (max-width: 290px) 100vw, 290px\" \/><\/a><\/p>\n<p><strong>Dessa vez foi na \u00c1ustria, em Telfs-Buchen, a poucos quil\u00f4metros de Innsbruck, no \u00faltimo fim de semana (11 a 14 junho de 2015) que se encontraram OLIGARCAS e testas-de-ferro de OLIGARCAS para tra\u00e7ar os pauzinhos sobre como melhor manipular o mundo, tornando-o ainda mais iMundo&#8230;<br \/>\n<\/strong><br \/>\n<a href=\"http:\/\/imediata.org\/wp-content\/uploads\/2015\/06\/101590009.jpg\"><img loading=\"lazy\" decoding=\"async\" src=\"http:\/\/imediata.org\/wp-content\/uploads\/2015\/06\/101590009.jpg\" alt=\"101590009\" width=\"594\" height=\"423\" class=\"aligncenter size-full wp-image-5334\" srcset=\"https:\/\/imediata.org\/wp-content\/uploads\/2015\/06\/101590009.jpg 594w, https:\/\/imediata.org\/wp-content\/uploads\/2015\/06\/101590009-300x213.jpg 300w, https:\/\/imediata.org\/wp-content\/uploads\/2015\/06\/101590009-77x55.jpg 77w\" sizes=\"auto, (max-width: 594px) 100vw, 594px\" \/><\/a><\/p>\n<p><strong>Tudo em surdina, em segredo, sem dar um pio \u00e0s popula\u00e7\u00f5es que pagam, sem saber, pela organiza\u00e7\u00e3o desses eventos, nem \u00e0 m\u00eddia alternativa. Praticamente \u00e9 s\u00f3 a m\u00eddia alternativa que cobre os eventos. J\u00e1 que a M\u00c9RDICA M\u00cdDIA MAINSTREAM MUNDIAL, de propriedade de quem organiza e participa desses sab\u00e1s, \u00e9 a primeira a se calar e n\u00e3o cobrar nada da PAUTA MAL\u00c9VOLA desses convescotes&#8230;.<br \/>\nBelas exce\u00e7\u00f5es:<br \/>\no povo do WeAreChange&#8230;. Vejam como os membros do Bilderberg desse ano tamb\u00e9m fogem como baratas de suas c\u00e2maras<\/p>\n<p>Bilderberg members run out like cockroaches?<\/strong><br \/>\n<iframe loading=\"lazy\" width=\"560\" height=\"315\" src=\"https:\/\/www.youtube.com\/embed\/t_ukidXiJTg\" frameborder=\"0\" allowfullscreen><\/iframe><\/p>\n<p><strong>j\u00e1 este rep\u00f3rter alem\u00e3o, o Tilman Knechtel, conseguiu dar um aperto em Franco Bernab\u00e9, vice-presidente do Rothschild Europe e um dos membros do Bilderberg Steering Committee&#8230; na esta\u00e7\u00e3o de trem&#8230; consegue-se ver de relance a editora e \u00e2ncora da TV italiana, Lilli Gruber, outra partecipante do convescote.<\/p>\n<p>Rothschild Head Confronted At Bilderberg<\/strong><\/p>\n<p><iframe loading=\"lazy\" width=\"560\" height=\"315\" src=\"https:\/\/www.youtube.com\/embed\/hd2Ti9llMcg\" frameborder=\"0\" allowfullscreen><\/iframe><\/p>\n<p><strong>Para uma lista completa dos partecipantes de todos os convescotes desde 1993, aqui:<\/strong><br \/>\n<a href=\"http:\/\/www.nwo.it\/lista.html\">http:\/\/www.nwo.it\/lista.html<\/a><\/p>\n<p><strong>David Icke Videocast: Bilderberg 2015 &#8211; The Key Agenda<\/strong><br \/>\n<iframe loading=\"lazy\" width=\"560\" height=\"315\" src=\"https:\/\/www.youtube.com\/embed\/CshWbWHQg8I\" frameborder=\"0\" allowfullscreen><\/iframe><\/p>\n<p><a href=\"http:\/\/imediata.org\/wp-content\/uploads\/2015\/06\/Bilderberg-Group.jpg\"><img loading=\"lazy\" decoding=\"async\" src=\"http:\/\/imediata.org\/wp-content\/uploads\/2015\/06\/Bilderberg-Group.jpg\" alt=\"Bilderberg Group\" width=\"600\" height=\"338\" class=\"aligncenter size-full wp-image-5335\" srcset=\"https:\/\/imediata.org\/wp-content\/uploads\/2015\/06\/Bilderberg-Group.jpg 600w, https:\/\/imediata.org\/wp-content\/uploads\/2015\/06\/Bilderberg-Group-300x169.jpg 300w, https:\/\/imediata.org\/wp-content\/uploads\/2015\/06\/Bilderberg-Group-97x55.jpg 97w, https:\/\/imediata.org\/wp-content\/uploads\/2015\/06\/Bilderberg-Group-460x260.jpg 460w\" sizes=\"auto, (max-width: 600px) 100vw, 600px\" \/><\/a><\/p>\n<p><a href=\"http:\/\/imediata.org\/wp-content\/uploads\/2015\/06\/bilderberg.png\"><img loading=\"lazy\" decoding=\"async\" src=\"http:\/\/imediata.org\/wp-content\/uploads\/2015\/06\/bilderberg-300x168.png\" alt=\"bilderberg\" width=\"300\" height=\"168\" class=\"aligncenter size-medium wp-image-5336\" srcset=\"https:\/\/imediata.org\/wp-content\/uploads\/2015\/06\/bilderberg-300x168.png 300w, https:\/\/imediata.org\/wp-content\/uploads\/2015\/06\/bilderberg-1024x576.png 1024w, https:\/\/imediata.org\/wp-content\/uploads\/2015\/06\/bilderberg-97x55.png 97w, https:\/\/imediata.org\/wp-content\/uploads\/2015\/06\/bilderberg.png 1280w\" sizes=\"auto, (max-width: 300px) 100vw, 300px\" \/><\/a><\/p>\n<p><strong>S\u00f3 uma pergunta&#8230; e a fam\u00edlia Von Trapp&#8230; tamb\u00e9m partecipou?<br \/>\nA Novi\u00e7a Rebelde<\/strong><br \/>\n<iframe loading=\"lazy\" width=\"420\" height=\"315\" src=\"https:\/\/www.youtube.com\/embed\/4LVzx288N28\" frameborder=\"0\" allowfullscreen><\/iframe><\/p>\n","protected":false},"excerpt":{"rendered":"<p>Dessa vez foi na \u00c1ustria, em Telfs-Buchen, a poucos quil\u00f4metros de Innsbruck, no \u00faltimo fim de semana (11 a 14 junho de 2015) que se encontraram OLIGARCAS e testas-de-ferro de OLIGARCAS para tra\u00e7ar os pauzinhos sobre como melhor manipular o mundo, tornando-o ainda mais iMundo&#8230; Tudo em surdina, em segredo, sem dar um pio \u00e0s [&hellip;]<\/p>\n","protected":false},"author":1,"featured_media":0,"comment_status":"open","ping_status":"open","sticky":false,"template":"","format":"standard","meta":{"footnotes":""},"categories":[4,2256,9],"tags":[],"class_list":["post-5331","post","type-post","status-publish","format-standard","hentry","category-al-manakh","category-imundo","category-lance-de-dados"],"_links":{"self":[{"href":"https:\/\/imediata.org\/index.php?rest_route=\/wp\/v2\/posts\/5331","targetHints":{"allow":["GET"]}}],"collection":[{"href":"https:\/\/imediata.org\/index.php?rest_route=\/wp\/v2\/posts"}],"about":[{"href":"https:\/\/imediata.org\/index.php?rest_route=\/wp\/v2\/types\/post"}],"author":[{"embeddable":true,"href":"https:\/\/imediata.org\/index.php?rest_route=\/wp\/v2\/users\/1"}],"replies":[{"embeddable":true,"href":"https:\/\/imediata.org\/index.php?rest_route=%2Fwp%2Fv2%2Fcomments&post=5331"}],"version-history":[{"count":2,"href":"https:\/\/imediata.org\/index.php?rest_route=\/wp\/v2\/posts\/5331\/revisions"}],"predecessor-version":[{"id":5344,"href":"https:\/\/imediata.org\/index.php?rest_route=\/wp\/v2\/posts\/5331\/revisions\/5344"}],"wp:attachment":[{"href":"https:\/\/imediata.org\/index.php?rest_route=%2Fwp%2Fv2%2Fmedia&parent=5331"}],"wp:term":[{"taxonomy":"category","embeddable":true,"href":"https:\/\/imediata.org\/index.php?rest_route=%2Fwp%2Fv2%2Fcategories&post=5331"},{"taxonomy":"post_tag","embeddable":true,"href":"https:\/\/imediata.org\/index.php?rest_route=%2Fwp%2Fv2%2Ftags&post=5331"}],"curies":[{"name":"wp","href":"https:\/\/api.w.org\/{rel}","templated":true}]}}