{"id":5313,"date":"2014-12-01T01:07:13","date_gmt":"2014-12-01T01:07:13","guid":{"rendered":"http:\/\/imediata.org\/?p=5313"},"modified":"2015-04-20T02:14:38","modified_gmt":"2015-04-20T02:14:38","slug":"dronecracia-por-silvio-mieli","status":"publish","type":"post","link":"https:\/\/imediata.org\/?p=5313","title":{"rendered":">> Dronecracia, por S\u00edlvio Mieli"},"content":{"rendered":"<p><a href=\"http:\/\/imediata.org\/wp-content\/uploads\/2014\/12\/OBAMA-DRONES.png\"><img loading=\"lazy\" decoding=\"async\" src=\"http:\/\/imediata.org\/wp-content\/uploads\/2014\/12\/OBAMA-DRONES.png\" alt=\"OBAMA DRONES\" width=\"640\" height=\"425\" class=\"aligncenter size-full wp-image-5315\" srcset=\"https:\/\/imediata.org\/wp-content\/uploads\/2014\/12\/OBAMA-DRONES.png 640w, https:\/\/imediata.org\/wp-content\/uploads\/2014\/12\/OBAMA-DRONES-300x199.png 300w, https:\/\/imediata.org\/wp-content\/uploads\/2014\/12\/OBAMA-DRONES-82x55.png 82w\" sizes=\"auto, (max-width: 640px) 100vw, 640px\" \/><\/a><\/p>\n<p><strong>Dronecracia<\/p>\n<p>O papel dos drones como s\u00edmbolo da nossa rela\u00e7\u00e3o com o mundo j\u00e1 vinha sendo sugerida pelo soci\u00f3logo ingl\u00eas Benjamin Noys. Mas foi o antrop\u00f3logo Eduardo Viveiros de Castro, principalmente numa entrevista a Eliane Brum, quem definiu claramente como estamos nos tornando drones ao distanciar os efeitos das nossas a\u00e7\u00f5es de n\u00f3s mesmos<\/p>\n<p>Por: Silvio Mieli<br \/>\nFonte: <a href=\"http:\/\/www.brasildefato.com.br\/node\/30087\">Brasil de Fato 08\/10\/2014<\/a><\/p>\n<p><a href=\"http:\/\/imediata.org\/wp-content\/uploads\/2014\/12\/drone-2-Rdees.jpg\"><img loading=\"lazy\" decoding=\"async\" src=\"http:\/\/imediata.org\/wp-content\/uploads\/2014\/12\/drone-2-Rdees.jpg\" alt=\"drone-2-(R)dees\" width=\"320\" height=\"213\" class=\"aligncenter size-full wp-image-5316\" srcset=\"https:\/\/imediata.org\/wp-content\/uploads\/2014\/12\/drone-2-Rdees.jpg 320w, https:\/\/imediata.org\/wp-content\/uploads\/2014\/12\/drone-2-Rdees-300x199.jpg 300w, https:\/\/imediata.org\/wp-content\/uploads\/2014\/12\/drone-2-Rdees-82x55.jpg 82w\" sizes=\"auto, (max-width: 320px) 100vw, 320px\" \/><\/a><\/p>\n<p>SIM, ESTAMOS VIRANDO drones. Deixamos de arcar com as consequ\u00eancias dos nossos atos. E apesar da fes\u00adta democr\u00e1tica, da aura participativa e da sensa\u00e7\u00e3o c\u00edvica, o sinal eletr\u00f4nico das urnas concretiza uma atitude muito distante de a\u00e7\u00e3o pol\u00edtica direta.<\/p>\n<p> O papel dos drones como s\u00edmbolo da nossa rela\u00e7\u00e3o com o mundo j\u00e1 vinha sendo sugerida pelo soci\u00f3logo ingl\u00eas Benjamin Noys. Mas foi o antrop\u00f3logo Eduardo Viveiros de Castro, principalmente numa entrevista a Eliane Brum (<a href=\"http:\/\/bit.ly\/1r8O7Sc0\">http:\/\/bit.ly\/1r8O7Sc0<\/a>), quem definiu claramente como estamos nos tornando drones ao distanciar os efeitos das nossas a\u00e7\u00f5es de n\u00f3s mesmos. \u201cA pessoa est\u00e1 l\u00e1 nos Esta\u00addos Unidos apertando um bot\u00e3o num computador, aquilo vai l\u00e1 para o Paquist\u00e3o, joga uma bomba em cima de uma escola, e a pessoa que apertou o bot\u00e3o n\u00e3o est\u00e1 nem sa\u00adbendo o que est\u00e1 acontecendo. Ou seja, n\u00f3s estamos dis\u00adtantes. As consequ\u00eancias de nossas a\u00e7\u00f5es est\u00e3o cada vez mais separadas das nossas a\u00e7\u00f5es\u2026\u201d, diz Viveiros \u2014 que acabou de lan\u00e7ar o livro \u201cH\u00e1 mundo por vir?\u201d em parceria com sua esposa, a fil\u00f3sofa D\u00e9borah Danowski.<\/p>\n<p>Do ponto de vista antropol\u00f3gico, os \u00edndios sabem que matar para comer exige um certo comprometimento, al\u00e9m de ser perigoso e trazer consequ\u00eancias, enquanto quem compra comida no supermercado n\u00e3o quer nem saber das condi\u00e7\u00f5es dos matadouros e abatedouros. E o mesmo racioc\u00ednio vale para os demais embates com a rea\u00adlidade concreta, das cat\u00e1strofes ambientais \u00e0s elei\u00e7\u00f5es que ora acabamos de vivenciar. Aperto um bot\u00e3o e a res\u00adponsabilidade passa a ser deslocada para outra dimens\u00e3o.<\/p>\n<p>Essa \u201cdissocia\u00e7\u00e3o mental\u201d \u00e9 de fato cada vez mais evi\u00addente. Bruno Latour, um dos articuladores do recente col\u00f3quio \u201cOs Mil Nomes de Gaia\u201d (<a href=\"http:\/\/osmilnomes\u00addegaia.eco.br)\">http:\/\/osmilnomes\u00addegaia.eco.br)<\/a>, refor\u00e7ou essa quest\u00e3o ao dizer que \u00e9 pre\u00adciso criar instrumentos que nos sensibilizem e que nos levem a pensar, algo que ligue as \u201cestat\u00edsticas da ci\u00eancia\u201d ao que elas indicam. Vale lembrar que a palavra drone vem do ingl\u00eas arcaico e significa zang\u00e3o. \u00c9 o macho das abelhas que tem papel de reprodutor. Atrav\u00e9s de vis\u00e3o e olfato apurados protege a colmeia de outros insetos que possam amea\u00e7\u00e1-la. As abelhas s\u00e3o respons\u00e1veis pela po\u00adliniza\u00e7\u00e3o de 80% dos cultivos do planeta e sua extin\u00e7\u00e3o (causada pelas monoculturas, intensifica\u00e7\u00e3o do uso de agrot\u00f3xicos e as queimadas) pode significar o fim da vi\u00adda na Terra.<\/p>\n<p><\/strong><br \/>\n<a href=\"http:\/\/imediata.org\/wp-content\/uploads\/2014\/12\/dees-police-prison-mini-drones-surveillance-cameras1.jpg\"><img loading=\"lazy\" decoding=\"async\" src=\"http:\/\/imediata.org\/wp-content\/uploads\/2014\/12\/dees-police-prison-mini-drones-surveillance-cameras1.jpg\" alt=\"dees-police-prison-mini-drones-surveillance-cameras1\" width=\"549\" height=\"483\" class=\"aligncenter size-full wp-image-5317\" srcset=\"https:\/\/imediata.org\/wp-content\/uploads\/2014\/12\/dees-police-prison-mini-drones-surveillance-cameras1.jpg 549w, https:\/\/imediata.org\/wp-content\/uploads\/2014\/12\/dees-police-prison-mini-drones-surveillance-cameras1-300x263.jpg 300w, https:\/\/imediata.org\/wp-content\/uploads\/2014\/12\/dees-police-prison-mini-drones-surveillance-cameras1-62x55.jpg 62w\" sizes=\"auto, (max-width: 549px) 100vw, 549px\" \/><\/a><a href=\"http:\/\/imediata.org\/wp-content\/uploads\/2014\/12\/huffpost_drones.jpg\"><img loading=\"lazy\" decoding=\"async\" src=\"http:\/\/imediata.org\/wp-content\/uploads\/2014\/12\/huffpost_drones-300x220.jpg\" alt=\"huffpost_drones\" width=\"300\" height=\"220\" class=\"aligncenter size-medium wp-image-5318\" srcset=\"https:\/\/imediata.org\/wp-content\/uploads\/2014\/12\/huffpost_drones-300x220.jpg 300w, https:\/\/imediata.org\/wp-content\/uploads\/2014\/12\/huffpost_drones-74x55.jpg 74w, https:\/\/imediata.org\/wp-content\/uploads\/2014\/12\/huffpost_drones-135x98.jpg 135w, https:\/\/imediata.org\/wp-content\/uploads\/2014\/12\/huffpost_drones-60x45.jpg 60w, https:\/\/imediata.org\/wp-content\/uploads\/2014\/12\/huffpost_drones.jpg 1002w\" sizes=\"auto, (max-width: 300px) 100vw, 300px\" \/><\/a><\/p>\n","protected":false},"excerpt":{"rendered":"<p>Dronecracia O papel dos drones como s\u00edmbolo da nossa rela\u00e7\u00e3o com o mundo j\u00e1 vinha sendo sugerida pelo soci\u00f3logo ingl\u00eas Benjamin Noys. Mas foi o antrop\u00f3logo Eduardo Viveiros de Castro, principalmente numa entrevista a Eliane Brum, quem definiu claramente como estamos nos tornando drones ao distanciar os efeitos das nossas a\u00e7\u00f5es de n\u00f3s mesmos Por: [&hellip;]<\/p>\n","protected":false},"author":1,"featured_media":0,"comment_status":"open","ping_status":"open","sticky":false,"template":"","format":"standard","meta":{"footnotes":""},"categories":[7,9],"tags":[2999,2998,2997,389,410],"class_list":["post-5313","post","type-post","status-publish","format-standard","hentry","category-devir","category-lance-de-dados","tag-benjamin-noys","tag-bruno-latour","tag-dronocracia","tag-eduardo-viveiros-de-castro","tag-silvio-mieli"],"_links":{"self":[{"href":"https:\/\/imediata.org\/index.php?rest_route=\/wp\/v2\/posts\/5313","targetHints":{"allow":["GET"]}}],"collection":[{"href":"https:\/\/imediata.org\/index.php?rest_route=\/wp\/v2\/posts"}],"about":[{"href":"https:\/\/imediata.org\/index.php?rest_route=\/wp\/v2\/types\/post"}],"author":[{"embeddable":true,"href":"https:\/\/imediata.org\/index.php?rest_route=\/wp\/v2\/users\/1"}],"replies":[{"embeddable":true,"href":"https:\/\/imediata.org\/index.php?rest_route=%2Fwp%2Fv2%2Fcomments&post=5313"}],"version-history":[{"count":2,"href":"https:\/\/imediata.org\/index.php?rest_route=\/wp\/v2\/posts\/5313\/revisions"}],"predecessor-version":[{"id":5320,"href":"https:\/\/imediata.org\/index.php?rest_route=\/wp\/v2\/posts\/5313\/revisions\/5320"}],"wp:attachment":[{"href":"https:\/\/imediata.org\/index.php?rest_route=%2Fwp%2Fv2%2Fmedia&parent=5313"}],"wp:term":[{"taxonomy":"category","embeddable":true,"href":"https:\/\/imediata.org\/index.php?rest_route=%2Fwp%2Fv2%2Fcategories&post=5313"},{"taxonomy":"post_tag","embeddable":true,"href":"https:\/\/imediata.org\/index.php?rest_route=%2Fwp%2Fv2%2Ftags&post=5313"}],"curies":[{"name":"wp","href":"https:\/\/api.w.org\/{rel}","templated":true}]}}