{"id":5279,"date":"2014-11-28T14:21:58","date_gmt":"2014-11-28T14:21:58","guid":{"rendered":"http:\/\/imediata.org\/?p=5279"},"modified":"2014-11-28T14:21:58","modified_gmt":"2014-11-28T14:21:58","slug":"afinal-de-quem-a-senhora-amanpour-e-a-cnn-e-porta-voz-mesmo","status":"publish","type":"post","link":"https:\/\/imediata.org\/?p=5279","title":{"rendered":">> Afinal, de quem a senhora Amanpour (e a CNN) \u00e9 porta-voz, mesmo?"},"content":{"rendered":"<p><a href=\"http:\/\/imediata.org\/wp-content\/uploads\/2014\/11\/mqdefault2.jpg\"><img loading=\"lazy\" decoding=\"async\" src=\"http:\/\/imediata.org\/wp-content\/uploads\/2014\/11\/mqdefault2.jpg\" alt=\"mqdefault\" width=\"320\" height=\"180\" class=\"aligncenter size-full wp-image-5281\" srcset=\"https:\/\/imediata.org\/wp-content\/uploads\/2014\/11\/mqdefault2.jpg 320w, https:\/\/imediata.org\/wp-content\/uploads\/2014\/11\/mqdefault2-300x168.jpg 300w, https:\/\/imediata.org\/wp-content\/uploads\/2014\/11\/mqdefault2-97x55.jpg 97w\" sizes=\"auto, (max-width: 320px) 100vw, 320px\" \/><\/a><\/p>\n<p>Quando Anissa Naouai, \u00e2ncora do canal russo Russia Today &#8211; RT &#8211; responde indignada \u00e0 acusa\u00e7\u00e3o difamat\u00f3ria de que o canal RT seria mera propaganda russa, feita por Christiane Amanpour da CNN, a senhora Amanpour teve que engolir as cr\u00edticas de Anissa de que toda a cobertura das m\u00faltiplas guerras feita pela Amanpour (e pela CNN) n\u00e3o \u00e9 mais que repasse da vers\u00e3o dos fatos conforme o Departamento de Estado dos EUA\u2026<\/p>\n<p>A CNN censurou o debate, cortando as falas de Anissa. A RT fez uma compila\u00e7\u00e3o das falas censuradas\u2026<\/p>\n<p>Transcri\u00e7\u00e3o das falas  de 1 min 08\u2019\u2019 a 1 2 min 50\u2019\u2019<\/p>\n<p>Certamente, na RT tentamos sempre mostrar os dois lados da hist\u00f3ria. Damos mais espa\u00e7o para a perspectiva russa? Claro [\u2026] mas essa \u00e9 uma pergunta absurda, vinda de algu\u00e9m que propaga a vers\u00e3o do Departamento do Estado [dos EUA] h\u00e1 mais de 15 anos. \u00c9 totalmente absurdo.<\/p>\n<p>Voc\u00ea n\u00e3o faz mais que propagar a vers\u00e3o do Departamento de Estado [dos EUA] h\u00e1 mais de 15 anos, come\u00e7ando pela Iugosl\u00e1via e acabando com a S\u00edria. E agora est\u00e1 fazendo o mesmo com a Ucr\u00e2nia. Estou falando com voc\u00ea.<\/p>\n<p>Vi muitos dos seus relat\u00f3rios e naquele em que voc\u00ea questionaria a pol\u00edtica do Departamento de Estado&#8230; e n\u00f3s, com nossa \u201cpropaganda russa\u201d questionamos aquelas armas para o FSA. Questionamos as armas para o Al-Nusra. E hoje? Temos o ISIS&#8230;<\/p>\n<p> Mas seu p\u00fablico deveria ser informado disso&#8230; \u00c9 a eles que voc\u00ea deveria informar isso tudo&#8230; <\/p>\n<p>Estou certa de que eles viram seu trabalho na Iugosl\u00e1via&#8230; Como algu\u00e9m se atreve a dizer para a CNN de checar quem s\u00e3o seus patrocinadores? Como algu\u00e9m se atreve a vir para a CNN e dizer uma coisa dessas?<\/p>\n<p>Deixe que seu p\u00fablico decida isso. \u00c9 o modo mais justo de responder a esse debate. Que seu p\u00fablico reveja seu trabalho na Iugosl\u00e1via. Que decidam se coincide ou n\u00e3o com a perspectiva do Departamento de Estado. <\/p>\n","protected":false},"excerpt":{"rendered":"<p>Quando Anissa Naouai, \u00e2ncora do canal russo Russia Today &#8211; RT &#8211; responde indignada \u00e0 acusa\u00e7\u00e3o difamat\u00f3ria de que o canal RT seria mera propaganda russa, feita por Christiane Amanpour da CNN, a senhora Amanpour teve que engolir as cr\u00edticas de Anissa de que toda a cobertura das m\u00faltiplas guerras feita pela Amanpour (e pela [&hellip;]<\/p>\n","protected":false},"author":1,"featured_media":0,"comment_status":"open","ping_status":"open","sticky":false,"template":"","format":"standard","meta":{"footnotes":""},"categories":[81,9,82],"tags":[2974,2975,483,2977,2978,2976,2509],"class_list":["post-5279","post","type-post","status-publish","format-standard","hentry","category-imediartivismo","category-lance-de-dados","category-midia_corporativa","tag-anissa-naouai","tag-christiane-amanpour","tag-cnn","tag-departamento-de-estado-dos-eua","tag-jornalismo-ou-repasse-da-versao-oficial","tag-midia-noticia-ou-propaganda","tag-rt"],"_links":{"self":[{"href":"https:\/\/imediata.org\/index.php?rest_route=\/wp\/v2\/posts\/5279","targetHints":{"allow":["GET"]}}],"collection":[{"href":"https:\/\/imediata.org\/index.php?rest_route=\/wp\/v2\/posts"}],"about":[{"href":"https:\/\/imediata.org\/index.php?rest_route=\/wp\/v2\/types\/post"}],"author":[{"embeddable":true,"href":"https:\/\/imediata.org\/index.php?rest_route=\/wp\/v2\/users\/1"}],"replies":[{"embeddable":true,"href":"https:\/\/imediata.org\/index.php?rest_route=%2Fwp%2Fv2%2Fcomments&post=5279"}],"version-history":[{"count":1,"href":"https:\/\/imediata.org\/index.php?rest_route=\/wp\/v2\/posts\/5279\/revisions"}],"predecessor-version":[{"id":5282,"href":"https:\/\/imediata.org\/index.php?rest_route=\/wp\/v2\/posts\/5279\/revisions\/5282"}],"wp:attachment":[{"href":"https:\/\/imediata.org\/index.php?rest_route=%2Fwp%2Fv2%2Fmedia&parent=5279"}],"wp:term":[{"taxonomy":"category","embeddable":true,"href":"https:\/\/imediata.org\/index.php?rest_route=%2Fwp%2Fv2%2Fcategories&post=5279"},{"taxonomy":"post_tag","embeddable":true,"href":"https:\/\/imediata.org\/index.php?rest_route=%2Fwp%2Fv2%2Ftags&post=5279"}],"curies":[{"name":"wp","href":"https:\/\/api.w.org\/{rel}","templated":true}]}}