{"id":5273,"date":"2014-11-26T03:45:53","date_gmt":"2014-11-26T03:45:53","guid":{"rendered":"http:\/\/imediata.org\/?p=5273"},"modified":"2014-11-26T03:47:31","modified_gmt":"2014-11-26T03:47:31","slug":"privatizacoes-a-distopia-do-capital-2014-filme-de-silvio-tendler","status":"publish","type":"post","link":"https:\/\/imediata.org\/?p=5273","title":{"rendered":">> Privatiza\u00e7\u00f5es: a Distopia do Capital (2014), filme de S\u00edlvio Tendler"},"content":{"rendered":"<p><a href=\"http:\/\/imediata.org\/wp-content\/uploads\/2014\/11\/privatia\u00e7\u00f5es.jpg\"><img loading=\"lazy\" decoding=\"async\" src=\"http:\/\/imediata.org\/wp-content\/uploads\/2014\/11\/privatia\u00e7\u00f5es.jpg\" alt=\"privatia\u00e7\u00f5es\" width=\"320\" height=\"180\" class=\"aligncenter size-full wp-image-5275\" srcset=\"https:\/\/imediata.org\/wp-content\/uploads\/2014\/11\/privatia\u00e7\u00f5es.jpg 320w, https:\/\/imediata.org\/wp-content\/uploads\/2014\/11\/privatia\u00e7\u00f5es-300x168.jpg 300w, https:\/\/imediata.org\/wp-content\/uploads\/2014\/11\/privatia\u00e7\u00f5es-97x55.jpg 97w\" sizes=\"auto, (max-width: 320px) 100vw, 320px\" \/><\/a><\/p>\n<p><strong>Privatiza\u00e7\u00f5es: a Distopia do Capital (2014), filme de S\u00edlvio Tendler<\/p>\n<p><iframe loading=\"lazy\" width=\"560\" height=\"315\" src=\"\/\/www.youtube.com\/embed\/A8As8mFaRGU\" frameborder=\"0\" allowfullscreen><\/iframe><\/p>\n<p>via Caliban Cinema e Conte\u00fado<\/p>\n<p>O novo filme de Silvio Tendler ilumina e esclarece a l\u00f3gica da pol\u00edtica em tempos marcados pelo crescente desmonte do Estado brasileiro. A vis\u00e3o do Estado m\u00ednimo; a venda de ativos p\u00fablicos ao setor privado; o \u00f4nus decorrente das pol\u00edticas de desestatiza\u00e7\u00e3o traduzidos em fatos e imagens que emocionam e se constituem em uma verdadeira aula sobre a hist\u00f3ria recente do Brasil. Assim \u00e9 Privatiza\u00e7\u00f5es: a Distopia do Capital. Realiza\u00e7\u00e3o do Sindicato dos Engenheiros no Estado do Rio de Janeiro (Senge-RJ) e da Federa\u00e7\u00e3o Interestadual de Sindicatos de Engenheiros (Fisenge), com o apoio da CUT Nacional, o filme traz a assinatura da produtora Caliban e a for\u00e7a da filmografia de um dos mais respeitados nomes do cinema brasileiro.<\/p>\n<p>Em 56 minutos de proje\u00e7\u00e3o, intelectuais, pol\u00edticos, t\u00e9cnicos e educadores tra\u00e7am, desde a era Vargas, o percurso de sentimentos e momentos dram\u00e1ticos da vida nacional. A perspectiva da produtora e dos realizadores \u00e9 promover o debate em todas as regi\u00f5es do pa\u00eds como forma de avan\u00e7ar \u201cna constru\u00e7\u00e3o da consci\u00eancia pol\u00edtica e denunciar as verdades que se escondem por tr\u00e1s dos discursos hegem\u00f4nicos\u201d, afirma Silvio Tendler.<\/p>\n<p>Vale registrar, ainda, o fato dos patrocinadores deste trabalho, fruto de ampla pesquisa, serem as entidades de classe dos engenheiros. Movido pelo permanente combate \u00e0 perda da soberania em espa\u00e7os estrat\u00e9gicos da economia, o movimento sindical tem a clareza de que \u201co processo de privatiza\u00e7\u00f5es da d\u00e9cada de 90 \u00e9 a nega\u00e7\u00e3o das premissas do projeto de desenvolvimento que sempre defendemos\u201d.<br \/>\n<\/strong><strong><\/p>\n","protected":false},"excerpt":{"rendered":"<p>Privatiza\u00e7\u00f5es: a Distopia do Capital (2014), filme de S\u00edlvio Tendler via Caliban Cinema e Conte\u00fado O novo filme de Silvio Tendler ilumina e esclarece a l\u00f3gica da pol\u00edtica em tempos marcados pelo crescente desmonte do Estado brasileiro. A vis\u00e3o do Estado m\u00ednimo; a venda de ativos p\u00fablicos ao setor privado; o \u00f4nus decorrente das pol\u00edticas [&hellip;]<\/p>\n","protected":false},"author":1,"featured_media":0,"comment_status":"open","ping_status":"open","sticky":false,"template":"","format":"standard","meta":{"footnotes":""},"categories":[91,9,78],"tags":[2973,2972,283,2971,135],"class_list":["post-5273","post","type-post","status-publish","format-standard","hentry","category-imperio_poder_globalizacao","category-lance-de-dados","category-ovideo","tag-capital-financeiro-internacional","tag-historia-do-brasil","tag-privatizacoes","tag-privatizacoes-a-distopia-do-capital-2014","tag-silvio-tendler"],"_links":{"self":[{"href":"https:\/\/imediata.org\/index.php?rest_route=\/wp\/v2\/posts\/5273","targetHints":{"allow":["GET"]}}],"collection":[{"href":"https:\/\/imediata.org\/index.php?rest_route=\/wp\/v2\/posts"}],"about":[{"href":"https:\/\/imediata.org\/index.php?rest_route=\/wp\/v2\/types\/post"}],"author":[{"embeddable":true,"href":"https:\/\/imediata.org\/index.php?rest_route=\/wp\/v2\/users\/1"}],"replies":[{"embeddable":true,"href":"https:\/\/imediata.org\/index.php?rest_route=%2Fwp%2Fv2%2Fcomments&post=5273"}],"version-history":[{"count":3,"href":"https:\/\/imediata.org\/index.php?rest_route=\/wp\/v2\/posts\/5273\/revisions"}],"predecessor-version":[{"id":5278,"href":"https:\/\/imediata.org\/index.php?rest_route=\/wp\/v2\/posts\/5273\/revisions\/5278"}],"wp:attachment":[{"href":"https:\/\/imediata.org\/index.php?rest_route=%2Fwp%2Fv2%2Fmedia&parent=5273"}],"wp:term":[{"taxonomy":"category","embeddable":true,"href":"https:\/\/imediata.org\/index.php?rest_route=%2Fwp%2Fv2%2Fcategories&post=5273"},{"taxonomy":"post_tag","embeddable":true,"href":"https:\/\/imediata.org\/index.php?rest_route=%2Fwp%2Fv2%2Ftags&post=5273"}],"curies":[{"name":"wp","href":"https:\/\/api.w.org\/{rel}","templated":true}]}}