{"id":5263,"date":"2014-11-26T00:51:47","date_gmt":"2014-11-26T00:51:47","guid":{"rendered":"http:\/\/imediata.org\/?p=5263"},"modified":"2014-11-26T00:51:47","modified_gmt":"2014-11-26T00:51:47","slug":"rios-voadores-por-silvio-mieli","status":"publish","type":"post","link":"https:\/\/imediata.org\/?p=5263","title":{"rendered":">> Rios Voadores, por S\u00edlvio Mieli"},"content":{"rendered":"<p><a href=\"http:\/\/imediata.org\/wp-content\/uploads\/2014\/11\/rio-voador_mapaa.jpg\"><img loading=\"lazy\" decoding=\"async\" src=\"http:\/\/imediata.org\/wp-content\/uploads\/2014\/11\/rio-voador_mapaa.jpg\" alt=\"rio-voador_mapaa\" width=\"400\" height=\"267\" class=\"aligncenter size-full wp-image-5266\" srcset=\"https:\/\/imediata.org\/wp-content\/uploads\/2014\/11\/rio-voador_mapaa.jpg 400w, https:\/\/imediata.org\/wp-content\/uploads\/2014\/11\/rio-voador_mapaa-300x200.jpg 300w, https:\/\/imediata.org\/wp-content\/uploads\/2014\/11\/rio-voador_mapaa-82x55.jpg 82w\" sizes=\"auto, (max-width: 400px) 100vw, 400px\" \/><\/a><\/p>\n<p><strong>Rios voadores<\/p>\n<p>Por S\u00edlvio Mieli<\/p>\n<p>\u00c9 imposs\u00edvel voltar a viver como os povos tradicionais da Amaz\u00f4nia, mas a ecologia da d\u00e1diva praticada por eles h\u00e1 s\u00e9culos disp\u00f5e de um modelo anticapitalista por exce\u00adl\u00eancia<\/p>\n<p>Fonte: <a href=\"http:\/\/www.brasildefato.com.br\/node\/30582\">Brasil de Fato 20\/11\/2014<\/a><\/p>\n<p>Se na nossa sociedade os bens s\u00e3o prioritariamente objetos de com\u00e9rcio e neg\u00f3cio, nas culturas tradicionais constituem \u201cdons rec\u00edprocos\u201d, uma realidade de outra or\u00addem e pot\u00eancia. Formas primitivas de trocas n\u00e3o t\u00eam so\u00admente car\u00e1ter econ\u00f4mico, mas s\u00e3o um \u201cfato social total\u201d (Marcel Mauss), com significado religioso, m\u00e1gico, senti\u00admental, jur\u00eddico, moral. Muito estudadas no \u00e2mbito da an\u00adtropologia, essas trocas nos remetem a dois textos recen\u00adtes, que apontam para quest\u00f5es ligadas \u00e0 reciprocidade.<\/p>\n<p>O primeiro texto \u00e9 do sempre inspirado Frei Betto. Em \u201c<a href=\"http:\/\/www.brasildefato.com.br\/node\/30519\">A cigarra e a formiga: f\u00e1bula petista<\/a>\u201d, publicado aqui no Brasil de Fato, Betto compara a hist\u00f3ria do PT com o conto de Esopo. Em s\u00edntese, o texto conclui que o PT te\u00adria trocado o trabalho de base dos formigueiros militantes pelo canto presun\u00e7oso da cigarra (poder). Acrescentaria que na f\u00e1bula petista, al\u00e9m da evidente falta de reciproci\u00addade para com as formigas, existe uma quest\u00e3o que atinge indistintamente a juventude, os sem-terra e os sem-teto, os povos ind\u00edgenas e os quilombolas. Trata-se do anacr\u00f4\u00adnico modelo de desenvolvimento do governo Dilma. As recentes falas de Gilberto Carvalho \u2014\u201cn\u00e3o abriremos m\u00e3o da hidrel\u00e9trica de Tapaj\u00f3s\u201d \u2014 e a poss\u00edvel indica\u00e7\u00e3o da se\u00adnadora K\u00e1tia Abreu (a musa dos ruralistas) para o Minis\u00adt\u00e9rio da Agricultura, resumem tudo.<\/p>\n<p>O outro texto aborda diretamente a quest\u00e3o da d\u00e1diva. Em seu blog <a href=\"http:\/\/vianadiego.wordpress.com\/2014\/11\/12\/o-brasil-e-uma-dadiva-da-amazonia\/\">Para ler sem Olhar<\/a>, o economista Diego Via\u00adna compara o Egito, d\u00e1diva do Nilo, ao Brasil, d\u00e1diva da Amaz\u00f4nia. N\u00e3o s\u00f3 o rio Amazonas, mas a floresta como um todo, \u201cque permite empilhar tantos homens deste ou\u00adtro lado do subcontinente\u201d. Estamos diante de uma eco\u00adlogia da d\u00e1diva, na qual a \u201cnatureza entrega fertilidade e umidade, cheias e rios voadores. Mas n\u00e3o quer nada em troca, sen\u00e3o ser deixada em paz\u201d.<\/p>\n<p>O Instituto Socioambiental (ISA) estranhou, em recen\u00adte editorial, que os governantes n\u00e3o levem a s\u00e9rio os estu\u00addos cient\u00edficos recentes, que v\u00eam desvendando a din\u00e2mi\u00adca das chuvas amaz\u00f4nicas, respons\u00e1vel pelo abastecimen\u00adto de \u00e1gua da maior parte da Am\u00e9rica do Sul por meio dos chamados \u201crios voadores\u201d \u2014 fluxos gigantes de vapor d\u2019\u00e1gua que se espalham regularmente ao Leste da Cordi\u00adlheira dos Andes, a partir da Amaz\u00f4nia.<\/p>\n<p>\u00c9 imposs\u00edvel voltar a viver como os povos tradicionais da Amaz\u00f4nia, mas a ecologia da d\u00e1diva praticada por eles h\u00e1 s\u00e9culos disp\u00f5e de um modelo anticapitalista por exce\u00adl\u00eancia, onde \u201cn\u00e3o h\u00e1 paga, n\u00e3o tem ciclo do valor (\u2026), in\u00adclui a reciprocidade, a obriga\u00e7\u00e3o de dar, receber, retornar e at\u00e9 iniciar uma outra d\u00e1diva, sob pena de uma profunda viol\u00eancia\u201d, conforme define Viana em seu texto inspirado.<br \/>\n<\/strong><\/p>\n<p><a href=\"http:\/\/imediata.org\/wp-content\/uploads\/2014\/11\/rios-amazonia-peixe.jpg\"><img loading=\"lazy\" decoding=\"async\" src=\"http:\/\/imediata.org\/wp-content\/uploads\/2014\/11\/rios-amazonia-peixe-300x199.jpg\" alt=\"rios amazonia peixe\" width=\"300\" height=\"199\" class=\"aligncenter size-medium wp-image-5265\" srcset=\"https:\/\/imediata.org\/wp-content\/uploads\/2014\/11\/rios-amazonia-peixe-300x199.jpg 300w, https:\/\/imediata.org\/wp-content\/uploads\/2014\/11\/rios-amazonia-peixe-82x55.jpg 82w, https:\/\/imediata.org\/wp-content\/uploads\/2014\/11\/rios-amazonia-peixe.jpg 960w\" sizes=\"auto, (max-width: 300px) 100vw, 300px\" \/><\/a><\/p>\n","protected":false},"excerpt":{"rendered":"<p>Rios voadores Por S\u00edlvio Mieli \u00c9 imposs\u00edvel voltar a viver como os povos tradicionais da Amaz\u00f4nia, mas a ecologia da d\u00e1diva praticada por eles h\u00e1 s\u00e9culos disp\u00f5e de um modelo anticapitalista por exce\u00adl\u00eancia Fonte: Brasil de Fato 20\/11\/2014 Se na nossa sociedade os bens s\u00e3o prioritariamente objetos de com\u00e9rcio e neg\u00f3cio, nas culturas tradicionais constituem [&hellip;]<\/p>\n","protected":false},"author":1,"featured_media":0,"comment_status":"open","ping_status":"open","sticky":false,"template":"","format":"standard","meta":{"footnotes":""},"categories":[5,9],"tags":[2966,65,2964,2967,2965,2963,410],"class_list":["post-5263","post","type-post","status-publish","format-standard","hentry","category-biodiversidade-imediata","category-lance-de-dados","tag-abastecimento-de-agua","tag-amazonia","tag-diego-viana","tag-ecologia-da-dadiva","tag-frei-beto","tag-rio-amazonas","tag-silvio-mieli"],"_links":{"self":[{"href":"https:\/\/imediata.org\/index.php?rest_route=\/wp\/v2\/posts\/5263","targetHints":{"allow":["GET"]}}],"collection":[{"href":"https:\/\/imediata.org\/index.php?rest_route=\/wp\/v2\/posts"}],"about":[{"href":"https:\/\/imediata.org\/index.php?rest_route=\/wp\/v2\/types\/post"}],"author":[{"embeddable":true,"href":"https:\/\/imediata.org\/index.php?rest_route=\/wp\/v2\/users\/1"}],"replies":[{"embeddable":true,"href":"https:\/\/imediata.org\/index.php?rest_route=%2Fwp%2Fv2%2Fcomments&post=5263"}],"version-history":[{"count":1,"href":"https:\/\/imediata.org\/index.php?rest_route=\/wp\/v2\/posts\/5263\/revisions"}],"predecessor-version":[{"id":5267,"href":"https:\/\/imediata.org\/index.php?rest_route=\/wp\/v2\/posts\/5263\/revisions\/5267"}],"wp:attachment":[{"href":"https:\/\/imediata.org\/index.php?rest_route=%2Fwp%2Fv2%2Fmedia&parent=5263"}],"wp:term":[{"taxonomy":"category","embeddable":true,"href":"https:\/\/imediata.org\/index.php?rest_route=%2Fwp%2Fv2%2Fcategories&post=5263"},{"taxonomy":"post_tag","embeddable":true,"href":"https:\/\/imediata.org\/index.php?rest_route=%2Fwp%2Fv2%2Ftags&post=5263"}],"curies":[{"name":"wp","href":"https:\/\/api.w.org\/{rel}","templated":true}]}}