{"id":5253,"date":"2014-11-23T22:17:30","date_gmt":"2014-11-23T22:17:30","guid":{"rendered":"http:\/\/imediata.org\/?p=5253"},"modified":"2014-11-23T22:17:30","modified_gmt":"2014-11-23T22:17:30","slug":"sala-de-espera-59-o-pais-dos-mentirosos-poema-de-gianni-rodari","status":"publish","type":"post","link":"https:\/\/imediata.org\/?p=5253","title":{"rendered":">> Sala de Espera 59 &#8211; O Pa\u00eds dos Mentirosos, poema de Gianni Rodari"},"content":{"rendered":"<p><a href=\"http:\/\/imediata.org\/wp-content\/uploads\/2014\/11\/Pin\u00f3quios.jpg\"><img loading=\"lazy\" decoding=\"async\" src=\"http:\/\/imediata.org\/wp-content\/uploads\/2014\/11\/Pin\u00f3quios.jpg\" alt=\"Pin\u00f3quios\" width=\"760\" height=\"570\" class=\"aligncenter size-full wp-image-5255\" srcset=\"https:\/\/imediata.org\/wp-content\/uploads\/2014\/11\/Pin\u00f3quios.jpg 760w, https:\/\/imediata.org\/wp-content\/uploads\/2014\/11\/Pin\u00f3quios-300x225.jpg 300w, https:\/\/imediata.org\/wp-content\/uploads\/2014\/11\/Pin\u00f3quios-73x55.jpg 73w, https:\/\/imediata.org\/wp-content\/uploads\/2014\/11\/Pin\u00f3quios-60x45.jpg 60w\" sizes=\"auto, (max-width: 760px) 100vw, 760px\" \/><\/a><\/p>\n<p><strong>O PA\u00cdS DOS MENTIROSOS<br \/>\nPor Gianni Rodari<br \/>\nTradu\u00e7\u00e3o: Mario S. Mieli<\/p>\n<p>Era uma vez, l\u00e1<br \/>\npros lados do Sei l\u00e1,<br \/>\no pa\u00eds dos mentirosos.<br \/>\nNaquele pa\u00eds, ningu\u00e9m<br \/>\ndizia a verdade,<br \/>\nn\u00e3o chamavam pelo seu nome<br \/>\nnem mesmo a chic\u00f3ria:<br \/>\na mentira era obrigat\u00f3ria.<\/p>\n<p>Quando surgia o sol<br \/>\ntinha logo algu\u00e9m pronto<br \/>\na dizer: &#8220;Que belo p\u00f4r do sol!&#8221;<br \/>\n\u00c0 noite, se a lua<br \/>\nclareasse mais que<br \/>\num farol,<br \/>\nas pessoas reclamavam:<br \/>\n&#8220;Mas que noite mais escura,<br \/>\nn\u00e3o se enxerga nada.&#8221;<\/p>\n<p>Se voc\u00ea ria, tinham d\u00f3:<br \/>\n&#8220;Coitado, que pena,<br \/>\nque mal ser\u00e1 que lhe acometeu?&#8221;<\/p>\n<p>Se voc\u00ea chorava: &#8220;Que cara original,<br \/>\nsempre alegre, sempre comemorando.<br \/>\nDeve ter os milh\u00f5es na cabe\u00e7a&#8221;.<\/p>\n<p>Chamavam  de \u00e1gua ao vinho,<br \/>\nde cadeirinha a mesinha<br \/>\ne a todas as palavras<br \/>\ninvertiam bem direitinho.<br \/>\nFazer diferente n\u00e3o era permitido,<br \/>\nmas estavam t\u00e3o habituados<br \/>\nque mesmo assim ficava tudo entendido.<\/p>\n<p>Um dia, naquele pa\u00eds,<br \/>\nchegou um pobre homenzinho<br \/>\nque o c\u00f3digo dos mentirosos<br \/>\nnunca sequer tinha lido,<br \/>\ne sem a menor cerim\u00f4nia<br \/>\nsaia por a\u00ed<br \/>\nchamando ao dia de dia<br \/>\ne \u00e0 pera de pera,<br \/>\ne n\u00e3o dizia nem uma palavra<br \/>\nque n\u00e3o fosse verdadeira.<\/p>\n<p>Durante a noite,<br \/>\nfizeram que fosse capturado<br \/>\npela carrocinha<br \/>\ne trancado no pinel.<br \/>\n&#8220;Esse \u00e9 louco de pedra:<br \/>\ndiz sempre a verdade.&#8221;<br \/>\n&#8220;Como assim, t\u00e1 brincando, t\u00e1 louco? &#8230;&#8221;<br \/>\n&#8220;Palavra de honra:<br \/>\n\u00e9 um caso interessante,<br \/>\nvir\u00e3o de bem longe<br \/>\nquinhentos e um professores<br \/>\npara estudar seu c\u00e9rebro &#8230; &#8221;<\/p>\n<p>A estranha doen\u00e7a<br \/>\nfoi descrita em trinta e tr\u00eas cap\u00edtulos<br \/>\nna &#8220;Gazeta da mentira.&#8221;<br \/>\nFinalmente, para satisfazer<br \/>\na curiosidade<br \/>\npopular<br \/>\no Homem-que-dizia-a-verdade<br \/>\nfoi exposto, mediante pagamento,<br \/>\nno &#8220;jardim zoo-il\u00f3gico&#8221;<br \/>\n(At\u00e9 aquele nome tinham revertido &#8230;)<br \/>\nnuma gaiola de cimento armado.<\/p>\n<p>Imaginem s\u00f3 a corrida pra ver a atra\u00e7\u00e3o.<br \/>\nMas isso n\u00e3o importa.<br \/>\nCoisa ainda mais surpreendente,<br \/>\na doen\u00e7a provou ser infecciosa,<br \/>\ne pouco a pouco em toda a cidade<br \/>\nse difundiu o bacilo<br \/>\nda verdade.<\/p>\n<p>M\u00e9dicos, policiais, autoridades<br \/>\ntentaram todo o poss\u00edvel<br \/>\npara conter a epidemia.<br \/>\nMas&#8230; nada a fazer.<\/p>\n<p>Do mais velho ao mais pequenino<br \/>\nas pessoas agora diziam<br \/>\np\u00e3o ao p\u00e3o, vinho ao vinho,<br \/>\nbranco ao branco, preto ao preto:<br \/>\nlibertaram o prisioneiro,<br \/>\no elegeram presidente,<br \/>\ne quem em mim n\u00e3o cr\u00ea<br \/>\nentendeu bulhufas do evidente.<\/strong><\/p>\n<p>Original italiano:<br \/>\nIL PAESE DEI BUGIARDI<br \/>\nDi Gianni Rodari<\/p>\n<p>C&#8217;era una volta, l\u00e0<br \/>\ndalle parti di Chiss\u00e0,<br \/>\nil paese dei bugiardi.<br \/>\nIn quel paese nessuno<br \/>\ndiceva la verit\u00e0,<br \/>\nnon chiamavano col suo nome<br \/>\nnemmeno la cicoria:<br \/>\nla bugia era obbligatoria.<\/p>\n<p> Quando spuntava il sole<br \/>\nc&#8217;era subito una pronto<br \/>\na dire: &#8220;Che bel tramonto!&#8221;<br \/>\nDi sera, se la luna<br \/>\nfaceva pi\u00f9 chiaro<br \/>\ndi un faro,<br \/>\nsi lagnava la gente:<br \/>\n&#8220;Ohib\u00f2, che notte bruna,<br \/>\nnon ci si vede niente&#8221;.<br \/>\nSe ridevi ti compativano:<br \/>\n&#8220;Poveraccio, peccato,<br \/>\nche gli sar\u00e0 mai capitato<br \/>\ndi male?&#8221;<br \/>\nSe piangevi: &#8220;Che tipo originale,<br \/>\nsempre allegro, sempre in festa.<br \/>\nDeve avere i milioni nella testa&#8221;.<br \/>\nChiamavano acqua il vino,<br \/>\nseggiola il tavolino<br \/>\ne tutte le parole<br \/>\nle rovesciavano per benino.<br \/>\nFare diverso non era permesso,<br \/>\nma c&#8217;erano tanto abituati<br \/>\nche si capivano lo stesso.<br \/>\nUn giorno in quel paese<br \/>\ncapit\u00f2 un povero ometto<br \/>\nche il codice dei bugiardi<br \/>\nnon l&#8217;aveva mai letto,<br \/>\ne senza tanti riguardi<br \/>\nse ne andava intorno<br \/>\nchiamando giorno il giorno<br \/>\ne pera la pera,<br \/>\ne non diceva una parola<br \/>\nche non fosse vera.<br \/>\nDall&#8217;oggi al domani<br \/>\nlo fecero pigliare<br \/>\ndall&#8217;acchiappacani<br \/>\ne chiudere al manicomio.<br \/>\n&#8220;E&#8217; matto da legare:<br \/>\ndice sempre la verit\u00e0&#8221;.<br \/>\n&#8220;Ma no, ma via, ma v\u00e0 &#8230;&#8221;<br \/>\n&#8220;Parola d&#8217;onore:<br \/>\n\u00e8 un caso interessante,<br \/>\nverranno da distante<br \/>\ncinquecento e un professore<br \/>\nper studiargli il cervello &#8230;&#8221;<br \/>\nLa strana malattia<br \/>\nfu descritta in trentatre puntate<br \/>\nsulla &#8220;Gazzetta della bugia&#8221;.<br \/>\nInfine per contentare<br \/>\nla curiosit\u00e0<br \/>\npopolare<br \/>\nl&#8217;Uomo-che-diceva-la-verit\u00e0<br \/>\nfu esposto a pagamento<br \/>\nnel &#8220;giardino zoo-illogico&#8221;<br \/>\n(anche quel nome avevano rovesciato &#8230;)<br \/>\nin una gabbia di cemento armato.<br \/>\nFigurarsi la ressa.<br \/>\nMa questo non interessa.<br \/>\nCosa pi\u00f9 sbalorditiva,<br \/>\nla malattia si rivel\u00f2 infettiva,<br \/>\ne un po&#8217; alla volta in tutta la citt\u00e0<br \/>\nsi diffuse il bacillo<br \/>\ndella verit\u00e0.<br \/>\nDottori, poliziotti, autorit\u00e0<br \/>\ntentarono il possibile<br \/>\nper frenare l&#8217;epidemia.<br \/>\nMacch\u00e9, niente da fare.<br \/>\nDal pi\u00f9 vecchio al pi\u00f9 piccolino<br \/>\nla gente ormai diceva<br \/>\npane al pane, vino al vino,<br \/>\nbianco al bianco, nero al nero:<br \/>\nliber\u00f2 il prigioniero,<br \/>\nlo elesse presidente,<br \/>\ne chi non mi crede<br \/>\nnon ha capito niente.<\/p>\n<p>Via: <a href=\"http:\/\/sulatestagiannilannes.blogspot.it\/\">Su la Testa<\/a><\/p>\n<p><a href=\"http:\/\/imediata.org\/wp-content\/uploads\/2014\/11\/unnamed-1.jpg\"><img loading=\"lazy\" decoding=\"async\" src=\"http:\/\/imediata.org\/wp-content\/uploads\/2014\/11\/unnamed-1.jpg\" alt=\"unnamed-1\" width=\"400\" height=\"319\" class=\"aligncenter size-full wp-image-5256\" srcset=\"https:\/\/imediata.org\/wp-content\/uploads\/2014\/11\/unnamed-1.jpg 400w, https:\/\/imediata.org\/wp-content\/uploads\/2014\/11\/unnamed-1-300x239.jpg 300w, https:\/\/imediata.org\/wp-content\/uploads\/2014\/11\/unnamed-1-68x55.jpg 68w\" sizes=\"auto, (max-width: 400px) 100vw, 400px\" \/><\/a><\/p>\n","protected":false},"excerpt":{"rendered":"<p>O PA\u00cdS DOS MENTIROSOS Por Gianni Rodari Tradu\u00e7\u00e3o: Mario S. Mieli Era uma vez, l\u00e1 pros lados do Sei l\u00e1, o pa\u00eds dos mentirosos. Naquele pa\u00eds, ningu\u00e9m dizia a verdade, n\u00e3o chamavam pelo seu nome nem mesmo a chic\u00f3ria: a mentira era obrigat\u00f3ria. Quando surgia o sol tinha logo algu\u00e9m pronto a dizer: &#8220;Que belo [&hellip;]<\/p>\n","protected":false},"author":1,"featured_media":0,"comment_status":"open","ping_status":"open","sticky":false,"template":"","format":"standard","meta":{"footnotes":""},"categories":[4,8],"tags":[2955,2956,95,2954],"class_list":["post-5253","post","type-post","status-publish","format-standard","hentry","category-al-manakh","category-anarcom","tag-gianni-rodari","tag-jose-saramago","tag-mario-s-mieli","tag-o-pais-dos-mentirosos"],"_links":{"self":[{"href":"https:\/\/imediata.org\/index.php?rest_route=\/wp\/v2\/posts\/5253","targetHints":{"allow":["GET"]}}],"collection":[{"href":"https:\/\/imediata.org\/index.php?rest_route=\/wp\/v2\/posts"}],"about":[{"href":"https:\/\/imediata.org\/index.php?rest_route=\/wp\/v2\/types\/post"}],"author":[{"embeddable":true,"href":"https:\/\/imediata.org\/index.php?rest_route=\/wp\/v2\/users\/1"}],"replies":[{"embeddable":true,"href":"https:\/\/imediata.org\/index.php?rest_route=%2Fwp%2Fv2%2Fcomments&post=5253"}],"version-history":[{"count":1,"href":"https:\/\/imediata.org\/index.php?rest_route=\/wp\/v2\/posts\/5253\/revisions"}],"predecessor-version":[{"id":5258,"href":"https:\/\/imediata.org\/index.php?rest_route=\/wp\/v2\/posts\/5253\/revisions\/5258"}],"wp:attachment":[{"href":"https:\/\/imediata.org\/index.php?rest_route=%2Fwp%2Fv2%2Fmedia&parent=5253"}],"wp:term":[{"taxonomy":"category","embeddable":true,"href":"https:\/\/imediata.org\/index.php?rest_route=%2Fwp%2Fv2%2Fcategories&post=5253"},{"taxonomy":"post_tag","embeddable":true,"href":"https:\/\/imediata.org\/index.php?rest_route=%2Fwp%2Fv2%2Ftags&post=5253"}],"curies":[{"name":"wp","href":"https:\/\/api.w.org\/{rel}","templated":true}]}}