{"id":5141,"date":"2014-04-24T23:21:23","date_gmt":"2014-04-24T23:21:23","guid":{"rendered":"http:\/\/imediata.org\/?p=5141"},"modified":"2014-04-24T23:25:12","modified_gmt":"2014-04-24T23:25:12","slug":"imundo-19-exterminio-secreto-video-entrevista-de-monia-benini","status":"publish","type":"post","link":"https:\/\/imediata.org\/?p=5141","title":{"rendered":">> iMundo 19: &#8220;Exterm\u00ednio secreto&#8221; &#8211; v\u00eddeo-entrevista de Monia Benini"},"content":{"rendered":"<p><a href=\"http:\/\/imediata.org\/wp-content\/uploads\/2014\/04\/consumerism_project_by_immense.jpeg\"><img loading=\"lazy\" decoding=\"async\" src=\"http:\/\/imediata.org\/wp-content\/uploads\/2014\/04\/consumerism_project_by_immense-300x200.jpeg\" alt=\"consumerism_project_by_immense\" width=\"300\" height=\"200\" class=\"aligncenter size-medium wp-image-5149\" srcset=\"https:\/\/imediata.org\/wp-content\/uploads\/2014\/04\/consumerism_project_by_immense-300x200.jpeg 300w, https:\/\/imediata.org\/wp-content\/uploads\/2014\/04\/consumerism_project_by_immense-1024x683.jpeg 1024w, https:\/\/imediata.org\/wp-content\/uploads\/2014\/04\/consumerism_project_by_immense-82x55.jpeg 82w, https:\/\/imediata.org\/wp-content\/uploads\/2014\/04\/consumerism_project_by_immense.jpeg 1082w\" sizes=\"auto, (max-width: 300px) 100vw, 300px\" \/><\/a><\/p>\n<p><strong>&#8220;Exterm\u00ednio secreto&#8221; &#8211; v\u00eddeo-entrevista de Monia Benini<\/strong><\/p>\n<p><iframe loading=\"lazy\" width=\"560\" height=\"315\" src=\"\/\/www.youtube.com\/embed\/3B_FJP2OrzQ\" frameborder=\"0\" allowfullscreen><\/iframe><\/p>\n<p><strong>Transcri\u00e7\u00e3o traduzida: Mario S. Mieli<\/p>\n<p>Quis tra\u00e7ar, do ponto de vista rigorosamente documental, portanto, com documentos originais, materiais que foram desclassificados, o que foi, literalmente, um planejamento, e repito, iniciada v\u00e1rias d\u00e9cadas atr\u00e1s, para se chegar \u00e0 redu\u00e7\u00e3o da popula\u00e7\u00e3o mundial, segundo seus realizadores, para se chegar a uma popula\u00e7\u00e3o mundial 2\/3 ou \u00be inferior \u00e0 de hoje. <\/p>\n<p>H\u00e1 casos extremos, onde encontramos grupos de \u201can\u00f4nimos\u201d benfeitores que no estado da Ge\u00f3rgia, nos EUA, constru\u00edram um verdadeiro monumento de granito com inscri\u00e7\u00f5es em v\u00e1rios idiomas, seja contempor\u00e2neos que antigos, a necessidade de reduzir a popula\u00e7\u00e3o mundial a  500 milh\u00f5es de pessoas, pois seria o \u00fanico modo de viver em equil\u00edbrio com o planeta.<\/p>\n<p><a href=\"http:\/\/imediata.org\/wp-content\/uploads\/2014\/04\/georgia-guidestones.jpg\"><img loading=\"lazy\" decoding=\"async\" src=\"http:\/\/imediata.org\/wp-content\/uploads\/2014\/04\/georgia-guidestones-300x224.jpg\" alt=\"georgia-guidestones\" width=\"300\" height=\"224\" class=\"aligncenter size-medium wp-image-5143\" srcset=\"https:\/\/imediata.org\/wp-content\/uploads\/2014\/04\/georgia-guidestones-300x224.jpg 300w, https:\/\/imediata.org\/wp-content\/uploads\/2014\/04\/georgia-guidestones-73x55.jpg 73w, https:\/\/imediata.org\/wp-content\/uploads\/2014\/04\/georgia-guidestones-60x45.jpg 60w, https:\/\/imediata.org\/wp-content\/uploads\/2014\/04\/georgia-guidestones.jpg 550w\" sizes=\"auto, (max-width: 300px) 100vw, 300px\" \/><\/a><\/p>\n<p><a href=\"http:\/\/imediata.org\/wp-content\/uploads\/2014\/04\/georgia-guidestones-top-commandments.jpg\"><img loading=\"lazy\" decoding=\"async\" src=\"http:\/\/imediata.org\/wp-content\/uploads\/2014\/04\/georgia-guidestones-top-commandments-300x225.jpg\" alt=\"georgia-guidestones-top-commandments\" width=\"300\" height=\"225\" class=\"aligncenter size-medium wp-image-5144\" srcset=\"https:\/\/imediata.org\/wp-content\/uploads\/2014\/04\/georgia-guidestones-top-commandments-300x225.jpg 300w, https:\/\/imediata.org\/wp-content\/uploads\/2014\/04\/georgia-guidestones-top-commandments-1024x768.jpg 1024w, https:\/\/imediata.org\/wp-content\/uploads\/2014\/04\/georgia-guidestones-top-commandments-73x55.jpg 73w, https:\/\/imediata.org\/wp-content\/uploads\/2014\/04\/georgia-guidestones-top-commandments-60x45.jpg 60w, https:\/\/imediata.org\/wp-content\/uploads\/2014\/04\/georgia-guidestones-top-commandments.jpg 1600w\" sizes=\"auto, (max-width: 300px) 100vw, 300px\" \/><\/a><\/p>\n<p>Esse exterm\u00ednio \u00e9 conduzido atrav\u00e9s de v\u00e1rios instrumentos, a partir das esteriliza\u00e7\u00f5es for\u00e7adas, \u00e0 inser\u00e7\u00e3o \u2013 gra\u00e7as tamb\u00e9m \u00e0s opera\u00e7\u00f5es de uma s\u00e9rie de funda\u00e7\u00f5es \u2013 novamente: Rockefeller, Bill Gates, Aga Khan, e basta pensar nas a\u00e7\u00f5es do magnata das finan\u00e7as George Soros, ativo tamb\u00e9m nesse setor. Bem, h\u00e1 uma s\u00e9rie de funda\u00e7\u00f5es que agem \u00e0 medida que existam esteriliza\u00e7\u00f5es for\u00e7adas, inocula\u00e7\u00f5es de subst\u00e2ncias que induzam \u00e0 infertilidade, seja masculina que feminina, atrav\u00e9s de vacinas, f\u00e1rmacos, terapias, implementa\u00e7\u00f5es \u2013 e eram assim definidas j\u00e1 no memorando n\u00famero 200 escrito por Henry Kissinger em 1974 \u2013 Implementa\u00e7\u00e3o de Sementes \u2013 que hoje chamamos de OGMs, organismos geneticamente modificados, mas fomos bem al\u00e9m, com esse desafio humano no confronto da natureza, essa sensa\u00e7\u00e3o do homem que tem o poder de sentir-se Deus. Chegamos at\u00e9 a falar de nano materiais no \u00e2mbito dos alimentos, comendo, assim, \u201ccorn flakes\u201d ao inv\u00e9s de amendoins recobertos por um extrato de vidro&#8230; \u00f3xido de sil\u00edcio&#8230; fomos muito al\u00e9m&#8230; conduzindo guerras bacteriol\u00f3gicas silenciosas secretas, verdadeiros experimentos  legitimados pelo poder. <\/p>\n<p>No que diz respeito \u00e0s vacinas, reportei v\u00e1rios casos, a partir da documenta\u00e7\u00e3o oficial da Rockefeller Foundation, j\u00e1 em 1968, para o estudo de vacinas a serem ministradas \u00e0 popula\u00e7\u00e3o feminina, para que o \u00f3vulo fecundado n\u00e3o pudesse se implantar no \u00fatero. Documentei tamb\u00e9m o que ocorreu em v\u00e1rios pa\u00edses do mundo, o que era chamado de plano de vacina\u00e7\u00e3o antitet\u00e2nica, contra o t\u00e9tano. A coisa absurda \u00e9 que esse plano de vacina\u00e7\u00e3o ocorria e destinava a uma popula\u00e7\u00e3o exclusivamente feminina, na faixa et\u00e1ria entre os 15 e os 45 anos. Uma comiss\u00e3o cat\u00f3lica no M\u00e9xico teve algumas suspeitas: por que o t\u00e9tano poderia atingir s\u00f3 aquela espec\u00edfica faixa da popula\u00e7\u00e3o? E quanto aos homens? Eles n\u00e3o poderiam ser v\u00edtimas do t\u00e9tano? E a comiss\u00e3o decidiu mandar analisar as vacinas que estavam sendo ministradas em v\u00e1rios pa\u00edses, entre os quais o M\u00e9xico. Bem, descobriu-se que na vacina tinham sido inseridas, em grandes quantidades, horm\u00f4nios que tornavam praticamente est\u00e9ril a popula\u00e7\u00e3o feminina. <\/p>\n<p>A prop\u00f3sito de vacinas, posso dar o exemplo da vacina contra a HPV (N. do T.: v\u00edrus do papiloma humano). Na It\u00e1lia tamb\u00e9m houve uma campanha exagerada: \u00e9 preciso vacinar todas as garotas pois \u00e9 o \u00fanico modo de se evitar o tumor no \u00fatero. Mas h\u00e1 uma grande dificuldade de correla\u00e7\u00e3o direta entre os diversos tipos de patologias de tumores no \u00fatero que existem e aquelas espec\u00edficas, provocadas por aquele tipo de v\u00edrus em particular, \u00e9 preciso tamb\u00e9m ter em mente que a experimenta\u00e7\u00e3o de uma vacina leva, geralmente, uma d\u00e9cada, para que se possa avaliar sua emiss\u00e3o no mercado. E nos EUA, o processo de experimenta\u00e7\u00e3o foi de pouqu\u00edssimos meses. Depois de que, foi concedida a autoriza\u00e7\u00e3o. A Merck, por exemplo, que distribui o Gardasil, uma das vacinas contra a HPV mais frequente e difundida, chegou ao ponto, em algumas de suas declara\u00e7\u00f5es, a afirmar a necessidade de se vacinar tamb\u00e9m a popula\u00e7\u00e3o masculina. Que, pela l\u00f3gica, tem uma \u201cenorme probabilidade de contrair um tumor no \u00fatero\u201d&#8230; <\/p>\n<p><a href=\"http:\/\/imediata.org\/wp-content\/uploads\/2014\/04\/Bill-Gates-Vaccines.jpg\"><img loading=\"lazy\" decoding=\"async\" src=\"http:\/\/imediata.org\/wp-content\/uploads\/2014\/04\/Bill-Gates-Vaccines-300x230.jpg\" alt=\"Bill-Gates-Vaccines\" width=\"300\" height=\"230\" class=\"aligncenter size-medium wp-image-5145\" srcset=\"https:\/\/imediata.org\/wp-content\/uploads\/2014\/04\/Bill-Gates-Vaccines-300x230.jpg 300w, https:\/\/imediata.org\/wp-content\/uploads\/2014\/04\/Bill-Gates-Vaccines-71x55.jpg 71w, https:\/\/imediata.org\/wp-content\/uploads\/2014\/04\/Bill-Gates-Vaccines-60x45.jpg 60w, https:\/\/imediata.org\/wp-content\/uploads\/2014\/04\/Bill-Gates-Vaccines.jpg 391w\" sizes=\"auto, (max-width: 300px) 100vw, 300px\" \/><\/a><\/p>\n<p>Agora os pediatras s\u00e3o pagos para que o n\u00famero de vacina\u00e7\u00f5es aumente e cres\u00e7a. Em alguns casos s\u00e3o vacinas n\u00e3o obrigat\u00f3rias, ou superficiais, em outros casos, e recentemente vi a FEDERANZIANI (N do T.: funda\u00e7\u00e3o italiana dirigida aos idosos) promovendo campanha para a vacina\u00e7\u00e3o de toda a popula\u00e7\u00e3o idosa, al\u00e9m dos 65 anos, contra o pneumococo. Fazendo uma breve pesquisa sobre quem financia a FEDERANZIANI, vemos que ela \u00e9 financiada pelas mesmas ind\u00fastrias farmac\u00eauticas que obt\u00e9m lucros com a venda dessas vacinas. Assim, al\u00e9m do controle da popula\u00e7\u00e3o, tamb\u00e9m em termos de redu\u00e7\u00e3o dessa popula\u00e7\u00e3o, h\u00e1 uma constante dela\u00e7\u00e3o do ponto de vista farmac\u00eautico, do ponto de vista do \u201cchamado\u201d setor da Sa\u00fade, e tamb\u00e9m do ponto de vista da filantropia \u2013 as vacina\u00e7\u00f5es sendo feitas em pa\u00edses onde h\u00e1 crian\u00e7as que morrem de fome. Ou na pr\u00f3pria Gr\u00e9cia, onde os Medecins Sans Fronti\u00e8res, como outras organiza\u00e7\u00f5es internacionais, agem vacinando obrigatoriamente todas as crian\u00e7as que, coitadas n\u00e3o t\u00eam com o que matar a fome por causa da crise.<\/p>\n<p>Percebemos como tudo ocorre por meio de instrumentaliza\u00e7\u00e3o e sem que n\u00f3s fiquemos sabendo. Mas da\u00ed interv\u00e9m a m\u00eddia, dizendo que h\u00e1 uma pandemia su\u00edna e que, portanto, precisamos nos defender. E assim nos tornamos instrumentos e v\u00edtimas de uma verdadeira guerra conduzida pela elite global contra a humanidade.<\/p>\n<p>As cifras falam claro. A China tem a popula\u00e7\u00e3o numericamente mais elevada e se, portanto al\u00e9m de um bilh\u00e3o, um bilh\u00e3o e meio, um bilh\u00e3o e setecentos milh\u00f5es de pessoas t\u00eam filhos, \u00e9 evidente que para cada casal, mesmo com apenas um filho, haver\u00e1 um constante aumento da popula\u00e7\u00e3o. \u00c9 verdade tamb\u00e9m que na China, assim como em outros pa\u00edses: Ucr\u00e2nia, Peru, foram colocados em pr\u00e1tica verdadeiros planos de redu\u00e7\u00e3o da popula\u00e7\u00e3o. Em primeiro lugar, no que diz respeito \u00e0s crian\u00e7as de sexo feminino, e depois, numericamente, com a pol\u00edtica de no m\u00e1ximo um filho por casal. O problema da pol\u00edtica do n\u00famero de filhos numa popula\u00e7\u00e3o j\u00e1 muito abundante tamb\u00e9m remete \u00e0 \u00f3tica dos planos de controle da popula\u00e7\u00e3o mundial. <\/p>\n<p>Querem justamente uma redu\u00e7\u00e3o, um corte, um controle dr\u00e1stico \u2013 e aqui, volto ao Memorando n\u00ba 200 do Kissinger de 1974 \u2013  para satisfazer, literalmente, a necessidade por parte dos EUA, de intervir em todos os pa\u00edses onde aquelas que eram definidas \u201cbombas demogr\u00e1ficas\u201d pudessem colocar em risco os interesses econ\u00f4micos dos EUA. <\/p>\n<p><a href=\"http:\/\/imediata.org\/wp-content\/uploads\/2014\/04\/314173_338468946251735_1286940936_n.jpg\"><img loading=\"lazy\" decoding=\"async\" src=\"http:\/\/imediata.org\/wp-content\/uploads\/2014\/04\/314173_338468946251735_1286940936_n.jpg\" alt=\"314173_338468946251735_1286940936_n\" width=\"264\" height=\"300\" class=\"aligncenter size-full wp-image-5146\" srcset=\"https:\/\/imediata.org\/wp-content\/uploads\/2014\/04\/314173_338468946251735_1286940936_n.jpg 264w, https:\/\/imediata.org\/wp-content\/uploads\/2014\/04\/314173_338468946251735_1286940936_n-48x55.jpg 48w\" sizes=\"auto, (max-width: 264px) 100vw, 264px\" \/><\/a><\/p>\n<p>Assim, n\u00e3o falamos mais de como equilibrar nossos consumos. E \u00e9 disso que dever\u00edamos estar falando. Como equilibrar nossas vidas, nossas necessidades afetivas, nossas necessidades reais com aquilo que este planeta pode nos dar, nas diversas \u00e1reas, nas diversas zonas. Precisar\u00edamos trabalhar no sentido de um equil\u00edbrio dos recursos que existem e n\u00e3o em como tornar aqueles pa\u00edses, todos os pa\u00edses, devoradores de energia, de recursos, de mat\u00e9rias-primas, consumidores \u2013 como querem os EUA. <\/p>\n<p><a href=\"http:\/\/imediata.org\/wp-content\/uploads\/2014\/04\/consumerism.jpg\"><img loading=\"lazy\" decoding=\"async\" src=\"http:\/\/imediata.org\/wp-content\/uploads\/2014\/04\/consumerism-300x198.jpg\" alt=\"consumerism\" width=\"300\" height=\"198\" class=\"aligncenter size-medium wp-image-5147\" srcset=\"https:\/\/imediata.org\/wp-content\/uploads\/2014\/04\/consumerism-300x198.jpg 300w, https:\/\/imediata.org\/wp-content\/uploads\/2014\/04\/consumerism-83x55.jpg 83w, https:\/\/imediata.org\/wp-content\/uploads\/2014\/04\/consumerism.jpg 468w\" sizes=\"auto, (max-width: 300px) 100vw, 300px\" \/><\/a><\/p>\n<p>H\u00e1 um paradoxo estadunidense, que \u00e9 o paradigma do consumo. N\u00f3s n\u00e3o valemos mais porque somos pessoas, indiv\u00edduos, pelas nossas potencialidades, por aquilo que sabemos fazer, pelas coisas que nos apaixonam. N\u00e3o. Valemos porque consumimos e devemos consumir cada vez mais. Da\u00ed o paradoxo do PIB, do Produto Interno Bruto, que precisa ser aumentado a todo custo. E no fim, encontramos o her\u00f3i do PIB, que poderia ser descrito como um doente terminal com tumor, enfrentando um processo de div\u00f3rcio e que bate seu carro enquanto vai ao trabalho. Esse indiv\u00edduo \u00e9 um her\u00f3i do PIB porque faz girar a economia. Quem mais que ele precisa de advogados, funileiro, m\u00e9dicos, f\u00e1rmacos&#8230; esse \u00e9 um que faz girar a economia&#8230; J\u00e1 o bandido da economia \u00e9 aquele que talvez \u00e9 volunt\u00e1rio, se relaciona com os outros, cultiva em seu horto as verduras de que necessita, vai trabalhar de bicicleta ou com os meios de transporte p\u00fablicos, instala dispositivos de economia energ\u00e9tica na pr\u00f3pria casa&#8230; esse \u00e9 um bandido. <\/p>\n<p>\u00c9 esse o condicionamento que nos inculcaram. Aqui e em todas as partes, tamb\u00e9m nos pa\u00edses chamados em vias de desenvolvimento. \u00c9 preciso consumir, consumir cada vez mais, sem se pensar nas consequ\u00eancias. Esse consumo levado ao extremo e baseado nas necessidades irreais, que s\u00e3o artificialmente criadas, \u00e9 que somos levados a favorecer. Seguindo um mecanismo psicol\u00f3gico do qual nos mant\u00eam escravos, acabamos alimentando seu circuito perverso, doentio e assassino segundo o qual \u00e9 preciso exterminar a popula\u00e7\u00e3o mundial.<\/p>\n<p>Pensando na It\u00e1lia, se a popula\u00e7\u00e3o italiana, ao inv\u00e9s de amaldi\u00e7oar cada vez que precisa fazer as contas com bombas d\u2019\u00e1gua,  fen\u00f4menos meteorol\u00f3gicos sempre mais frequentes e, portanto, com desmoronamentos, alagamentos, per\u00edodos de seca que devastam as colheitas&#8230;. perguntassem o que ocorre acima de suas cabe\u00e7as&#8230;. e, novamente, h\u00e1 uma s\u00e9rie de pessoas que pertencem sempre \u00e0 mesma elite ou que colaboram com essa elite feita de multinacionais e de estreitas rela\u00e7\u00f5es com os governos&#8230; se ela soubesse que est\u00e1 ocorrendo uma verdadeira \u201cexperimenta\u00e7\u00e3o de modifica\u00e7\u00e3o clim\u00e1tica\u201d (conforme eles a definem) autorizada, financiada e, em alguns casos, at\u00e9 paga com o nosso dinheiro, apesar da crise, justamente para tentar mudar o clima, E, como explicam os \u201cespecialistas\u201d em  modifica\u00e7\u00e3o meteorol\u00f3gica, que fazem parte, por exemplo, da Organiza\u00e7\u00e3o Mundial de Meteorologia, uma ag\u00eancia da ONU&#8230; procura-se intervir de algum modo, lan\u00e7ando metais pesados atrav\u00e9s da chamada \u201cinsemina\u00e7\u00e3o da nuvens\u201d, com aeross\u00f3is lan\u00e7ados na atmosfera para a cria\u00e7\u00e3o ou a absor\u00e7\u00e3o das nuvens, para que chova mais ou n\u00e3o chova.<\/p>\n<p><a href=\"http:\/\/imediata.org\/wp-content\/uploads\/2014\/04\/chemtrail-tinfoil-hats_dees-326x159.jpg\"><img loading=\"lazy\" decoding=\"async\" src=\"http:\/\/imediata.org\/wp-content\/uploads\/2014\/04\/chemtrail-tinfoil-hats_dees-326x159-300x146.jpg\" alt=\"chemtrail-tinfoil-hats_dees-326x159\" width=\"300\" height=\"146\" class=\"aligncenter size-medium wp-image-5148\" srcset=\"https:\/\/imediata.org\/wp-content\/uploads\/2014\/04\/chemtrail-tinfoil-hats_dees-326x159-300x146.jpg 300w, https:\/\/imediata.org\/wp-content\/uploads\/2014\/04\/chemtrail-tinfoil-hats_dees-326x159-112x55.jpg 112w, https:\/\/imediata.org\/wp-content\/uploads\/2014\/04\/chemtrail-tinfoil-hats_dees-326x159.jpg 326w\" sizes=\"auto, (max-width: 300px) 100vw, 300px\" \/><\/a> <\/p>\n<p>Brincar de Deus mudando o clima tem consequ\u00eancias pesad\u00edssimas. E podemos constatar isso, do ponto de vista clim\u00e1tico, assim como da produ\u00e7\u00e3o agr\u00edcola, daquilo que bebemos e daquilo que comemos. E do ac\u00famulo, em nosso organismo, de subst\u00e2ncias t\u00f3xicas como o ac\u00famulo de metais pesados.<\/p>\n<p>As indica\u00e7\u00f5es que nos chegam a respeito do t\u00e9rmino e da distor\u00e7\u00e3o de h\u00e1bitos alimentares, h\u00e1bitos de vida, de costume e de tradi\u00e7\u00e3o est\u00e3o conformes \u00e0 \u00f3tica desse planejamento para v\u00e1rias d\u00e9cadas no sentido de reduzir a popula\u00e7\u00e3o mundial. Lembro, por exemplo, no \u00faltimo ver\u00e3o, um programa de tev\u00ea assustador afirmando que somos em n\u00famero demasiado e que, portanto, a popula\u00e7\u00e3o mundial precisa ser reduzida. Isso num programa leve, de \u201cvariedades\u201d, onde se afirmava que esse fato precisa ser aceito por toda a opini\u00e3o p\u00fablica: a morte de uma parte da popula\u00e7\u00e3o. \u201cMors tua. Vita mea.\u201d Um dos exemplos que posso dar \u00e9 o do Atlas da escola prim\u00e1ria que todos t\u00ednhamos e que no fim indicava o crescimento exponencial da popula\u00e7\u00e3o mundial. Segundo aquele Atlas, hoje dever\u00edamos ser 12 bilh\u00f5es de pessoas, e em poucos anos ter\u00edamos chegado a 20 bilh\u00f5es. <\/p>\n<p>O incremento previsto n\u00e3o ocorreu. Mas mesmo pensando com o cinismo deles, ou seja, um c\u00e1lculo meramente matem\u00e1tico: a popula\u00e7\u00e3o \u00e9 muito numerosa e, portanto, uma parte dela deve morrer, na realidade \u00e9 f\u00e1cil destruir essa constru\u00e7\u00e3o artificial. Pois n\u00e3o \u00e9 que somos em demasia relativamente a este planeta. \u00c9 o tipo de consumo que eles querem, a nossa escravid\u00e3o como consumidores que nos constringe a entrar na \u00f3tica perversa do \u201cprecisamos exterminar a popula\u00e7\u00e3o mundial, abat\u00ea-la, reduzi-la drasticamente\u201d.<\/p>\n<p>O site da analista, ativista, tradutora e escritora Monia Benini \u00e9: <a href=\"http:\/\/testelibere.it\/\">http:\/\/testelibere.it\/<\/a><\/strong><\/p>\n","protected":false},"excerpt":{"rendered":"<p>&#8220;Exterm\u00ednio secreto&#8221; &#8211; v\u00eddeo-entrevista de Monia Benini Transcri\u00e7\u00e3o traduzida: Mario S. Mieli Quis tra\u00e7ar, do ponto de vista rigorosamente documental, portanto, com documentos originais, materiais que foram desclassificados, o que foi, literalmente, um planejamento, e repito, iniciada v\u00e1rias d\u00e9cadas atr\u00e1s, para se chegar \u00e0 redu\u00e7\u00e3o da popula\u00e7\u00e3o mundial, segundo seus realizadores, para se chegar a [&hellip;]<\/p>\n","protected":false},"author":1,"featured_media":0,"comment_status":"open","ping_status":"open","sticky":false,"template":"","format":"standard","meta":{"footnotes":""},"categories":[5,2256,9],"tags":[2888,2886,146,2884,2883,2891,2892,2889,2887,95,2882,2890,2885],"class_list":["post-5141","post","type-post","status-publish","format-standard","hentry","category-biodiversidade-imediata","category-imundo","category-lance-de-dados","tag-aga-khan","tag-bill-gates","tag-consumismo","tag-controle-da-populacao","tag-exterminio-secreto","tag-fundacao-rockefeller","tag-george-soros","tag-gerogia-guidestobes","tag-henry-kissinger","tag-mario-s-mieli","tag-monia-benini","tag-reducao-da-populacao-terrestre","tag-vacinacao"],"_links":{"self":[{"href":"https:\/\/imediata.org\/index.php?rest_route=\/wp\/v2\/posts\/5141","targetHints":{"allow":["GET"]}}],"collection":[{"href":"https:\/\/imediata.org\/index.php?rest_route=\/wp\/v2\/posts"}],"about":[{"href":"https:\/\/imediata.org\/index.php?rest_route=\/wp\/v2\/types\/post"}],"author":[{"embeddable":true,"href":"https:\/\/imediata.org\/index.php?rest_route=\/wp\/v2\/users\/1"}],"replies":[{"embeddable":true,"href":"https:\/\/imediata.org\/index.php?rest_route=%2Fwp%2Fv2%2Fcomments&post=5141"}],"version-history":[{"count":1,"href":"https:\/\/imediata.org\/index.php?rest_route=\/wp\/v2\/posts\/5141\/revisions"}],"predecessor-version":[{"id":5150,"href":"https:\/\/imediata.org\/index.php?rest_route=\/wp\/v2\/posts\/5141\/revisions\/5150"}],"wp:attachment":[{"href":"https:\/\/imediata.org\/index.php?rest_route=%2Fwp%2Fv2%2Fmedia&parent=5141"}],"wp:term":[{"taxonomy":"category","embeddable":true,"href":"https:\/\/imediata.org\/index.php?rest_route=%2Fwp%2Fv2%2Fcategories&post=5141"},{"taxonomy":"post_tag","embeddable":true,"href":"https:\/\/imediata.org\/index.php?rest_route=%2Fwp%2Fv2%2Ftags&post=5141"}],"curies":[{"name":"wp","href":"https:\/\/api.w.org\/{rel}","templated":true}]}}