{"id":5135,"date":"2014-04-15T13:49:11","date_gmt":"2014-04-15T13:49:11","guid":{"rendered":"http:\/\/imediata.org\/?p=5135"},"modified":"2014-04-15T14:45:19","modified_gmt":"2014-04-15T14:45:19","slug":"hotel-gramsci-por-diego-fusaro","status":"publish","type":"post","link":"https:\/\/imediata.org\/?p=5135","title":{"rendered":">> iMundo 18: Hotel Gramsci, por Diego Fusaro"},"content":{"rendered":"<p><a href=\"http:\/\/imediata.org\/wp-content\/uploads\/2014\/04\/035253392-9747203d-e376-47f6-8231-203539c00b40.jpg\"><img loading=\"lazy\" decoding=\"async\" src=\"http:\/\/imediata.org\/wp-content\/uploads\/2014\/04\/035253392-9747203d-e376-47f6-8231-203539c00b40-300x200.jpg\" alt=\"035253392-9747203d-e376-47f6-8231-203539c00b40\" width=\"300\" height=\"200\" class=\"aligncenter size-medium wp-image-5137\" srcset=\"https:\/\/imediata.org\/wp-content\/uploads\/2014\/04\/035253392-9747203d-e376-47f6-8231-203539c00b40-300x200.jpg 300w, https:\/\/imediata.org\/wp-content\/uploads\/2014\/04\/035253392-9747203d-e376-47f6-8231-203539c00b40-82x55.jpg 82w, https:\/\/imediata.org\/wp-content\/uploads\/2014\/04\/035253392-9747203d-e376-47f6-8231-203539c00b40.jpg 990w\" sizes=\"auto, (max-width: 300px) 100vw, 300px\" \/><\/a><\/p>\n<p><strong>Hotel Gramsci<\/strong><\/p>\n<p><strong>Por: Diego Fusaro<br \/>\nFonte: <a href=\"http:\/\/www.lospiffero.com\/cronache-marxiane\/hotel-gramsci-15981.html\">Lo Spiffero<\/a> 14\/04\/2014<br \/>\nVia: <a href=\"http:\/\/www.comedonchisciotte.org\/site\/modules.php?name=News&#038;file=article&#038;sid=13234\">Come Don Chisciotte<\/a><br \/>\nTradu\u00e7\u00e3o: Mario S. Mieli<\/p>\n<p>O hotel de luxo de cinco andares surgir\u00e1 no centro de Turim, na Pra\u00e7a Carlo Emanuele, e se chamar\u00e1 Hotel Gramsci. Surgir\u00e1 das cinzas da casa em que Antonio Gramsci residiu de 1919 a 1921, fundando o \u201cOrdine Nuovo\u201d e, lan\u00e7ando, assim, as bases do futuro Partido Comunista Italiano. N\u00e3o conhe\u00e7o, pessoalmente, uma maneira melhor para descrever a hist\u00f3ria da esquerda italiana: a passagem da nobre figura de Antonio Gramsci para um hotel de luxo a ele dedicado, com todo o apoio da esquerda da cidade.<\/p>\n<p>\u00c9 o emblema da involu\u00e7\u00e3o da esquerda, o tragic\u00f4mico evento da \u201cgrande serpente metam\u00f3rfica PCI-PDS-DS-PD\u201d (a defini\u00e7\u00e3o \u00e9 de Costanzo Preve): nela, \u00e9 poss\u00edvel ler, em filigrana, uma dial\u00e9tica de progressivo abandono no anticapitalismo e de gradual integra\u00e7\u00e3o, hoje tendo-se tornada total, com as l\u00f3gicas il\u00f3gicas do mercado divinizado por parte das for\u00e7as de esquerda. O Hotel Gramsci apresenta uma \u201csinistra\u201d (N.doT.: esquerda, em italiano) (!) analogia com o  Grande Hotel Abismo, de que falava Luk\u00e1cs em sua Destrui\u00e7\u00e3o da Raz\u00e3o. <\/p>\n<p>O paradoxo est\u00e1 no fato de que a esquerda, hoje, por um lado, herdou a jazida de consensos inerciais de legitima\u00e7\u00e3o pr\u00f3pria da val\u00eancia opositiva do agora defunto Partido Comunista e, por outro lado, n\u00e3o hesita em empreg\u00e1-los pontualmente, tendo em vista o deslocamento da gera\u00e7\u00e3o comunista dos anos \u201960 e \u201970 em dire\u00e7\u00e3o a uma gradual \u201cacultura\u00e7\u00e3o\u201d (secularista, relativista, individualista e sempre pronta a defender a teologia intervencionista dos direitos humanos) funcional \u00e0 soberania irrespons\u00e1vel da economia. Os m\u00faltiplos renegados, arrependidos e \u00faltimos homens que povoam as fileiras da esquerda se encontram improvisamente desprovidos de qualquer tipo de legitima\u00e7\u00e3o hist\u00f3rica e pol\u00edtica, mas ainda dotados de um grupo de seguidores identit\u00e1rios inercial a ser explorado como fonte de mobiliza\u00e7\u00e3o conservadora.   <\/p>\n<p>Por isso a esquerda continua inflexivelmente cultivando formas lit\u00fargicas herdadas da f\u00e9 ideol\u00f3gica precedente, no ato mesmo com o qual abdica completamente respeito ao pr\u00f3prio origin\u00e1rio esp\u00edrito de cis\u00e3o, aderindo \u00e0s l\u00f3gicas do capital em formas cada vez mais vulgares. Trata-se do tradicional zelo dos ne\u00f3fitos, ao qual, por outro lado \u2013 junto com os ritos de expia\u00e7\u00e3o \u2013 acrescenta-se o fato de que, sobre a cabe\u00e7a dos arrependidos, pende sempre a espada de D\u00e2mocles de seu passado comunista que, ainda que renegado, pode ser sempre exumado se as circunst\u00e2ncias o pedirem. <\/p>\n<p>Longo o plano inclinado que, da nobre figura de Antonio Gramsci leva a Massimo D\u2019Alema, em que tem sido consumado o tragic\u00f4mico tr\u00e2nsito da paix\u00e3o transformadora marxiana para o desencanto weberiano fundado na consci\u00eancia da morte de Deus, com anexa reconcilia\u00e7\u00e3o com o \u2018ordo\u2019 capital\u00edstico. Com os versos de Shakespeare, lilies that fester smell far worse than weeds: \u201cl\u00edrios que apodrecem cheirando muito pior que ervas daninhas\u201d.<br \/>\n<\/strong><\/p>\n<p>Ver tamb\u00e9m:<br \/>\n>> Amores Ins\u00f3litos 21 \u2013 ODEIO OS INDIFERENTES, por Antonio Gramsci, com leitura de Fiorella Mannoia e de Paolo e Luca, seguidos do filme \u201cA forma da mem\u00f3ria\u201d<br \/>\n<a href=\"http:\/\/imediata.org\/?p=2283\">http:\/\/imediata.org\/?p=2283<\/a><\/p>\n<p>>> Cinco minutos para ouvir sentida mensagem de Eric Hobsbawm a Antonio Gramsci<br \/>\n<a href=\"http:\/\/imediata.org\/?p=2721\">http:\/\/imediata.org\/?p=2721<\/a><\/p>\n","protected":false},"excerpt":{"rendered":"<p>Hotel Gramsci Por: Diego Fusaro Fonte: Lo Spiffero 14\/04\/2014 Via: Come Don Chisciotte Tradu\u00e7\u00e3o: Mario S. Mieli O hotel de luxo de cinco andares surgir\u00e1 no centro de Turim, na Pra\u00e7a Carlo Emanuele, e se chamar\u00e1 Hotel Gramsci. Surgir\u00e1 das cinzas da casa em que Antonio Gramsci residiu de 1919 a 1921, fundando o \u201cOrdine [&hellip;]<\/p>\n","protected":false},"author":1,"featured_media":0,"comment_status":"open","ping_status":"open","sticky":false,"template":"","format":"standard","meta":{"footnotes":""},"categories":[4,2256,9],"tags":[1290,2880,2879,2881,95],"class_list":["post-5135","post","type-post","status-publish","format-standard","hentry","category-al-manakh","category-imundo","category-lance-de-dados","tag-antonio-gramsci","tag-diego-fusaro","tag-hotel-gramsci","tag-involucao-da-esquerda","tag-mario-s-mieli"],"_links":{"self":[{"href":"https:\/\/imediata.org\/index.php?rest_route=\/wp\/v2\/posts\/5135","targetHints":{"allow":["GET"]}}],"collection":[{"href":"https:\/\/imediata.org\/index.php?rest_route=\/wp\/v2\/posts"}],"about":[{"href":"https:\/\/imediata.org\/index.php?rest_route=\/wp\/v2\/types\/post"}],"author":[{"embeddable":true,"href":"https:\/\/imediata.org\/index.php?rest_route=\/wp\/v2\/users\/1"}],"replies":[{"embeddable":true,"href":"https:\/\/imediata.org\/index.php?rest_route=%2Fwp%2Fv2%2Fcomments&post=5135"}],"version-history":[{"count":2,"href":"https:\/\/imediata.org\/index.php?rest_route=\/wp\/v2\/posts\/5135\/revisions"}],"predecessor-version":[{"id":5139,"href":"https:\/\/imediata.org\/index.php?rest_route=\/wp\/v2\/posts\/5135\/revisions\/5139"}],"wp:attachment":[{"href":"https:\/\/imediata.org\/index.php?rest_route=%2Fwp%2Fv2%2Fmedia&parent=5135"}],"wp:term":[{"taxonomy":"category","embeddable":true,"href":"https:\/\/imediata.org\/index.php?rest_route=%2Fwp%2Fv2%2Fcategories&post=5135"},{"taxonomy":"post_tag","embeddable":true,"href":"https:\/\/imediata.org\/index.php?rest_route=%2Fwp%2Fv2%2Ftags&post=5135"}],"curies":[{"name":"wp","href":"https:\/\/api.w.org\/{rel}","templated":true}]}}